{"id":5135,"date":"2025-11-12T00:29:30","date_gmt":"2025-11-11T21:29:30","guid":{"rendered":"https:\/\/zeleka.com\/?p=5135"},"modified":"2025-11-12T00:29:30","modified_gmt":"2025-11-11T21:29:30","slug":"caykarali-arastirmaci-yazar-ve-sair-mehmet-ibrahimagaoglu-bu-sefer-caykara-ilcesinin-genel-degerlendirmesinin-yer-aldigi-bir-yazi-ile-okuyuculari-ile-bulustu-sanat","status":"publish","type":"post","link":"https:\/\/zeleka.com\/?p=5135","title":{"rendered":"<div id=\"detaymetin\">                            <p>\u00c7aykara\u2019l\u0131 Ara\u015ft\u0131rmac\u0131 Yazar ve \u015eair Mehmet \u0130brahima\u011fao\u011flu bu sefer \u00c7aykara \u0130l\u00e7esinin genel de\u011ferlendirmesinin yer ald\u0131\u011f\u0131 bir yaz\u0131 ile okuyucular\u0131 ile bulu\u015ftu.<\/p><p>Sanat\u00e7\u0131n\u0131n Sosyal sorumlulu\u011fu kapsam\u0131"},"content":{"rendered":"<div id=\"detaymetin\">\n<p>\u00c7aykara\u2019l\u0131 Ara\u015ft\u0131rmac\u0131 Yazar ve \u015eair Mehmet \u0130brahima\u011fao\u011flu bu sefer \u00c7aykara \u0130l\u00e7esinin genel de\u011ferlendirmesinin yer ald\u0131\u011f\u0131 bir yaz\u0131 ile okuyucular\u0131 ile bulu\u015ftu.<\/p>\n<p>Sanat\u00e7\u0131n\u0131n Sosyal sorumlulu\u011fu kapsam\u0131nda \u00e7ok say\u0131da yaz\u0131 ve \u015fiir ile okuyucular\u0131na yol g\u00f6stermeye \u00e7al\u0131\u015fan \u015eair \u0130brahima\u011fao\u011flu bu defa tespitleri ve g\u00fczel \u015fiiri ile okuyucular\u0131na \u00c7aykara \u0130l\u00e7esi ile ilgili farkl\u0131 bir pencere a\u00e7maya \u00e7al\u0131\u015ft\u0131.<\/p>\n<p>\u0130\u015fte \u0130brahima\u011fao\u011flu\u2019nun o g\u00fczel payla\u015f\u0131m\u0131:<\/p>\n<p>\u00c7AYKARA.<\/p>\n<p>\u00c7aykara l\u0131 denince akla,<\/p>\n<p>*\u0130lim gelir<\/p>\n<p>*Samimiyet gelir,<\/p>\n<p>*Onur gelir,<\/p>\n<p>*Ahlak gelir,<\/p>\n<p>*\u00c7al\u0131\u015fkanl\u0131k gelir,<\/p>\n<p>*Ahde vefa gelir,<\/p>\n<p>*G\u00fcven gelir,<\/p>\n<p>*Vatan gelir,<\/p>\n<p>*K\u0131saca \u0130nsan gelir.<\/p>\n<p>\u00c7aykara denince akla<\/p>\n<p>*\u0130ki da\u011f\u0131n aras\u0131 gelir,<\/p>\n<p>*Solakl\u0131 gelir,<\/p>\n<p>*Hadi pazar\u0131 gelir<\/p>\n<p>*Yaylalar gelir,<\/p>\n<p>*Uzung\u00f6l gelir,<\/p>\n<p>*Derebe\u015f\u0131 virajlar\u0131 gelir,<\/p>\n<p>*Sultanmurat gelir,<\/p>\n<p>*Verimsiz k\u0131rsal topraklar gelir.<\/p>\n<p>*K\u0131saca ,Of dan ba\u015flay\u0131p So\u011fanl\u0131 da\u011f\u0131 eteklerine uzanan ve i\u00e7inde sadece insan yeti\u015fen\u00a0 dar bir vadi gelir.<\/p>\n<p>.<\/p>\n<p>Benim akl\u0131ma d\u00fc\u015fen daha \u00f6nemli konular var hat\u0131rlat\u0131lmas\u0131 gereken.<\/p>\n<p>*Bu iktidar d\u00f6neminde bakan\u0131 olan,her bakanl\u0131kta en \u00fcst d\u00fczeyde birden fazla b\u00fcrokrat\u0131 olan n\u00fcfus oran\u0131na g\u00f6re ilk be\u015fe giren il\u00e7edir \u00c7aykara.<\/p>\n<p>*\u0130lk ve orta \u00f6\u011fretim d\u00fczeyinde b\u00f6lgesinde her zaman ba\u015far\u0131y\u0131 yakalayan ilim p\u0131nar\u0131d\u0131r \u00c7aykara.<\/p>\n<p>*T\u00fcrkiye&#8217;de tabelas\u0131 olup y\u00fcksek okulu olmayan,e\u011fitim d\u00fczeyi \u00e7ok y\u00fcksek il\u00e7edir \u00c7aykara<\/p>\n<p>*Trabzon&#8217;da do\u011falgaz hizmetini vatanda\u015f\u0131na sunamayan say\u0131l\u0131 il\u00e7elerden biridir \u00c7aykara.<\/p>\n<p>*K\u0131saca n\u00fcfusu az ama \u00f6zg\u00fcl a\u011f\u0131rl\u0131\u011f\u0131 \u00e7ok fazla olan \u015firin bir kasabad\u0131r \u00c7aykara<\/p>\n<p>il\u00e7enin kurulu\u015fundan\u00a0g\u00fcn\u00fcm\u00fcze \u00fcniversite tahsili g\u00f6ren ihtiya\u00e7l\u0131 her \u00c7aykara l\u0131 \u00f6\u011frenciye burs veren tek il\u00e7edir \u00c7aykara.<\/p>\n<p>*Yazlar\u0131 n\u00fcfusu y\u00fcz binlere ula\u015fan ,k\u0131\u015flar\u0131 binlere d\u00fc\u015fen,i\u015f ve \u00e7al\u0131\u015fma alan\u0131 olmayan ya\u015fl\u0131 ki\u015filerin ya\u015fad\u0131\u011f\u0131 defin merkezidir \u00c7aykara.<\/p>\n<p>Maalesef durum bundan ibaret.Yetmi\u015f alt\u0131 y\u0131ld\u0131r herkes b\u00f6yle bilir \u00c7aykara&#8217;y\u0131.D\u0131\u015farda b\u00f6yle bahsedilir \u00c7aykara&#8217;dan.Gelin el ele verin de bu \u00f6zg\u00fcl a\u011f\u0131rl\u0131\u011f\u0131 yerle yeksan etmeyin.Allah a\u015fk\u0131na kendinize \u00f6rnek al\u0131n bu topraklara ve insan\u0131na sahip \u00e7\u0131kan \u00c7aykara sevdal\u0131lar\u0131n\u0131.Elinizde imkan arkan\u0131zda g\u00fc\u00e7 ver iken kendinizi bu alt\u0131n de\u011ferindeki zincirin halkalar\u0131na eklemeye \u00e7al\u0131\u015f\u0131n.Makamlar ve servet bir kap\u0131da kalmaz derdi b\u00fcy\u00fcklerimiz.Hayat\u0131n r\u00f6van\u015f\u0131 yok.<\/p>\n<p>Bu topraklarda sebze yeti\u015fmez,meyve yeti\u015fmez ama insan yeti\u015fir derler.<\/p>\n<p>Evet do\u011frudur.Okutup yeti\u015ftirdiklerimiz ve\u00a0<\/p>\n<p>y\u00f6netime ortak ettiklerimiz geri bak\u0131p<\/p>\n<p>do\u011fup b\u00fcy\u00fct\u00fckleri topraklara nas\u0131l katk\u0131 sa\u011fl\u0131yorlar.Ellerindeki imkanlar\u0131 kullan\u0131rken \u00f6nceliklerini nas\u0131l de\u011ferlediriyorlar bakmak laz\u0131m.<\/p>\n<p>\u00c7aykara \u00e7ok de\u011ferli insanlar yeti\u015ftirdi bu \u00fclkeye.Vatan\u0131n\u0131 ve milletini seven,b\u00fcy\u00fcd\u00fc\u011f\u00fc b\u00f6lgenin insan\u0131na her \u015fartta ku\u00e7ak a\u00e7an bu k\u0131ymetleri unutmam\u0131z m\u00fcmk\u00fcn m\u00fc?<\/p>\n<p>Bu k\u00fc\u00e7\u00fck il\u00e7eden cumhurba\u015fkan\u0131 da \u00e7\u0131kt\u0131,pa\u015fa da yeti\u015fti .Bakan da oldu,m\u00fc\u015ftesarda.Genel m\u00fcd\u00fcrde.Bug\u00fcn hepsinden daha fazlas\u0131 var Ankara&#8217;da.Ama bana arkas\u0131na d\u00f6n\u00fcp bakmayan,ge\u00e7mi\u015fini inkar eden bakan da, genel m\u00fcd\u00fcr de,zengin de laz\u0131m de\u011fil.Bize bakanl\u0131kta m\u00fc\u015favir olarak \u00e7al\u0131\u015fan makam\u0131 k\u00fc\u00e7\u00fck memleket sevdas\u0131 b\u00fcy\u00fck Fatma Akta\u015f,Bana Ali R\u0131za Uzuner ve Ey\u00fcp A\u015f\u0131k gibi bakanlar,Cemal Ak\u0131n ve Sabahattin Kalyoncuo\u011flu gibi genel m\u00fcd\u00fcrler,Ya\u015far Yaz\u0131c\u0131o\u011flu ve Ali Naci Tuncer\u00a0 gibi\u00a0 m\u00fc\u015fte\u015farlar,Kemal Yaz\u0131c\u0131o\u011flu gibi vali,Burhan K\u0131ro\u011flu gibi personel m\u00fcd\u00fcr\u00fc laz\u0131m.Korkusuz,kararl\u0131, idealist ve \u00c7aykara sevdal\u0131s\u0131.B\u00f6lgesine yat\u0131r\u0131m yapmayan zengini ben neyleyeyim.Bu \u00fclkede ilk be\u015fe girecek zenginlerimiz var ama \u00c7aykara&#8217;da bir yat\u0131r\u0131m\u0131 yok.Ne i\u015fe yararlar.\u00c7\u0131ks\u0131n i\u00e7lerinden biri y\u00fcksek okulu yaps\u0131n \u00c7aykara&#8217;ya.Talimat versin bakan\u0131m\u0131z Dernekpazar\u0131,\u00c7aykara ve Uzung\u00f6l do\u011falgaza kavu\u015fsun.Bana Mehmet Niyazo\u011flu gibi, Mustafa Nuho\u011flu\u00a0 gibi g\u00f6nl\u00fc zengin,hem\u015fehrisinin y\u00fcz\u00fcne bakan,yard\u0131m\u0131na ko\u015fan i\u015f adamlar\u0131 laz\u0131m.Bu zenginlerimizi \u00c7aykara&#8217;da yat\u0131r\u0131m yapmak i\u00e7in ikna edecek,onlara proje sunacak yerel y\u00f6netici ve idarecilerde en az onlar kadar sorumludur.\u00a0 Gayr\u0131s\u0131 yalan&#8230;<\/p>\n<p>\u015eunu da s\u00f6ylemem laz\u0131m.Aram\u0131zda \u00e7ok isimsiz de\u011ferler var \u00fclkenin de\u011fi\u015fik illerinde,de\u011fi\u015fik kurumlarda g\u00f6revli.<\/p>\n<p>Valilerimiz,\u00a0<\/p>\n<p>kaymakamlar\u0131m\u0131z,<\/p>\n<p>genel m\u00fcd\u00fcrlerimiz,<\/p>\n<p>ba\u015fhekimlerimiz<\/p>\n<p>doktorlar\u0131m\u0131z,<\/p>\n<p>gen\u00e7 i\u015f adamlar\u0131m\u0131z var b\u00f6lgesinin insan\u0131na kap\u0131s\u0131 ve telefonu her zaman a\u00e7\u0131k olan.Bunlar\u0131n isimlerini tek tek yazmak m\u00fcmk\u00fcn degil.Onlar\u0131n hepsine ayr\u0131 ayr\u0131 te\u015fekk\u00fcr bor\u00e7luyuz.Bu de\u011ferler tarihin sayfalar\u0131na alt\u0131n harflerle yaz\u0131lacakt\u0131r.<\/p>\n<p>\u00c7aykara l\u0131 olmak bir ayr\u0131cal\u0131kt\u0131r.<\/p>\n<p>\u00c7aykara n\u0131n \u00fcst\u00fcne siyaset olmaz.<\/p>\n<p>Ortak ve odak noktam\u0131zd\u0131r.<\/p>\n<p>G\u00f6nl\u00fcm\u00fc koyarak anlatsam seni<\/p>\n<p>B\u00fct\u00fcn y\u00f6nlerinle tan\u0131tsam seni<\/p>\n<p>Ba\u015f\u0131m\u0131n tac\u0131s\u0131n b\u0131rakmam seni<\/p>\n<p>Ata topra\u011f\u0131ms\u0131n can\u0131m \u00c7AYKARA\u2019m<\/p>\n<p>D\u00f6rt da\u011f aras\u0131nda minik bir il\u00e7e<\/p>\n<p>\u0130\u00e7inden Solakl\u0131 akar sessizce<\/p>\n<p>K\u0131\u015f arkada kal\u0131p, bahar gelince<\/p>\n<p>\u015eenlenirsin can\u0131m, g\u00fczel \u00c7AYKARA\u2019m.<\/p>\n<p>\u0130nsan\u0131n savrulmu\u015f da nerden nere<\/p>\n<p>Nam salm\u0131\u015f, g\u00fc\u00e7 vermi\u015f gitti\u011fi yere<\/p>\n<p>K\u0131r\u0131khan, Hamsik\u00f6y, Van, D\u00f6nerdere<\/p>\n<p>Vatan olmu\u015f sana can\u0131m \u00c7AYKARA\u2019m.<\/p>\n<p>Ne zenginler yeti\u015ftirdin \u00fclkeye<\/p>\n<p>Ne yapm\u0131\u015flar do\u011fduklar\u0131 b\u00f6lgeye<\/p>\n<p>Gidenlerden d\u00f6nen yok ki geriye<\/p>\n<p>Defin merkezine d\u00f6nd\u00fcn \u00c7AYKARA\u2019m.<\/p>\n<p>E\u011fitim denince akla gelen sen<\/p>\n<p>Y\u00fcksek okulsuz tek il\u00e7esin sen<\/p>\n<p>Onurum, gururum, hayat\u0131ms\u0131n sen<\/p>\n<p>Sahipsiz de\u011filsin can\u0131m \u00c7AYKARA\u2019m.<\/p>\n<p>Seni candan seven. nerde kim varsa<\/p>\n<p>Hep ele ele verip aya\u011fa kalksa<\/p>\n<p>Her y\u00f6n\u00fc ile bir katk\u0131 sa\u011flasa<\/p>\n<p>Belki biraz daha b\u00fcy\u00fcr \u00c7AYKARA\u2019m.<\/p>\n<p>Senin g\u00fczelli\u011fin do\u011fu\u015ftan m\u0131d\u0131r ?<\/p>\n<p>Terbiyen, ahlak\u0131n suyundan m\u0131d\u0131r ?<\/p>\n<p>Nesillerin ATA soyundan m\u0131d\u0131r ?<\/p>\n<p>Gurur kayna\u011f\u0131m g\u00fczel \u00c7AYKARA\u2019m.<\/p>\n<p>Ba\u011fr\u0131ndan yeti\u015fmi\u015f nice de\u011ferler<\/p>\n<p>\u0130nsan sevgisine de\u011fer verenler<\/p>\n<p>\u00dclkeyi y\u00f6netir b\u00f6yle cevherler<\/p>\n<p>Hep senin eserin can\u0131m \u00c7AYKARA\u2019m.<\/p>\n<p>\u00dclkenin dilinde nam\u0131n, \u015f\u00f6hretin<\/p>\n<p>Uzung\u00f6l koynunda do\u011fal cennetin<\/p>\n<p>Her ge\u00e7en g\u00fcn katlan\u0131yor k\u0131ymetin<\/p>\n<p>Turizm beldesi naif \u00c7AYKARA\u2019m<\/p>\n<p>Mehmet \u0130BRAH\u0130MA\u011eAO\u011eLU<\/p>\n<p>          <\/div>\n","protected":false},"excerpt":{"rendered":"<p>\u00c7aykara\u2019l\u0131 Ara\u015ft\u0131rmac\u0131 Yazar ve \u015eair Mehmet \u0130brahima\u011fao\u011flu bu sefer \u00c7aykara \u0130l\u00e7esinin genel de\u011ferlendirmesinin yer ald\u0131\u011f\u0131 bir yaz\u0131 ile okuyucular\u0131 ile bulu\u015ftu. Sanat\u00e7\u0131n\u0131n Sosyal sorumlulu\u011fu kapsam\u0131nda \u00e7ok say\u0131da yaz\u0131 ve \u015fiir ile okuyucular\u0131na yol g\u00f6stermeye \u00e7al\u0131\u015fan \u015eair \u0130brahima\u011fao\u011flu bu defa tespitleri ve g\u00fczel \u015fiiri ile okuyucular\u0131na \u00c7aykara \u0130l\u00e7esi ile ilgili farkl\u0131 bir pencere a\u00e7maya \u00e7al\u0131\u015ft\u0131. \u0130\u015fte [&hellip;]<\/p>\n","protected":false},"author":1,"featured_media":5136,"comment_status":"open","ping_status":"open","sticky":false,"template":"","format":"standard","meta":{"tdm_status":"","tdm_grid_status":"","footnotes":""},"categories":[40],"tags":[],"class_list":{"0":"post-5135","1":"post","2":"type-post","3":"status-publish","4":"format-standard","5":"has-post-thumbnail","7":"category-caykara"},"_links":{"self":[{"href":"https:\/\/zeleka.com\/index.php?rest_route=\/wp\/v2\/posts\/5135","targetHints":{"allow":["GET"]}}],"collection":[{"href":"https:\/\/zeleka.com\/index.php?rest_route=\/wp\/v2\/posts"}],"about":[{"href":"https:\/\/zeleka.com\/index.php?rest_route=\/wp\/v2\/types\/post"}],"author":[{"embeddable":true,"href":"https:\/\/zeleka.com\/index.php?rest_route=\/wp\/v2\/users\/1"}],"replies":[{"embeddable":true,"href":"https:\/\/zeleka.com\/index.php?rest_route=%2Fwp%2Fv2%2Fcomments&post=5135"}],"version-history":[{"count":0,"href":"https:\/\/zeleka.com\/index.php?rest_route=\/wp\/v2\/posts\/5135\/revisions"}],"wp:featuredmedia":[{"embeddable":true,"href":"https:\/\/zeleka.com\/index.php?rest_route=\/wp\/v2\/media\/5136"}],"wp:attachment":[{"href":"https:\/\/zeleka.com\/index.php?rest_route=%2Fwp%2Fv2%2Fmedia&parent=5135"}],"wp:term":[{"taxonomy":"category","embeddable":true,"href":"https:\/\/zeleka.com\/index.php?rest_route=%2Fwp%2Fv2%2Fcategories&post=5135"},{"taxonomy":"post_tag","embeddable":true,"href":"https:\/\/zeleka.com\/index.php?rest_route=%2Fwp%2Fv2%2Ftags&post=5135"}],"curies":[{"name":"wp","href":"https:\/\/api.w.org\/{rel}","templated":true}]}}