{"id":5131,"date":"2025-11-11T00:30:22","date_gmt":"2025-11-10T21:30:22","guid":{"rendered":"https:\/\/zeleka.com\/?p=5131"},"modified":"2025-11-11T00:30:22","modified_gmt":"2025-11-10T21:30:22","slug":"trabzonun-caykara-ilcesinde-10-kasim-2025-pazartesi-gunu-sabah-saatlerinde-meydana-gelen-yanginda-1-isyeri-kullanilmaz-hale-geldi-saat-11-00-siralarinda-eski-ahsap","status":"publish","type":"post","link":"https:\/\/zeleka.com\/?p=5131","title":{"rendered":"<div id=\"detaymetin\">                            <p>Trabzon\u2019un \u00c7aykara \u0130l\u00e7esinde 10 Kas\u0131m 2025 Pazartesi g\u00fcn\u00fc sabah saatlerinde meydana gelen yang\u0131nda 1 i\u015fyeri kullan\u0131lmaz hale geldi.<\/p><p>Saat 11.00 s\u0131ralar\u0131nda eski ah\u015fap bina olan Yusuf Kan\u0131k\u2019a ait dem"},"content":{"rendered":"<div id=\"detaymetin\">\n<p>Trabzon\u2019un \u00c7aykara \u0130l\u00e7esinde 10 Kas\u0131m 2025 Pazartesi g\u00fcn\u00fc sabah saatlerinde meydana gelen yang\u0131nda 1 i\u015fyeri kullan\u0131lmaz hale geldi.<\/p>\n<p>Saat 11.00 s\u0131ralar\u0131nda eski ah\u015fap bina olan Yusuf Kan\u0131k\u2019a ait demirci d\u00fckkan\u0131nda \u00e7at\u0131 kat\u0131ndan \u00e7\u0131kt\u0131\u011f\u0131 tahmin edilen yang\u0131n \u00e7\u0131kt\u0131.<\/p>\n<p>\u00c7aykara Belediyesi ve Trabzon B\u00fcy\u00fck\u015fehir Belediyesine ait \u0130tfaiye ekipleri an\u0131nda yang\u0131na m\u00fcdahale etti.Vatanda\u015flar\u0131n da destek verdi\u011fi yang\u0131n s\u00f6nd\u00fcrme \u00e7al\u0131\u015fmas\u0131 yakla\u015f\u0131k 30 dakika s\u00fcrd\u00fc \u00a0saat 11.30\u2019da \u00a0yang\u0131n kontrol alt\u0131na al\u0131nd\u0131.<\/p>\n<p>Yang\u0131n esnas\u0131nda alevler yan tarafta bulunan kahvenin \u00e7at\u0131s\u0131na da s\u0131\u00e7rarken vatanda\u015flar\u0131n an\u0131nda m\u00fcdahalesi ile yang\u0131n\u0131n yan d\u00fckkana s\u0131\u00e7ramas\u0131 engellendi.<\/p>\n<p>Yang\u0131n esnas\u0131nda Yusuf Kan\u0131k\u2019a\u00a0 ait demirci d\u00fckkan\u0131 tamamen kullan\u0131lmaz hale geldi.<\/p>\n<p>\u00c7aykara Kaymakam\u0131 Ali Sapmaz ve \u00c7aykara Belediye Ba\u015fkan\u0131 Hanefi Tok Yang\u0131n an\u0131nda yang\u0131n yerine gelerek yang\u0131n s\u00f6nd\u00fcrme \u00e7al\u0131\u015fmalar\u0131n\u0131 yak\u0131ndan takip ettiler ve \u00e7al\u0131\u015fmalara kat\u0131l\u0131m sa\u011flad\u0131lar.<\/p>\n<p>          <\/div>\n","protected":false},"excerpt":{"rendered":"<p>Trabzon\u2019un \u00c7aykara \u0130l\u00e7esinde 10 Kas\u0131m 2025 Pazartesi g\u00fcn\u00fc sabah saatlerinde meydana gelen yang\u0131nda 1 i\u015fyeri kullan\u0131lmaz hale geldi. Saat 11.00 s\u0131ralar\u0131nda eski ah\u015fap bina olan Yusuf Kan\u0131k\u2019a ait demirci d\u00fckkan\u0131nda \u00e7at\u0131 kat\u0131ndan \u00e7\u0131kt\u0131\u011f\u0131 tahmin edilen yang\u0131n \u00e7\u0131kt\u0131. \u00c7aykara Belediyesi ve Trabzon B\u00fcy\u00fck\u015fehir Belediyesine ait \u0130tfaiye ekipleri an\u0131nda yang\u0131na m\u00fcdahale etti.Vatanda\u015flar\u0131n da destek verdi\u011fi yang\u0131n s\u00f6nd\u00fcrme [&hellip;]<\/p>\n","protected":false},"author":1,"featured_media":5132,"comment_status":"open","ping_status":"open","sticky":false,"template":"","format":"standard","meta":{"tdm_status":"","tdm_grid_status":"","footnotes":""},"categories":[40],"tags":[],"class_list":{"0":"post-5131","1":"post","2":"type-post","3":"status-publish","4":"format-standard","5":"has-post-thumbnail","7":"category-caykara"},"_links":{"self":[{"href":"https:\/\/zeleka.com\/index.php?rest_route=\/wp\/v2\/posts\/5131","targetHints":{"allow":["GET"]}}],"collection":[{"href":"https:\/\/zeleka.com\/index.php?rest_route=\/wp\/v2\/posts"}],"about":[{"href":"https:\/\/zeleka.com\/index.php?rest_route=\/wp\/v2\/types\/post"}],"author":[{"embeddable":true,"href":"https:\/\/zeleka.com\/index.php?rest_route=\/wp\/v2\/users\/1"}],"replies":[{"embeddable":true,"href":"https:\/\/zeleka.com\/index.php?rest_route=%2Fwp%2Fv2%2Fcomments&post=5131"}],"version-history":[{"count":0,"href":"https:\/\/zeleka.com\/index.php?rest_route=\/wp\/v2\/posts\/5131\/revisions"}],"wp:featuredmedia":[{"embeddable":true,"href":"https:\/\/zeleka.com\/index.php?rest_route=\/wp\/v2\/media\/5132"}],"wp:attachment":[{"href":"https:\/\/zeleka.com\/index.php?rest_route=%2Fwp%2Fv2%2Fmedia&parent=5131"}],"wp:term":[{"taxonomy":"category","embeddable":true,"href":"https:\/\/zeleka.com\/index.php?rest_route=%2Fwp%2Fv2%2Fcategories&post=5131"},{"taxonomy":"post_tag","embeddable":true,"href":"https:\/\/zeleka.com\/index.php?rest_route=%2Fwp%2Fv2%2Ftags&post=5131"}],"curies":[{"name":"wp","href":"https:\/\/api.w.org\/{rel}","templated":true}]}}