{"id":5127,"date":"2025-11-08T23:30:44","date_gmt":"2025-11-08T20:30:44","guid":{"rendered":"https:\/\/zeleka.com\/?p=5127"},"modified":"2025-11-08T23:30:44","modified_gmt":"2025-11-08T20:30:44","slug":"trabzonun-dunyaca-unlu-turizm-merkezi-uzungolde-ataturk-haftasi-etkinlikleri-gerceklestirildi-10-kasim-ataturku-anma-gunu-ve-10-16-kasim-ataturk","status":"publish","type":"post","link":"https:\/\/zeleka.com\/?p=5127","title":{"rendered":"<div id=\"detaymetin\">                            <p>Trabzon\u2019un D\u00fcnyaca \u00fcnl\u00fc Turizm Merkezi Uzung\u00f6l\u2019de Atat\u00fcrk Haftas\u0131 etkinlikleri ger\u00e7ekle\u015ftirildi.<\/p><p>10 Kas\u0131m Atat\u00fcrk\u2019\u00fc Anma G\u00fcn\u00fc ve 10-16 Kas\u0131m Atat\u00fcrk Haftas\u0131 \u00f6\u011frencilerin 1. D\u00f6nem Ara tatiline denk"},"content":{"rendered":"<div id=\"detaymetin\">\n<p>Trabzon\u2019un D\u00fcnyaca \u00fcnl\u00fc Turizm Merkezi Uzung\u00f6l\u2019de Atat\u00fcrk Haftas\u0131 etkinlikleri ger\u00e7ekle\u015ftirildi.<\/p>\n<p>10 Kas\u0131m Atat\u00fcrk\u2019\u00fc Anma G\u00fcn\u00fc ve 10-16 Kas\u0131m Atat\u00fcrk Haftas\u0131 \u00f6\u011frencilerin 1. D\u00f6nem Ara tatiline denk gelmesi dolay\u0131s\u0131 ile \u015eehit Mehmet Ayg\u00fcn \u0130lkokulu ve \u015eehit Mehmet Ayg\u00fcn \u0130mam Hatip Ortaokulunda Atat\u00fck\u2019\u00fc Anma G\u00fcn\u00fc ve Atat\u00fcrk Haftas\u0131 etkinlikleri 7 Kas\u0131m 2025 Cuma G\u00fcn\u00fc ger\u00e7ekle\u015ftirildi.<\/p>\n<figure><img decoding=\"async\" src=\"https:\/\/caykaragundem.com\/resimler\/2025-11\/8\/233321507391218.webp\"><\/figure>\n<p>Anma g\u00fcn\u00fc etkinliklerine Okul M\u00fcd\u00fcr\u00fc \u0130dris Hac\u0131mahmuto\u011flu,M\u00fcd\u00fcr Yard\u0131mc\u0131s\u0131 Bar\u0131\u015f \u00c7ak\u0131r ile Okul Aile Birli\u011fi Y\u00f6netim Kurulu \u00fcyeleri,\u00f6\u011fretmenler ve \u00f6\u011frenciler ile veliler kat\u0131l\u0131m sa\u011flad\u0131lar.<\/p>\n<p>Atat\u00fcrk Haftas\u0131 Anma Program\u0131nda \u00f6\u011frenciler taraf\u0131ndan haz\u0131rlanan \u00e7e\u015fitli g\u00f6steri ve etkinlikler ba\u015far\u0131 ile sahneye kon ulurken ayr\u0131ca Atat\u00fcrk Haftas\u0131 dolay\u0131s\u0131 ile haz\u0131rlanan konu\u015fma,\u015fiir ve oratoryo g\u00f6sterileri de ba\u015far\u0131 ile sahneye konuldu.<\/p>\n<figure><img decoding=\"async\" src=\"https:\/\/caykaragundem.com\/resimler\/2025-11\/8\/4572201245679.webp\"><\/figure>\n<p>          <\/div>\n","protected":false},"excerpt":{"rendered":"<p>Trabzon\u2019un D\u00fcnyaca \u00fcnl\u00fc Turizm Merkezi Uzung\u00f6l\u2019de Atat\u00fcrk Haftas\u0131 etkinlikleri ger\u00e7ekle\u015ftirildi. 10 Kas\u0131m Atat\u00fcrk\u2019\u00fc Anma G\u00fcn\u00fc ve 10-16 Kas\u0131m Atat\u00fcrk Haftas\u0131 \u00f6\u011frencilerin 1. D\u00f6nem Ara tatiline denk gelmesi dolay\u0131s\u0131 ile \u015eehit Mehmet Ayg\u00fcn \u0130lkokulu ve \u015eehit Mehmet Ayg\u00fcn \u0130mam Hatip Ortaokulunda Atat\u00fck\u2019\u00fc Anma G\u00fcn\u00fc ve Atat\u00fcrk Haftas\u0131 etkinlikleri 7 Kas\u0131m 2025 Cuma G\u00fcn\u00fc ger\u00e7ekle\u015ftirildi. Anma g\u00fcn\u00fc [&hellip;]<\/p>\n","protected":false},"author":1,"featured_media":5128,"comment_status":"open","ping_status":"open","sticky":false,"template":"","format":"standard","meta":{"tdm_status":"","tdm_grid_status":"","footnotes":""},"categories":[40],"tags":[],"class_list":{"0":"post-5127","1":"post","2":"type-post","3":"status-publish","4":"format-standard","5":"has-post-thumbnail","7":"category-caykara"},"_links":{"self":[{"href":"https:\/\/zeleka.com\/index.php?rest_route=\/wp\/v2\/posts\/5127","targetHints":{"allow":["GET"]}}],"collection":[{"href":"https:\/\/zeleka.com\/index.php?rest_route=\/wp\/v2\/posts"}],"about":[{"href":"https:\/\/zeleka.com\/index.php?rest_route=\/wp\/v2\/types\/post"}],"author":[{"embeddable":true,"href":"https:\/\/zeleka.com\/index.php?rest_route=\/wp\/v2\/users\/1"}],"replies":[{"embeddable":true,"href":"https:\/\/zeleka.com\/index.php?rest_route=%2Fwp%2Fv2%2Fcomments&post=5127"}],"version-history":[{"count":0,"href":"https:\/\/zeleka.com\/index.php?rest_route=\/wp\/v2\/posts\/5127\/revisions"}],"wp:featuredmedia":[{"embeddable":true,"href":"https:\/\/zeleka.com\/index.php?rest_route=\/wp\/v2\/media\/5128"}],"wp:attachment":[{"href":"https:\/\/zeleka.com\/index.php?rest_route=%2Fwp%2Fv2%2Fmedia&parent=5127"}],"wp:term":[{"taxonomy":"category","embeddable":true,"href":"https:\/\/zeleka.com\/index.php?rest_route=%2Fwp%2Fv2%2Fcategories&post=5127"},{"taxonomy":"post_tag","embeddable":true,"href":"https:\/\/zeleka.com\/index.php?rest_route=%2Fwp%2Fv2%2Ftags&post=5127"}],"curies":[{"name":"wp","href":"https:\/\/api.w.org\/{rel}","templated":true}]}}