{"id":5123,"date":"2025-11-06T22:30:52","date_gmt":"2025-11-06T19:30:52","guid":{"rendered":"https:\/\/zeleka.com\/?p=5123"},"modified":"2025-11-06T22:30:52","modified_gmt":"2025-11-06T19:30:52","slug":"caykara-uzungol-sehit-mehmet-aygun-imam-hatip-ortaokulu-okul-idaresi-ve-ogretmenler-tarafindan-misafirim-ogretmenim-projesi-hayata-gecirildi-proje-kapsaminda-okul-muduru-id","status":"publish","type":"post","link":"https:\/\/zeleka.com\/?p=5123","title":{"rendered":"<div id=\"detaymetin\">                            <p>\u00c7aykara Uzung\u00f6l \u015eehit Mehmet Ayg\u00fcn \u0130mam Hatip Ortaokulu Okul \u0130daresi ve \u00f6\u011fretmenler taraf\u0131ndan Misafirim \u00d6\u011fretmenim projesi hayata ge\u00e7irildi.<\/p><p>Proje kapsam\u0131nda Okul M\u00fcd\u00fcr\u00fc \u0130dris Hac\u0131mahmuto\u011flu,M\u00fcd\u00fcr"},"content":{"rendered":"<div id=\"detaymetin\">\n<p>\u00c7aykara Uzung\u00f6l \u015eehit Mehmet Ayg\u00fcn \u0130mam Hatip Ortaokulu Okul \u0130daresi ve \u00f6\u011fretmenler taraf\u0131ndan Misafirim \u00d6\u011fretmenim projesi hayata ge\u00e7irildi.<\/p>\n<p>Proje kapsam\u0131nda Okul M\u00fcd\u00fcr\u00fc \u0130dris Hac\u0131mahmuto\u011flu,M\u00fcd\u00fcr Yard\u0131mc\u0131s\u0131 Bar\u0131\u015f \u00c7ak\u0131r,koordinat\u00f6r \u00d6\u011fretmen \u015e\u00fckran Kaplan ile \u00f6\u011fretmenlerden olu\u015fan bir ekip her ak\u015fam \u00f6\u011frencilerini evlerinde ziyaret ederek \u00f6\u011frencilerin evlerinde ders \u00e7al\u0131\u015fma \u015feklini yerinde inceliyor.<\/p>\n<p>Veli ziyareti esnas\u0131nda \u00d6\u011frenci velilerine verimli ders \u00e7al\u0131\u015fma y\u00f6ntemleri ve \u00f6\u011frencilere etkili davran\u0131\u015f kazand\u0131rma y\u00f6ntemleri,\u00f6\u011frencilerin verimli ders \u00e7al\u0131\u015fma y\u00f6ntemleri \u00fczerinde e\u011fitimler de veren \u00d6\u011fretmen ekibi ayn\u0131 zamanda ebeveynlerin \u00e7ocuk e\u011fitimi konusunda do\u011fru ve yanl\u0131\u015flar\u0131n\u0131 da veliler ile payla\u015f\u0131yor<\/p>\n<p>Ziyaret esnas\u0131nda Veli,\u00f6\u011fretmen ve \u00f6\u011frenciler ile ilgili haz\u0131rlad\u0131klar\u0131 formlar\u0131 \u00f6\u011frenci, velilerine da\u011f\u0131tan Hac\u0131mahmuto\u011flu ve ekibi \u00e7al\u0131\u015fma sonu\u00e7lar\u0131n\u0131 de\u011ferlendirerek \u00f6\u011frencilere daha faydal\u0131 olmay\u0131 hedefliyor.<\/p>\n<p>Ak\u015fam evde ders \u00e7al\u0131\u015f\u0131rken okul y\u00f6neticileri ve \u00f6\u011fretmenlerini kar\u015f\u0131lar\u0131nda g\u00f6ren \u00f6\u011frenciler hem \u015fa\u015f\u0131r\u0131yor hem de \u00f6\u011fretmenlerini ev ortam\u0131nda misafir etmekten duyduklar\u0131 memnuniyeti dile getiriyor<\/p>\n<p>Proje ile ilgili d\u00fc\u015f\u00fcncelerini ifade eden Okul M\u00fcd\u00fcr\u00fc \u0130dris Hac\u0131mahmuto\u011flu okul idaresi ve \u00f6\u011fretmenler olarak \u00f6\u011frencilere y\u00f6nelik hem etkili davran\u0131\u015f kazan\u0131mlar\u0131n\u0131 sa\u011flamak hem de verimli ders \u00e7al\u0131\u015fma y\u00f6ntem ve tekniklerini \u00f6\u011frencilere kazand\u0131rmak amac\u0131 ile bu \u00f6rnek proje uygulamas\u0131n\u0131 hayata ge\u00e7irdiklerini ifade etti.<\/p>\n<p>Hem velilerin hem de \u00f6\u011frencilerin \u00e7al\u0131\u015fmaya \u00e7ok b\u00fcy\u00fck bir ilgi g\u00f6sterdiklerini ifade eden M\u00fcd\u00fcr Hac\u0131mahmuto\u011flu \u00e7al\u0131\u015fma ile ilgili \u00e7ok \u00f6nemli geri d\u00f6n\u00fc\u015fler ald\u0131klar\u0131n\u0131 ev veli ziyareti yapt\u0131klar\u0131 \u00f6\u011frencilerin okul ortam\u0131nda daha fazla sorumluluk ald\u0131klar\u0131n\u0131 ve olumsuz davran\u0131\u015flar\u0131n\u0131n azald\u0131\u011f\u0131n\u0131 g\u00f6rd\u00fcklerini s\u00f6zlerine ekledi.<\/p>\n<p>          <\/div>\n","protected":false},"excerpt":{"rendered":"<p>\u00c7aykara Uzung\u00f6l \u015eehit Mehmet Ayg\u00fcn \u0130mam Hatip Ortaokulu Okul \u0130daresi ve \u00f6\u011fretmenler taraf\u0131ndan Misafirim \u00d6\u011fretmenim projesi hayata ge\u00e7irildi. Proje kapsam\u0131nda Okul M\u00fcd\u00fcr\u00fc \u0130dris Hac\u0131mahmuto\u011flu,M\u00fcd\u00fcr Yard\u0131mc\u0131s\u0131 Bar\u0131\u015f \u00c7ak\u0131r,koordinat\u00f6r \u00d6\u011fretmen \u015e\u00fckran Kaplan ile \u00f6\u011fretmenlerden olu\u015fan bir ekip her ak\u015fam \u00f6\u011frencilerini evlerinde ziyaret ederek \u00f6\u011frencilerin evlerinde ders \u00e7al\u0131\u015fma \u015feklini yerinde inceliyor. Veli ziyareti esnas\u0131nda \u00d6\u011frenci velilerine verimli ders [&hellip;]<\/p>\n","protected":false},"author":1,"featured_media":5124,"comment_status":"open","ping_status":"open","sticky":false,"template":"","format":"standard","meta":{"tdm_status":"","tdm_grid_status":"","footnotes":""},"categories":[40],"tags":[],"class_list":{"0":"post-5123","1":"post","2":"type-post","3":"status-publish","4":"format-standard","5":"has-post-thumbnail","7":"category-caykara"},"_links":{"self":[{"href":"https:\/\/zeleka.com\/index.php?rest_route=\/wp\/v2\/posts\/5123","targetHints":{"allow":["GET"]}}],"collection":[{"href":"https:\/\/zeleka.com\/index.php?rest_route=\/wp\/v2\/posts"}],"about":[{"href":"https:\/\/zeleka.com\/index.php?rest_route=\/wp\/v2\/types\/post"}],"author":[{"embeddable":true,"href":"https:\/\/zeleka.com\/index.php?rest_route=\/wp\/v2\/users\/1"}],"replies":[{"embeddable":true,"href":"https:\/\/zeleka.com\/index.php?rest_route=%2Fwp%2Fv2%2Fcomments&post=5123"}],"version-history":[{"count":0,"href":"https:\/\/zeleka.com\/index.php?rest_route=\/wp\/v2\/posts\/5123\/revisions"}],"wp:featuredmedia":[{"embeddable":true,"href":"https:\/\/zeleka.com\/index.php?rest_route=\/wp\/v2\/media\/5124"}],"wp:attachment":[{"href":"https:\/\/zeleka.com\/index.php?rest_route=%2Fwp%2Fv2%2Fmedia&parent=5123"}],"wp:term":[{"taxonomy":"category","embeddable":true,"href":"https:\/\/zeleka.com\/index.php?rest_route=%2Fwp%2Fv2%2Fcategories&post=5123"},{"taxonomy":"post_tag","embeddable":true,"href":"https:\/\/zeleka.com\/index.php?rest_route=%2Fwp%2Fv2%2Ftags&post=5123"}],"curies":[{"name":"wp","href":"https:\/\/api.w.org\/{rel}","templated":true}]}}