{"id":5121,"date":"2025-11-05T22:29:15","date_gmt":"2025-11-05T19:29:15","guid":{"rendered":"https:\/\/zeleka.com\/?p=5121"},"modified":"2025-11-05T22:29:15","modified_gmt":"2025-11-05T19:29:15","slug":"uzungol-turizmciler-dernegi-insan-kaynaklari-kariyer-kongresindeuzungol-turizmciler-dernegi-karadeniz-teknik-universitesiktu-tarafindan-567-kasim-2025-tarihlerinde-gerc","status":"publish","type":"post","link":"https:\/\/zeleka.com\/?p=5121","title":{"rendered":"<div id=\"detaymetin\">                            <p>UZUNG\u00d6L TUR\u0130ZMC\u0130LER DERNE\u011e\u0130 \u0130NSAN KAYNAKLARI KAR\u0130YER KONGRES\u0130NDE<\/p><p>Uzung\u00f6l Turizmciler Derne\u011fi Karadeniz Teknik \u00dcniversitesi(KT\u00dc) taraf\u0131ndan 5,6,7 Kas\u0131m 2025 tarihlerinde ger\u00e7ekle\u015ftirilecek olan \u0130nsa"},"content":{"rendered":"<div id=\"detaymetin\">\n<p>UZUNG\u00d6L TUR\u0130ZMC\u0130LER DERNE\u011e\u0130 \u0130NSAN KAYNAKLARI KAR\u0130YER KONGRES\u0130NDE<\/p>\n<p>Uzung\u00f6l Turizmciler Derne\u011fi Karadeniz Teknik \u00dcniversitesi(KT\u00dc) taraf\u0131ndan 5,6,7 Kas\u0131m 2025 tarihlerinde ger\u00e7ekle\u015ftirilecek olan \u0130nsan Kaynaklar\u0131 Kariyer Kongresi Fuar\u0131na kat\u0131l\u0131m sa\u011fl\u0131yor.<\/p>\n<figure><img decoding=\"async\" src=\"https:\/\/caykaragundem.com\/resimler\/2025-11\/5\/65247139303707.webp\"><\/figure>\n<p>Turizmde Gelece\u011fe Birlikte Y\u00f6n Verelim slogan\u0131 ile KT\u00dc taraf\u0131ndan Organize edilen \u0130nsan Kaynaklar\u0131 Kariyer Kongresi Fuar\u0131 Profes\u00f6r Doktor Osman Turan K\u00fclt\u00fcr ve Kongre Merkezinde ger\u00e7ekle\u015ftirilecek.<\/p>\n<p>Turizm Merkezi Uzung\u00f6l\u2019\u00fcn \u00dclkemizde ve D\u00fcnyada marka Turizm merkezlerinden bir tanesi oldu\u011funu ifade eden Uzung\u00f6l Turizmciler Derne\u011fi Ba\u015fkan\u0131 Mehmet Kele\u015f,Uzung\u00f6l\u2019de bulunan STK2lar ve i\u015fletmeler olarak turizm alan\u0131nda ger\u00e7ekle\u015ftirilen her t\u00fcrl\u00fc etkinlik ve \u00e7al\u0131\u015fman\u0131n i\u00e7in de aktif olarak yer almaya \u00e7al\u0131\u015ft\u0131klar\u0131n\u0131 ifade etti.<\/p>\n<figure><img decoding=\"async\" src=\"https:\/\/caykaragundem.com\/resimler\/2025-11\/5\/76182757964971.webp\"><\/figure>\n<p>Uzung\u00f6l Turizmciler Derne\u011fi olarak Karadeniz Teknik \u00dcniversitesi(KT\u00dc) taraf\u0131ndan organize edilen \u0130nsan Kaynaklar\u0131 Kariyer Kongresi Fuar\u0131\u2019n\u0131n \u00e7ok \u00f6nemsediklerini her etkinlikte oldu\u011fu gibi bu etkinlikte de yerlerini ald\u0131klar\u0131n\u0131 ifade eden Ba\u015fkan Mehmet Kele\u015f,bu \u00e7al\u0131\u015fma ile hem akademisyenlerin Bilimsel anlamda Uzung\u00f6l ile ilgili fikir ve g\u00f6r\u00fc\u015flerinden yararlanarak\u00a0 turizm ile bilimi, birle\u015ftirmeyi hedeflediklerini hem de Uzung\u00f6l\u2019\u00fcn bilinen y\u00f6nlerinin yan\u0131 s\u0131ra bilinmeyen y\u00f6nlerini de tan\u0131tmay\u0131 hedeflediklerini ifade etti.<\/p>\n<p>Uzung\u00f6l\u2019\u00fcn yaz turizminin ve do\u011fal g\u00fczelli\u011finin t\u00fcm d\u00fcnya taraf\u0131ndan bilindi\u011fini an\u0131msatan Ba\u015fkan Mehmet Kele\u015f k\u0131\u015f mevsiminde ise Uzung\u00f6l\u2019\u00fcn \u00e7ok daha etkileyici ve cazibe merkezi oldu\u011funu yaz mevsiminde yemye\u015fil do\u011fas\u0131 ile insanlar\u0131 kucaklayan Uzung\u00f6l\u2019\u00fcn k\u0131\u015f mevsiminde bembeyaz \u00f6rt\u00fcs\u00fc ile farkl\u0131 bir g\u00fczellik ve cazibe merkezi haline geldi\u011fini,k\u0131\u015f mevsimi boyunca Uzung\u00f6l\u2019de bulunan i\u015fletmelerin b\u00fcy\u00fck bir b\u00f6l\u00fcm\u00fcn \u00fcn a\u00e7\u0131k oldu\u011funu bunun yan\u0131 s\u0131ra do\u011fa y\u00fcr\u00fcy\u00fc\u015f\u00fc,kar motorlar\u0131 ile Uzung\u00f6l yaylalar\u0131na \u00e7\u0131karak kayak yapma imkan\u0131n \u0131n bulundu\u011funu d\u00fcnyan\u0131n en g\u00fczel kayak merkezlerinden birinin Uzun g\u00f6l yaylalar\u0131nda oldu\u011funu t\u00fcm bu g\u00fczellikleri ve Uzung\u00f6l k\u0131\u015f turizminin farkl\u0131l\u0131\u011f\u0131n\u0131 insanlara anlatma imkan\u0131 yakalayacaklar\u0131n\u0131 s\u00f6zlerine ekledi.<\/p>\n<p>          <\/div>\n","protected":false},"excerpt":{"rendered":"<p>UZUNG\u00d6L TUR\u0130ZMC\u0130LER DERNE\u011e\u0130 \u0130NSAN KAYNAKLARI KAR\u0130YER KONGRES\u0130NDE Uzung\u00f6l Turizmciler Derne\u011fi Karadeniz Teknik \u00dcniversitesi(KT\u00dc) taraf\u0131ndan 5,6,7 Kas\u0131m 2025 tarihlerinde ger\u00e7ekle\u015ftirilecek olan \u0130nsan Kaynaklar\u0131 Kariyer Kongresi Fuar\u0131na kat\u0131l\u0131m sa\u011fl\u0131yor. Turizmde Gelece\u011fe Birlikte Y\u00f6n Verelim slogan\u0131 ile KT\u00dc taraf\u0131ndan Organize edilen \u0130nsan Kaynaklar\u0131 Kariyer Kongresi Fuar\u0131 Profes\u00f6r Doktor Osman Turan K\u00fclt\u00fcr ve Kongre Merkezinde ger\u00e7ekle\u015ftirilecek. Turizm Merkezi Uzung\u00f6l\u2019\u00fcn [&hellip;]<\/p>\n","protected":false},"author":1,"featured_media":5122,"comment_status":"open","ping_status":"open","sticky":false,"template":"","format":"standard","meta":{"tdm_status":"","tdm_grid_status":"","footnotes":""},"categories":[40],"tags":[],"class_list":{"0":"post-5121","1":"post","2":"type-post","3":"status-publish","4":"format-standard","5":"has-post-thumbnail","7":"category-caykara"},"_links":{"self":[{"href":"https:\/\/zeleka.com\/index.php?rest_route=\/wp\/v2\/posts\/5121","targetHints":{"allow":["GET"]}}],"collection":[{"href":"https:\/\/zeleka.com\/index.php?rest_route=\/wp\/v2\/posts"}],"about":[{"href":"https:\/\/zeleka.com\/index.php?rest_route=\/wp\/v2\/types\/post"}],"author":[{"embeddable":true,"href":"https:\/\/zeleka.com\/index.php?rest_route=\/wp\/v2\/users\/1"}],"replies":[{"embeddable":true,"href":"https:\/\/zeleka.com\/index.php?rest_route=%2Fwp%2Fv2%2Fcomments&post=5121"}],"version-history":[{"count":0,"href":"https:\/\/zeleka.com\/index.php?rest_route=\/wp\/v2\/posts\/5121\/revisions"}],"wp:featuredmedia":[{"embeddable":true,"href":"https:\/\/zeleka.com\/index.php?rest_route=\/wp\/v2\/media\/5122"}],"wp:attachment":[{"href":"https:\/\/zeleka.com\/index.php?rest_route=%2Fwp%2Fv2%2Fmedia&parent=5121"}],"wp:term":[{"taxonomy":"category","embeddable":true,"href":"https:\/\/zeleka.com\/index.php?rest_route=%2Fwp%2Fv2%2Fcategories&post=5121"},{"taxonomy":"post_tag","embeddable":true,"href":"https:\/\/zeleka.com\/index.php?rest_route=%2Fwp%2Fv2%2Ftags&post=5121"}],"curies":[{"name":"wp","href":"https:\/\/api.w.org\/{rel}","templated":true}]}}