{"id":5119,"date":"2025-11-05T22:29:16","date_gmt":"2025-11-05T19:29:16","guid":{"rendered":"https:\/\/zeleka.com\/?p=5119"},"modified":"2025-11-05T22:29:16","modified_gmt":"2025-11-05T19:29:16","slug":"karadenizin-kendine-ozgu-folk-ezgilerini-modern-rock-tinilariyla-harmanlayan-grup-beri-bolgenin-muzik-kulturunu-yeni-bir-anlayisla-gelecege-tasiyor-guclu-sahne-p","status":"publish","type":"post","link":"https:\/\/zeleka.com\/?p=5119","title":{"rendered":"<div id=\"detaymetin\">                            <p>Karadeniz\u2019in kendine \u00f6zg\u00fc folk ezgilerini modern rock t\u0131n\u0131lar\u0131yla harmanlayan Grup Beri, b\u00f6lgenin m\u00fczik k\u00fclt\u00fcr\u00fcn\u00fc yeni bir anlay\u0131\u015fla gelece\u011fe ta\u015f\u0131yor. G\u00fc\u00e7l\u00fc sahne performanslar\u0131, \u00f6zg\u00fcn yorumlar\u0131 ve etkil"},"content":{"rendered":"<div id=\"detaymetin\">\n<p>Karadeniz\u2019in kendine \u00f6zg\u00fc folk ezgilerini modern rock t\u0131n\u0131lar\u0131yla harmanlayan Grup Beri, b\u00f6lgenin m\u00fczik k\u00fclt\u00fcr\u00fcn\u00fc yeni bir anlay\u0131\u015fla gelece\u011fe ta\u015f\u0131yor. G\u00fc\u00e7l\u00fc sahne performanslar\u0131, \u00f6zg\u00fcn yorumlar\u0131 ve etkileyici m\u00fczik tarz\u0131yla dikkat \u00e7eken grup, yeni klibiyle bir kez daha ad\u0131ndan s\u00f6z ettirdi.<\/p>\n<p>2019 y\u0131l\u0131nda grubun kurucusu ve gitaristi Artvinli Furkan Uzun taraf\u0131ndan Trabzon\u2019da kurulan Grup Beri, k\u0131sa s\u00fcrede Karadeniz m\u00fczi\u011fini modern rock \u00e7izgisine ta\u015f\u0131yan \u00f6nemli isimlerden biri haline geldi. Grubun di\u011fer \u00fcyeleri aras\u0131nda G\u00fcm\u00fc\u015fhane Canca\u2019dan Hakk\u0131 K\u00fcr\u015fat \u0130nan ve Trabzon \u00c7aykara\u2019dan Mustafa Kaan Demirci yer al\u0131yor. Her biri kendi y\u00f6resinin k\u00fclt\u00fcrel dokusunu m\u00fczi\u011fe katarak grubun ruhuna zenginlik kat\u0131yor.<\/p>\n<p>Grup, sahne performanslar\u0131nda Kaz\u0131m Koyuncu ve Volkan Konak gibi Karadeniz\u2019in efsane sanat\u00e7\u0131lar\u0131n\u0131 anarak onlar\u0131n izinden gidiyor. Geleneksel ezgileri \u00e7a\u011fda\u015f yorumlarla yeniden hayat bulan Beri, dinleyicilerine hem duygusal hem de co\u015fkulu bir m\u00fczik deneyimi ya\u015fat\u0131yor.<\/p>\n<p>Yeni kliplerinde grup, hasreti, \u00f6zlemi, ac\u0131y\u0131 ve h\u00fczn\u00fc \u00f6n plana \u00e7\u0131kar\u0131yor. Klipteki g\u00fcl detay\u0131, gen\u00e7 ya\u015fta hayat\u0131n\u0131 kaybeden Mattia Ahmet Minguzzi\u2019ye ithaf edilerek \u00f6zel bir anlam kazand\u0131. \u201cYeni \u015fark\u0131m\u0131z ona bir arma\u011fan olsun\u201d diyen Grup Beri, dostlu\u011fun ve vefan\u0131n en g\u00fczel \u00f6rneklerinden birini sergiledi.<\/p>\n<p>Klipte Trabzon\u2019un dar sokaklar\u0131, ya\u011fmur alt\u0131ndaki y\u00fcr\u00fcy\u00fc\u015fler ve memleket \u00f6zlemini anlatan sahneler yer al\u0131yor. Grup bu \u00e7al\u0131\u015fmayla, \u201cBiz dar sokaklar\u0131nda, dinmeyen ya\u011fmurunda\u2026\u201d dercesine, Trabzon\u2019un ruhunu notalara d\u00f6k\u00fcyor.<\/p>\n<p>Karadeniz\u2019in duygusal ezgilerini rock enerjisiyle birle\u015ftiren Grup Beri, b\u00f6lge m\u00fczi\u011finin yeni y\u00fcz\u00fc olma yolunda emin ad\u0131mlarla ilerliyor.<\/p>\n<p>          <\/div>\n","protected":false},"excerpt":{"rendered":"<p>Karadeniz\u2019in kendine \u00f6zg\u00fc folk ezgilerini modern rock t\u0131n\u0131lar\u0131yla harmanlayan Grup Beri, b\u00f6lgenin m\u00fczik k\u00fclt\u00fcr\u00fcn\u00fc yeni bir anlay\u0131\u015fla gelece\u011fe ta\u015f\u0131yor. G\u00fc\u00e7l\u00fc sahne performanslar\u0131, \u00f6zg\u00fcn yorumlar\u0131 ve etkileyici m\u00fczik tarz\u0131yla dikkat \u00e7eken grup, yeni klibiyle bir kez daha ad\u0131ndan s\u00f6z ettirdi. 2019 y\u0131l\u0131nda grubun kurucusu ve gitaristi Artvinli Furkan Uzun taraf\u0131ndan Trabzon\u2019da kurulan Grup Beri, k\u0131sa s\u00fcrede [&hellip;]<\/p>\n","protected":false},"author":1,"featured_media":5120,"comment_status":"open","ping_status":"open","sticky":false,"template":"","format":"standard","meta":{"tdm_status":"","tdm_grid_status":"","footnotes":""},"categories":[40],"tags":[],"class_list":{"0":"post-5119","1":"post","2":"type-post","3":"status-publish","4":"format-standard","5":"has-post-thumbnail","7":"category-caykara"},"_links":{"self":[{"href":"https:\/\/zeleka.com\/index.php?rest_route=\/wp\/v2\/posts\/5119","targetHints":{"allow":["GET"]}}],"collection":[{"href":"https:\/\/zeleka.com\/index.php?rest_route=\/wp\/v2\/posts"}],"about":[{"href":"https:\/\/zeleka.com\/index.php?rest_route=\/wp\/v2\/types\/post"}],"author":[{"embeddable":true,"href":"https:\/\/zeleka.com\/index.php?rest_route=\/wp\/v2\/users\/1"}],"replies":[{"embeddable":true,"href":"https:\/\/zeleka.com\/index.php?rest_route=%2Fwp%2Fv2%2Fcomments&post=5119"}],"version-history":[{"count":0,"href":"https:\/\/zeleka.com\/index.php?rest_route=\/wp\/v2\/posts\/5119\/revisions"}],"wp:featuredmedia":[{"embeddable":true,"href":"https:\/\/zeleka.com\/index.php?rest_route=\/wp\/v2\/media\/5120"}],"wp:attachment":[{"href":"https:\/\/zeleka.com\/index.php?rest_route=%2Fwp%2Fv2%2Fmedia&parent=5119"}],"wp:term":[{"taxonomy":"category","embeddable":true,"href":"https:\/\/zeleka.com\/index.php?rest_route=%2Fwp%2Fv2%2Fcategories&post=5119"},{"taxonomy":"post_tag","embeddable":true,"href":"https:\/\/zeleka.com\/index.php?rest_route=%2Fwp%2Fv2%2Ftags&post=5119"}],"curies":[{"name":"wp","href":"https:\/\/api.w.org\/{rel}","templated":true}]}}