{"id":5117,"date":"2025-10-31T20:29:20","date_gmt":"2025-10-31T17:29:20","guid":{"rendered":"https:\/\/zeleka.com\/?p=5117"},"modified":"2025-10-31T20:29:20","modified_gmt":"2025-10-31T17:29:20","slug":"uzungol-turizm-isletmeleri-dernegi-baskani-metin-inan-turizm-tanitim-ve-gelistirme-ajansi-trabzon-adayi-secildi-turizm-tanitim-gelistirme-ajansi-tga-trabzon-temsilcisini","status":"publish","type":"post","link":"https:\/\/zeleka.com\/?p=5117","title":{"rendered":"<div id=\"detaymetin\">                            <p><span>Uzung\u00f6l Turizm \u0130\u015fletmeleri Derne\u011fi Ba\u015fkan\u0131 Metin \u0130nan Turizm Tan\u0131t\u0131m ve Geli\u015ftirme Ajans\u0131 Trabzon Aday\u0131 se\u00e7ildi.<\/span><\/p><p><span>Turizm Tan\u0131t\u0131m Geli\u015ftirme Ajans\u0131 (TGA) Trabzon temsilcisini se\u00e7me"},"content":{"rendered":"<div id=\"detaymetin\">\n<p><span>Uzung\u00f6l Turizm \u0130\u015fletmeleri Derne\u011fi Ba\u015fkan\u0131 Metin \u0130nan Turizm Tan\u0131t\u0131m ve Geli\u015ftirme Ajans\u0131 Trabzon Aday\u0131 se\u00e7ildi.<\/span><\/p>\n<p><span>Turizm Tan\u0131t\u0131m Geli\u015ftirme Ajans\u0131 (TGA) Trabzon temsilcisini se\u00e7mek \u00fczere 31 Ekim 2025 Cuma g\u00fcn\u00fc Trabzon Zorlu Grant Otel\u2019de \u0130l aday\u0131n\u0131 belirlemek \u00fczere se\u00e7im yap\u0131ld\u0131.<\/span><\/p>\n<p><span>Toplam 223 delegenin oy kulland\u0131\u011f\u0131 aday belirleme s\u00fcrecinde Trabzon turizminin iki \u00f6nemli ismi yar\u0131\u015ft\u0131.<\/span><\/p>\n<figure><img decoding=\"async\" src=\"https:\/\/caykaragundem.com\/resimler\/2025-10\/31\/24724774144298.webp\"><\/figure>\n<p><span>Trabzon Oteller Birli\u011fi Ba\u015fkan\u0131 Mustafa Aksu<\/span><\/p>\n<p><span>Uzung\u00f6l Turizm \u0130\u015fletmecileri Derne\u011fi Ba\u015fkan\u0131 Metin \u0130nan<\/span><\/p>\n<p><span>Ger\u00e7ekle\u015ftirilen se\u00e7imler sonucunda Uzung\u00f6l Turizm \u0130\u015fletmeleri Derne\u011fi Ba\u015fkan\u0131 Metin \u0130nan 116 oy alarak TGA Trabzon \u0130l Temsilcisi olmaya hak kazand\u0131.<\/span><\/p>\n<p><span><strong>Siyasi Kat\u0131l\u0131m Yo\u011fundu<\/strong><\/span><\/p>\n<p><span>Toplant\u0131ya TBMM Komisyon Ba\u015fkan\u0131 Adil Karaismailo\u011flu\u2019nun yan\u0131 s\u0131ra, AK Parti Trabzon Milletvekili Y\u0131lmaz B\u00fcy\u00fckayd\u0131n, AK Parti Trabzon \u0130l Ba\u015fkan\u0131 Sezgin Mumcu ve AK Parti Ortahisar \u0130l\u00e7e Ba\u015fkan\u0131 Seyit Hiso\u011flu da kat\u0131ld\u0131.<\/span><\/p>\n<p><span>Kat\u0131l\u0131mc\u0131lar, Trabzon\u2019un turizm potansiyelinin art\u0131r\u0131lmas\u0131 ve TGA arac\u0131l\u0131\u011f\u0131yla tan\u0131t\u0131m faaliyetlerinin g\u00fc\u00e7lendirilmesi gerekti\u011fini vurgulad\u0131. Karaismailo\u011flu, yapt\u0131\u011f\u0131 a\u00e7\u0131klamada, &#8220;Turizm sadece k\u0131y\u0131 \u015feridinde de\u011fil, Trabzon\u2019un yaylalar\u0131nda, do\u011fas\u0131nda, tarih\u00ee de\u011ferlerinde de can bulmal\u0131. Bu s\u00fcreci sekt\u00f6rel i\u015f birli\u011fiyle y\u00f6netece\u011fiz&#8221; dedi.<\/span><\/p>\n<figure><img decoding=\"async\" src=\"https:\/\/caykaragundem.com\/resimler\/2025-10\/31\/565945492682.webp\"><\/figure>\n<p><span><strong>TGA Nedir, Ne Yapar?<\/strong><\/span><\/p>\n<p><span>Turizm Tan\u0131t\u0131m ve Geli\u015ftirme Ajans\u0131 (TGA), T\u00fcrkiye\u2019nin yurt d\u0131\u015f\u0131 tan\u0131t\u0131m stratejilerini olu\u015fturan ve uygulayan, turizm yat\u0131r\u0131mlar\u0131n\u0131n art\u0131r\u0131lmas\u0131n\u0131 hedefleyen bir yap\u0131d\u0131r. TGA Y\u00f6netim Kurulu\u2019na se\u00e7ilen illerin temsilcileri, bulunduklar\u0131 \u015fehirlerin yurt i\u00e7inde ve yurt d\u0131\u015f\u0131nda daha fazla tan\u0131t\u0131lmas\u0131 i\u00e7in \u00e7al\u0131\u015fmalar y\u00fcr\u00fct\u00fcr.<\/span><\/p>\n<p><span>Trabzon i\u00e7in bu \u00fcyelik, kentin ulusal ve uluslararas\u0131 turizm vitrininde daha g\u00fc\u00e7l\u00fc yer almas\u0131 ad\u0131na b\u00fcy\u00fck \u00f6nem ta\u015f\u0131yor.<\/span><\/p>\n<p><span><strong>S\u00fcre\u00e7 Nas\u0131l \u0130\u015fleyecek?<\/strong><\/span><\/p>\n<p><span>Delegelerin oy kullanaca\u011f\u0131 \u00f6n se\u00e7im sonras\u0131, kazanan isim resmi olarak TGA Trabzon Y\u00f6netim Kurulu \u00dcyeli\u011fi i\u00e7in aday g\u00f6sterilecek. S\u00fcrecin \u015feffafl\u0131k i\u00e7inde y\u00fcr\u00fct\u00fclmesi i\u00e7in yerel turizm \u00f6rg\u00fctleri de aktif takipte. Se\u00e7imin sonu\u00e7lar\u0131 \u00f6n\u00fcm\u00fczdeki g\u00fcnlerde kamuoyuna duyurulacak.<\/span><\/p>\n<p><span>SE\u00c7\u0130MLER G\u00d6Z KAMA\u015eTIRDI<\/span><\/p>\n<p><span>Ger\u00e7ekle\u015ftirilen se\u00e7imlerde 223 delege oy kullan\u0131rken bu oylar\u0131n 116 tanesini alan Metin \u0130nan TGA Trabzon aday\u0131 olmaya hak kazand\u0131.<\/span><\/p>\n<p><span>Trabzon Temsilcisi se\u00e7ilen Metin \u0130nan 21 Aral\u0131k 2025 tarihinde ger\u00e7ekle\u015ftirilecek olan B\u00f6lge se\u00e7imlerine Trabzon Aday\u0131 olarak kat\u0131lmaya hak kazand\u0131.<\/span><\/p>\n<p><span>UZUNG\u00d6L MUHTARI D\u0130LEK\u2019TEN TEBR\u0130K<\/span><\/p>\n<p><span>Se\u00e7imlerin ard\u0131ndan Uzung\u00f6l Muhtar\u0131 Selman Dilek bir mesaj yay\u0131nlayarak Metin \u0130nan\u2019\u0131 tebrik etti.<\/span><\/p>\n<p><span>Muhtar Dilek\u2019in mesaj\u0131 \u015fu \u015fekilde;<\/span><\/p>\n<p><span>Turizm Geli\u015ftirme Ajans\u0131 (TGA) y\u00f6netim kurulu i\u00e7in bug\u00fcn ger\u00e7ekle\u015ftirilen ara se\u00e7imi Uzung\u00f6l Turizm \u0130\u015fletmecileri Derne\u011fi Ba\u015fkan\u0131 Metin \u0130nan 223 ge\u00e7erli oydan 116 oy alarak kazanm\u0131\u015f bulunmaktad\u0131r.<\/span><\/p>\n<p><span>Aday adayl\u0131\u011f\u0131 s\u00fcrecini tamamlayan Metin \u0130nan bu \u015fekilde TGA y\u00f6netim kurulu i\u00e7in Trabzon aday\u0131 olarak se\u00e7ilmi\u015ftir.\u00a0<\/span><\/p>\n<p><span>Metin \u0130nan\u2019n\u0131 tebrik eder, 21 Aral\u0131k 2025\u2019deki ana se\u00e7imlerde de kendisine ba\u015far\u0131lar dilerim. TGA gibi y\u00fcksek bir kurulu\u015fun Uzung\u00f6l i\u00e7in art\u0131k \u0131skanlanmamas\u0131 gereken bir yap\u0131 oldu\u011funu simgelemesi a\u00e7\u0131s\u0131ndan ara se\u00e7ime kat\u0131lan her bir i\u015fletmecimize te\u015fekk\u00fcr ediyorum.<\/span><\/p>\n<p><span>BA\u015eKAN ZENG\u0130N&#8217;DEN \u0130NAN&#8217;A TEBR\u0130K<\/span><\/p>\n<p><span>Uzung\u00f6l B\u0130RL\u0130K A.\u015e Y\u00f6netim Kurulu Ba\u015fkan\u0131 Mustafa Kemal Zengin Metin \u0130nan&#8217;\u0131n Trabzon B\u00f6lge temsilcisi se\u00e7ilmesinden dolay\u0131 duydu\u011fu memnuniyeti ifade eden bir mesaj yay\u0131nlad\u0131.<\/span><\/p>\n<p><span>Ba\u015fkan Zengin&#8217;in mesaj\u0131 \u015fu \u015fekilde;<\/span><\/p>\n<p><span>Say\u0131n Metin \u0130nan&#8217;a<\/span><br \/><span>\u200bUzung\u00f6l&#8217;\u00fcn de\u011ferini ve potansiyelini bilen k\u0131ymetli hem\u015fehrimiz Say\u0131n Metin \u0130nan&#8217;\u0131n, T\u00fcrkiye Turizm Geli\u015ftirme Ajans\u0131 (TGA) Trabzon B\u00f6lge Temsilcili\u011fi \u00f6n se\u00e7imini \u00fcst\u00fcn bir ba\u015far\u0131yla kazanmas\u0131ndan dolay\u0131 tebriklerimizi sunar\u0131z.<\/span><br \/><span>\u200bBu zafer, yaln\u0131zca \u015fahs\u0131n\u0131z\u0131n de\u011fil, ayn\u0131 zamanda b\u00f6lgemizin turizm gelece\u011fine verilen \u00f6nemin ve duyulan g\u00fcvenin de bir g\u00f6stergesidir. Turizm, b\u00f6lgemizin ve Uzung\u00f6l&#8217;\u00fcn ekonomik kalk\u0131nmas\u0131nda kilit rol oynamaktad\u0131r. TGA gibi kritik bir kurumun b\u00f6lge se\u00e7imlerinde, Trabzon&#8217;u temsil edecek olman\u0131z, turizm hedeflerimize ula\u015fma yolunda bizlere b\u00fcy\u00fck bir heyecan ve umut vermektedir.<\/span><br \/><span>\u200bUzung\u00f6l Birlik A.\u015e. Y\u00f6netim Kurulu olarak, Trabzon turizmini daha ileriye ta\u015f\u0131ma misyonunuzda size ba\u015far\u0131lar diler, TGA b\u00f6lge temsilcili\u011fi se\u00e7iminin b\u00f6lgemiz i\u00e7in hay\u0131rl\u0131 olmas\u0131n\u0131 temenni ederiz.<\/span><br \/><span>\u200bMustafa Kemal ZENG\u0130N<\/span><br \/><span>Uzung\u00f6l Birlik A.\u015e. Y\u00f6netim Kurulu Ba\u015fkan\u0131<\/span><\/p>\n<p>          <\/div>\n","protected":false},"excerpt":{"rendered":"<p>Uzung\u00f6l Turizm \u0130\u015fletmeleri Derne\u011fi Ba\u015fkan\u0131 Metin \u0130nan Turizm Tan\u0131t\u0131m ve Geli\u015ftirme Ajans\u0131 Trabzon Aday\u0131 se\u00e7ildi. Turizm Tan\u0131t\u0131m Geli\u015ftirme Ajans\u0131 (TGA) Trabzon temsilcisini se\u00e7mek \u00fczere 31 Ekim 2025 Cuma g\u00fcn\u00fc Trabzon Zorlu Grant Otel\u2019de \u0130l aday\u0131n\u0131 belirlemek \u00fczere se\u00e7im yap\u0131ld\u0131. Toplam 223 delegenin oy kulland\u0131\u011f\u0131 aday belirleme s\u00fcrecinde Trabzon turizminin iki \u00f6nemli ismi yar\u0131\u015ft\u0131. Trabzon Oteller [&hellip;]<\/p>\n","protected":false},"author":1,"featured_media":5118,"comment_status":"open","ping_status":"open","sticky":false,"template":"","format":"standard","meta":{"tdm_status":"","tdm_grid_status":"","footnotes":""},"categories":[40],"tags":[],"class_list":{"0":"post-5117","1":"post","2":"type-post","3":"status-publish","4":"format-standard","5":"has-post-thumbnail","7":"category-caykara"},"_links":{"self":[{"href":"https:\/\/zeleka.com\/index.php?rest_route=\/wp\/v2\/posts\/5117","targetHints":{"allow":["GET"]}}],"collection":[{"href":"https:\/\/zeleka.com\/index.php?rest_route=\/wp\/v2\/posts"}],"about":[{"href":"https:\/\/zeleka.com\/index.php?rest_route=\/wp\/v2\/types\/post"}],"author":[{"embeddable":true,"href":"https:\/\/zeleka.com\/index.php?rest_route=\/wp\/v2\/users\/1"}],"replies":[{"embeddable":true,"href":"https:\/\/zeleka.com\/index.php?rest_route=%2Fwp%2Fv2%2Fcomments&post=5117"}],"version-history":[{"count":0,"href":"https:\/\/zeleka.com\/index.php?rest_route=\/wp\/v2\/posts\/5117\/revisions"}],"wp:featuredmedia":[{"embeddable":true,"href":"https:\/\/zeleka.com\/index.php?rest_route=\/wp\/v2\/media\/5118"}],"wp:attachment":[{"href":"https:\/\/zeleka.com\/index.php?rest_route=%2Fwp%2Fv2%2Fmedia&parent=5117"}],"wp:term":[{"taxonomy":"category","embeddable":true,"href":"https:\/\/zeleka.com\/index.php?rest_route=%2Fwp%2Fv2%2Fcategories&post=5117"},{"taxonomy":"post_tag","embeddable":true,"href":"https:\/\/zeleka.com\/index.php?rest_route=%2Fwp%2Fv2%2Ftags&post=5117"}],"curies":[{"name":"wp","href":"https:\/\/api.w.org\/{rel}","templated":true}]}}