{"id":5115,"date":"2025-10-30T19:30:09","date_gmt":"2025-10-30T16:30:09","guid":{"rendered":"https:\/\/zeleka.com\/?p=5115"},"modified":"2025-10-30T19:30:09","modified_gmt":"2025-10-30T16:30:09","slug":"dernekpazari-saglikta-ayseler-hakimiyeti-fahri-duzenliuzun-zamandir-tek-dr-la-tum-ilce-halkina-hizmet-verilmeye-calisiliyordu-yaz-tatilini-memlekete-gecirmek-icin-gel","status":"publish","type":"post","link":"https:\/\/zeleka.com\/?p=5115","title":{"rendered":"<div id=\"detaymetin\">                            <p>DERNEKPAZARI SA\u011eLIKTA AY\u015eELER HAK\u0130M\u0130YET\u0130.<br>Fahri D\u00fczenli<br>Uzun zamand\u0131r tek Dr.la t\u00fcm il\u00e7e halk\u0131na hizmet verilmeye \u00e7al\u0131\u015f\u0131l\u0131yordu.<\/p><figure><\/figure><p>\u00a0Yaz tatilini memlekete ge\u00e7irmek i\u00e7in gelen v"},"content":{"rendered":"<div id=\"detaymetin\">\n<p>DERNEKPAZARI SA\u011eLIKTA AY\u015eELER HAK\u0130M\u0130YET\u0130.<br \/>Fahri D\u00fczenli<br \/>Uzun zamand\u0131r tek Dr.la t\u00fcm il\u00e7e halk\u0131na hizmet verilmeye \u00e7al\u0131\u015f\u0131l\u0131yordu.<\/p>\n<figure><\/figure>\n<p>\u00a0Yaz tatilini memlekete ge\u00e7irmek i\u00e7in gelen vatanda\u015flar\u0131m\u0131z\u0131n, Aile Hekiminden memnun olduklar\u0131n\u0131 ama yeterli olmad\u0131\u011f\u0131n\u0131 belirtmekteydiler. Eyl\u00fcl ay\u0131 i\u00e7inde il\u00e7emize atan\u0131p g\u00f6reve ba\u015flayan \u00a0Dr. \u00a0Ay\u015fe Y\u0131lmaz T\u0131ng\u0131r, Dr. Ay\u015fenur Aleyna \u015eahin, Dr. Ay\u015fe Nur Tuncer ve Dr. Beyzanur Kat\u0131rc\u0131 ,k\u0131sa zamanda \u0130l\u00e7eye uyum sa\u011flay\u0131p \u00e7al\u0131\u015fmaya ba\u015flad\u0131lar . \u0130l\u00e7e olarak \u00a0 \u00a0 \u00a0hepsine ho\u015f geldiniz der, ba\u015far\u0131l\u0131 bir ya\u015fam dilerim .<\/p>\n<p>          <\/div>\n","protected":false},"excerpt":{"rendered":"<p>DERNEKPAZARI SA\u011eLIKTA AY\u015eELER HAK\u0130M\u0130YET\u0130.Fahri D\u00fczenliUzun zamand\u0131r tek Dr.la t\u00fcm il\u00e7e halk\u0131na hizmet verilmeye \u00e7al\u0131\u015f\u0131l\u0131yordu. \u00a0Yaz tatilini memlekete ge\u00e7irmek i\u00e7in gelen vatanda\u015flar\u0131m\u0131z\u0131n, Aile Hekiminden memnun olduklar\u0131n\u0131 ama yeterli olmad\u0131\u011f\u0131n\u0131 belirtmekteydiler. Eyl\u00fcl ay\u0131 i\u00e7inde il\u00e7emize atan\u0131p g\u00f6reve ba\u015flayan \u00a0Dr. \u00a0Ay\u015fe Y\u0131lmaz T\u0131ng\u0131r, Dr. Ay\u015fenur Aleyna \u015eahin, Dr. Ay\u015fe Nur Tuncer ve Dr. Beyzanur Kat\u0131rc\u0131 ,k\u0131sa zamanda \u0130l\u00e7eye [&hellip;]<\/p>\n","protected":false},"author":1,"featured_media":5116,"comment_status":"open","ping_status":"open","sticky":false,"template":"","format":"standard","meta":{"tdm_status":"","tdm_grid_status":"","footnotes":""},"categories":[40],"tags":[],"class_list":{"0":"post-5115","1":"post","2":"type-post","3":"status-publish","4":"format-standard","5":"has-post-thumbnail","7":"category-caykara"},"_links":{"self":[{"href":"https:\/\/zeleka.com\/index.php?rest_route=\/wp\/v2\/posts\/5115","targetHints":{"allow":["GET"]}}],"collection":[{"href":"https:\/\/zeleka.com\/index.php?rest_route=\/wp\/v2\/posts"}],"about":[{"href":"https:\/\/zeleka.com\/index.php?rest_route=\/wp\/v2\/types\/post"}],"author":[{"embeddable":true,"href":"https:\/\/zeleka.com\/index.php?rest_route=\/wp\/v2\/users\/1"}],"replies":[{"embeddable":true,"href":"https:\/\/zeleka.com\/index.php?rest_route=%2Fwp%2Fv2%2Fcomments&post=5115"}],"version-history":[{"count":0,"href":"https:\/\/zeleka.com\/index.php?rest_route=\/wp\/v2\/posts\/5115\/revisions"}],"wp:featuredmedia":[{"embeddable":true,"href":"https:\/\/zeleka.com\/index.php?rest_route=\/wp\/v2\/media\/5116"}],"wp:attachment":[{"href":"https:\/\/zeleka.com\/index.php?rest_route=%2Fwp%2Fv2%2Fmedia&parent=5115"}],"wp:term":[{"taxonomy":"category","embeddable":true,"href":"https:\/\/zeleka.com\/index.php?rest_route=%2Fwp%2Fv2%2Fcategories&post=5115"},{"taxonomy":"post_tag","embeddable":true,"href":"https:\/\/zeleka.com\/index.php?rest_route=%2Fwp%2Fv2%2Ftags&post=5115"}],"curies":[{"name":"wp","href":"https:\/\/api.w.org\/{rel}","templated":true}]}}