{"id":5113,"date":"2025-10-30T19:30:10","date_gmt":"2025-10-30T16:30:10","guid":{"rendered":"https:\/\/zeleka.com\/?p=5113"},"modified":"2025-10-30T19:30:10","modified_gmt":"2025-10-30T16:30:10","slug":"dernekpazarinda-cumhuriyet-bayrami-kutlandi-fahri-duzenli-cumhuriyetin-ilaninin-102-yili-ku","status":"publish","type":"post","link":"https:\/\/zeleka.com\/?p=5113","title":{"rendered":"<div id=\"detaymetin\">                            <p>DERNEKPAZARINDA \u00a0CUMHUR\u0130YET BAYRAMI KUTLANDI.\u00a0<br>\u00a0 \u00a0 \u00a0 \u00a0 \u00a0 \u00a0 \u00a0 Fahri D\u00fczenli<br>\u00a0 \u00a0 \u00a0Cumhuriyetin ilan\u0131n\u0131n 102. Y\u0131l\u0131 kutlamas\u0131 28. Ekim g\u00fcn\u00fc saat 13.00 de Hasan Cans\u0131z \u00c7ok Programl\u0131 Anadolu Lisesi \u00f6n\u00fcnd"},"content":{"rendered":"<div id=\"detaymetin\">\n<p>DERNEKPAZARINDA \u00a0CUMHUR\u0130YET BAYRAMI KUTLANDI.\u00a0<br \/>\u00a0 \u00a0 \u00a0 \u00a0 \u00a0 \u00a0 \u00a0 Fahri D\u00fczenli<br \/>\u00a0 \u00a0 \u00a0Cumhuriyetin ilan\u0131n\u0131n 102. Y\u0131l\u0131 kutlamas\u0131 28. Ekim g\u00fcn\u00fc saat 13.00 de Hasan Cans\u0131z \u00c7ok Programl\u0131 Anadolu Lisesi \u00f6n\u00fcndeki alanda bulunan Atat\u00fcrk B\u00fcst\u00fcne konan \u00a0\u00e7elenkler,sayg\u0131 duru\u015fu ve \u0130stiklal Mar\u015f\u0131 e\u015fli\u011finde g\u00f6ndere \u00e7ekilen bayrakla ba\u015flad\u0131.<\/p>\n<p><img decoding=\"async\" src=\"https:\/\/caykaragundem.com\/resimler\/2025-10\/30\/100898808031584.webp\"><br \/>\u00a029 Ekim saat 10,15 de Kaymakaml\u0131kta tebriklerin kabul\u00fc sonras\u0131 Okul kapal\u0131 salonunda kutlamalara devam edildi. Sayg\u0131 duru\u015fu,\u0130stiklal Mar\u015f\u0131n\u0131n okunu \u015fu ve g\u00fcn\u00fcn anlam\u0131 ile ilgili konu\u015fmalar yap\u0131ld\u0131.\u00a0<\/p>\n<figure><img decoding=\"async\" src=\"https:\/\/caykaragundem.com\/resimler\/2025-10\/30\/63962265323040.webp\"><\/figure>\n<p>\u00d6\u011frencilerin okudu\u011fu \u015fiirler,video g\u00f6sterisi,\u00f6\u011frenci oratoryosu ile \u00a0kutlamaya devam edildi.<\/p>\n<p><img decoding=\"async\" src=\"https:\/\/caykaragundem.com\/resimler\/2025-10\/30\/8521343555724.webp\"><br \/>Bayramla ilgili yap\u0131lan yar\u0131\u015fmalarda dereceye giren \u00f6\u011frencilere \u00a0 \u0130l\u00e7e Milli E\u011fitim M\u00fcd\u00fcr\u00fc,Ya\u015far Osmano\u011flu,Belediye Ba\u015fkan\u0131 Dr. Mehmet A\u015f\u0131k,Kaymakam \u00c7a\u011flar Ustao\u011flu taraf\u0131ndan \u00f6d\u00fclleri verilerek \u00a0bayram etkinli\u011fi sona erdi.<\/p>\n<figure><img decoding=\"async\" src=\"https:\/\/caykaragundem.com\/resimler\/2025-10\/30\/1026061114374958.webp\"><\/figure>\n<p>          <\/div>\n","protected":false},"excerpt":{"rendered":"<p>DERNEKPAZARINDA \u00a0CUMHUR\u0130YET BAYRAMI KUTLANDI.\u00a0\u00a0 \u00a0 \u00a0 \u00a0 \u00a0 \u00a0 \u00a0 Fahri D\u00fczenli\u00a0 \u00a0 \u00a0Cumhuriyetin ilan\u0131n\u0131n 102. Y\u0131l\u0131 kutlamas\u0131 28. Ekim g\u00fcn\u00fc saat 13.00 de Hasan Cans\u0131z \u00c7ok Programl\u0131 Anadolu Lisesi \u00f6n\u00fcndeki alanda bulunan Atat\u00fcrk B\u00fcst\u00fcne konan \u00a0\u00e7elenkler,sayg\u0131 duru\u015fu ve \u0130stiklal Mar\u015f\u0131 e\u015fli\u011finde g\u00f6ndere \u00e7ekilen bayrakla ba\u015flad\u0131. \u00a029 Ekim saat 10,15 de Kaymakaml\u0131kta tebriklerin kabul\u00fc sonras\u0131 [&hellip;]<\/p>\n","protected":false},"author":1,"featured_media":5114,"comment_status":"open","ping_status":"open","sticky":false,"template":"","format":"standard","meta":{"tdm_status":"","tdm_grid_status":"","footnotes":""},"categories":[40],"tags":[],"class_list":{"0":"post-5113","1":"post","2":"type-post","3":"status-publish","4":"format-standard","5":"has-post-thumbnail","7":"category-caykara"},"_links":{"self":[{"href":"https:\/\/zeleka.com\/index.php?rest_route=\/wp\/v2\/posts\/5113","targetHints":{"allow":["GET"]}}],"collection":[{"href":"https:\/\/zeleka.com\/index.php?rest_route=\/wp\/v2\/posts"}],"about":[{"href":"https:\/\/zeleka.com\/index.php?rest_route=\/wp\/v2\/types\/post"}],"author":[{"embeddable":true,"href":"https:\/\/zeleka.com\/index.php?rest_route=\/wp\/v2\/users\/1"}],"replies":[{"embeddable":true,"href":"https:\/\/zeleka.com\/index.php?rest_route=%2Fwp%2Fv2%2Fcomments&post=5113"}],"version-history":[{"count":0,"href":"https:\/\/zeleka.com\/index.php?rest_route=\/wp\/v2\/posts\/5113\/revisions"}],"wp:featuredmedia":[{"embeddable":true,"href":"https:\/\/zeleka.com\/index.php?rest_route=\/wp\/v2\/media\/5114"}],"wp:attachment":[{"href":"https:\/\/zeleka.com\/index.php?rest_route=%2Fwp%2Fv2%2Fmedia&parent=5113"}],"wp:term":[{"taxonomy":"category","embeddable":true,"href":"https:\/\/zeleka.com\/index.php?rest_route=%2Fwp%2Fv2%2Fcategories&post=5113"},{"taxonomy":"post_tag","embeddable":true,"href":"https:\/\/zeleka.com\/index.php?rest_route=%2Fwp%2Fv2%2Ftags&post=5113"}],"curies":[{"name":"wp","href":"https:\/\/api.w.org\/{rel}","templated":true}]}}