{"id":5110,"date":"2025-10-29T19:30:10","date_gmt":"2025-10-29T16:30:10","guid":{"rendered":"https:\/\/zeleka.com\/?p=5110"},"modified":"2025-10-29T19:30:10","modified_gmt":"2025-10-29T16:30:10","slug":"ekonomi-alanindaki-bilgi-birikimiyle-dikkat-ceken-altinisik-bundan-boyle-caykara-gundem-okurlariyla-kose-yazilari-araciligiyla-bulusacak-deneyimli-isim-yazilarinda-hem-t","status":"publish","type":"post","link":"https:\/\/zeleka.com\/?p=5110","title":{"rendered":"<div id=\"detaymetin\">                            <p>Ekonomi alan\u0131ndaki bilgi birikimiyle dikkat \u00e7eken Alt\u0131n\u0131\u015f\u0131k, bundan b\u00f6yle <strong>\u00c7aykara G\u00fcndem<\/strong> okurlar\u0131yla k\u00f6\u015fe yaz\u0131lar\u0131 arac\u0131l\u0131\u011f\u0131yla bulu\u015facak. Deneyimli isim, yaz\u0131lar\u0131nda hem T\u00fcrkiye hem de"},"content":{"rendered":"<div id=\"detaymetin\">\n<p>Ekonomi alan\u0131ndaki bilgi birikimiyle dikkat \u00e7eken Alt\u0131n\u0131\u015f\u0131k, bundan b\u00f6yle <strong>\u00c7aykara G\u00fcndem<\/strong> okurlar\u0131yla k\u00f6\u015fe yaz\u0131lar\u0131 arac\u0131l\u0131\u011f\u0131yla bulu\u015facak. Deneyimli isim, yaz\u0131lar\u0131nda hem T\u00fcrkiye hem de Avrupa\u2019daki ekonomik geli\u015fmeleri, sosyal ve k\u00fclt\u00fcrel olarak toplumun sosyal dinamiklerini de\u011ferlendirecek.<\/p>\n<p>Salih Alt\u0131n\u0131\u015f\u0131k, ayn\u0131 zamanda <strong>Art\u0131 5 Haber<\/strong> sitesinde de k\u00f6\u015fe yazarl\u0131\u011f\u0131 yapmakta ve zaman zaman bu platformun <strong>canl\u0131 yay\u0131n programlar\u0131na<\/strong> konuk olarak kat\u0131lmaktad\u0131r. Kat\u0131ld\u0131\u011f\u0131 yay\u0131nlarda ekonomi, diaspora \u00e7al\u0131\u015fmalar\u0131 ve toplumsal konulardaki g\u00f6r\u00fc\u015fleriyle dikkat \u00e7ekmektedir.<\/p>\n<p>\u00c7aykara G\u00fcndem y\u00f6netimi ise, Salih Alt\u0131n\u0131\u015f\u0131k\u2019\u0131n kat\u0131l\u0131m\u0131n\u0131n siteye \u00f6nemli bir de\u011fer kataca\u011f\u0131n\u0131 belirterek, \u201cAlan\u0131nda deneyimli ve vizyon sahibi bir ismin aram\u0131za kat\u0131lmas\u0131ndan b\u00fcy\u00fck memnuniyet duyuyoruz.\u0130lerleyen zaman diliminde yeni isimlerinde aram\u0131za kat\u0131laca\u011f\u0131n\u0131 ve okurlar\u0131m\u0131z ile aram\u0131zda b\u00fcy\u00fck bir ileti\u015fim ba\u011f\u0131 kurulaca\u011f\u0131\u201d a\u00e7\u0131klamas\u0131nda bulundu.<\/p>\n<div>\n<p>Salih Alt\u0131n\u0131\u015f\u0131k\u2019\u0131n k\u00f6\u015fe yaz\u0131lar\u0131na d\u00fczenli olarak <strong>www.caykaragundem.com<\/strong> adresinden ula\u015fabilirsiniz. \u015eimdiden hay\u0131rl\u0131 olmas\u0131n\u0131 diliyoruz. Salih Alt\u0131n\u0131\u015f\u0131k&#8217;\u0131n il k\u00f6\u015fe yaz\u0131s\u0131 olan \u201cTrabzon Art\u0131k Vakit Kaybedemez\u201d ba\u015fl\u0131kl\u0131 k\u00f6\u015fe yaz\u0131s\u0131n\u0131 <a target=\"_blank\" rel=\"noopener noreferrer\" href=\"https:\/\/caykaragundem.com\/kose-yazilari\/trabzon_artik_vakit_kaybedemez-1933.html\"><strong>bu linkten<\/strong><\/a> okuyabilirsiniz..<\/p>\n<p>https:\/\/caykaragundem.com\/kose-yazilari\/trabzon_artik_vakit_kaybedemez-1933.html<\/p>\n<\/div>\n<p>          <\/div>\n","protected":false},"excerpt":{"rendered":"<p>Ekonomi alan\u0131ndaki bilgi birikimiyle dikkat \u00e7eken Alt\u0131n\u0131\u015f\u0131k, bundan b\u00f6yle \u00c7aykara G\u00fcndem okurlar\u0131yla k\u00f6\u015fe yaz\u0131lar\u0131 arac\u0131l\u0131\u011f\u0131yla bulu\u015facak. Deneyimli isim, yaz\u0131lar\u0131nda hem T\u00fcrkiye hem de Avrupa\u2019daki ekonomik geli\u015fmeleri, sosyal ve k\u00fclt\u00fcrel olarak toplumun sosyal dinamiklerini de\u011ferlendirecek. Salih Alt\u0131n\u0131\u015f\u0131k, ayn\u0131 zamanda Art\u0131 5 Haber sitesinde de k\u00f6\u015fe yazarl\u0131\u011f\u0131 yapmakta ve zaman zaman bu platformun canl\u0131 yay\u0131n programlar\u0131na konuk [&hellip;]<\/p>\n","protected":false},"author":1,"featured_media":5111,"comment_status":"open","ping_status":"open","sticky":false,"template":"","format":"standard","meta":{"tdm_status":"","tdm_grid_status":"","footnotes":""},"categories":[40],"tags":[],"class_list":{"0":"post-5110","1":"post","2":"type-post","3":"status-publish","4":"format-standard","5":"has-post-thumbnail","7":"category-caykara"},"_links":{"self":[{"href":"https:\/\/zeleka.com\/index.php?rest_route=\/wp\/v2\/posts\/5110","targetHints":{"allow":["GET"]}}],"collection":[{"href":"https:\/\/zeleka.com\/index.php?rest_route=\/wp\/v2\/posts"}],"about":[{"href":"https:\/\/zeleka.com\/index.php?rest_route=\/wp\/v2\/types\/post"}],"author":[{"embeddable":true,"href":"https:\/\/zeleka.com\/index.php?rest_route=\/wp\/v2\/users\/1"}],"replies":[{"embeddable":true,"href":"https:\/\/zeleka.com\/index.php?rest_route=%2Fwp%2Fv2%2Fcomments&post=5110"}],"version-history":[{"count":0,"href":"https:\/\/zeleka.com\/index.php?rest_route=\/wp\/v2\/posts\/5110\/revisions"}],"wp:featuredmedia":[{"embeddable":true,"href":"https:\/\/zeleka.com\/index.php?rest_route=\/wp\/v2\/media\/5111"}],"wp:attachment":[{"href":"https:\/\/zeleka.com\/index.php?rest_route=%2Fwp%2Fv2%2Fmedia&parent=5110"}],"wp:term":[{"taxonomy":"category","embeddable":true,"href":"https:\/\/zeleka.com\/index.php?rest_route=%2Fwp%2Fv2%2Fcategories&post=5110"},{"taxonomy":"post_tag","embeddable":true,"href":"https:\/\/zeleka.com\/index.php?rest_route=%2Fwp%2Fv2%2Ftags&post=5110"}],"curies":[{"name":"wp","href":"https:\/\/api.w.org\/{rel}","templated":true}]}}