{"id":5108,"date":"2025-10-29T19:30:11","date_gmt":"2025-10-29T16:30:11","guid":{"rendered":"https:\/\/zeleka.com\/?p=5108"},"modified":"2025-10-29T19:30:11","modified_gmt":"2025-10-29T16:30:11","slug":"ekonomi-siyaset-kultur-sanat-egitim-medya-saglik-sosyal-hizmetler-ve-sivil-toplum-alanlarinda-onemli-calismalara-imza-atan-kisi-kurum-ve-kuruluslarin-odullendirildi","status":"publish","type":"post","link":"https:\/\/zeleka.com\/?p=5108","title":{"rendered":"<div id=\"detaymetin\">                            <p>Ekonomi, siyaset, k\u00fclt\u00fcr, sanat, e\u011fitim, medya, sa\u011fl\u0131k, sosyal hizmetler ve sivil toplum alanlar\u0131nda \u00f6nemli \u00e7al\u0131\u015fmalara imza atan ki\u015fi, kurum ve kurulu\u015flar\u0131n \u00f6d\u00fcllendirildi\u011fi gecede, \u201cY\u0131l\u0131n Sivil Toplum"},"content":{"rendered":"<div id=\"detaymetin\">\n<p>Ekonomi, siyaset, k\u00fclt\u00fcr, sanat, e\u011fitim, medya, sa\u011fl\u0131k, sosyal hizmetler ve sivil toplum alanlar\u0131nda \u00f6nemli \u00e7al\u0131\u015fmalara imza atan ki\u015fi, kurum ve kurulu\u015flar\u0131n \u00f6d\u00fcllendirildi\u011fi gecede, \u201cY\u0131l\u0131n Sivil Toplum Kurulu\u015fu\u201d \u00f6d\u00fcl\u00fc <strong>Trabzon\u2019un<\/strong> <strong>Uzung\u00f6l<\/strong> beldesinden <strong>Uzung\u00f6l \u00c7evre Koruma K\u00fclt\u00fcr ve Turizm Derne\u011fi\u2019ne<\/strong> verildi.<\/p>\n<p>B\u00f6lge insan\u0131n\u0131n yo\u011fun ilgisiyle ger\u00e7ekle\u015fen gecede; Trabzon B\u00fcy\u00fck\u015fehir Belediye Ba\u015fkan\u0131 <strong>Av. Ahmet Metin Gen\u00e7<\/strong>, Bayburt Belediye Ba\u015fkan\u0131 <strong>Mete Memi\u015f<\/strong>, G\u00fcm\u00fc\u015fhane \u00dcniversitesi Rekt\u00f6r\u00fc <strong>Prof. Dr. Oktay Y\u0131ld\u0131z<\/strong>, Trabzon Ticaret ve Sanayi Odas\u0131 Ba\u015fkan\u0131 <strong>Erkut \u00c7elebi<\/strong> ve \u00e7ok say\u0131da se\u00e7kin davetli yer ald\u0131.<\/p>\n<p><strong>Karadeniz Haberci Dergisi<\/strong> \u0130mtiyaz Sahibi <strong>Figen \u00c7akmak<\/strong>, a\u00e7\u0131l\u0131\u015f konu\u015fmas\u0131nda b\u00f6lgeye hizmet eden ki\u015fi ve kurumlar\u0131 onurland\u0131rmaktan gurur duyduklar\u0131n\u0131 belirtti. Ard\u0131ndan ger\u00e7ekle\u015fen t\u00f6rende, <strong>Uzung\u00f6l \u00c7evre Koruma K\u00fclt\u00fcr ve Turizm Derne\u011fi Ba\u015fkan\u0131 Abdullah \u00d6zen<\/strong>, \u201cY\u0131l\u0131n Sivil Toplum Kurulu\u015fu\u201d \u00f6d\u00fcl\u00fcn\u00fc alarak <strong>Uzung\u00f6l<\/strong> ad\u0131na b\u00fcy\u00fck bir gurur ya\u015fatt\u0131.<\/p>\n<p>\u201cBu Ba\u015far\u0131 Uzung\u00f6ll\u00fc \u0130nsanlar\u0131m\u0131z\u0131n Ba\u015far\u0131s\u0131d\u0131r\u201d<\/p>\n<p>Dernek Ba\u015fkan\u0131 <strong>Abdullah \u00d6zen<\/strong>, t\u00f6rende yapt\u0131\u011f\u0131 k\u0131sa a\u00e7\u0131klamada\u00a0<\/p>\n<p>\u201cBu \u00f6d\u00fcl\u00fc bizlere lay\u0131k g\u00f6ren <strong>Karadeniz Haberci Gazetesine<\/strong> te\u015fekk\u00fcr ediyoruz. Bu \u00f6d\u00fcl\u00fc y\u00f6netim kurulumuz ad\u0131na al\u0131yorum. Her bir ba\u015far\u0131ya bu gibi \u00f6d\u00fcller verilmesi ba\u015far\u0131l\u0131 olan insanlar\u0131n \u015fevkini artt\u0131r\u0131r. Bu g\u00fczel geceye imza atan say\u0131n <strong>Figen \u00c7akmak <\/strong>ve ekibine te\u015fekk\u00fcr ediyorum\u201d<\/p>\n<p>ifadelerini kulland\u0131.<\/p>\n<figure><img decoding=\"async\" src=\"https:\/\/caykaragundem.com\/resimler\/2025-10\/29\/1167811913133302.webp\"><\/figure>\n<p>          <\/div>\n","protected":false},"excerpt":{"rendered":"<p>Ekonomi, siyaset, k\u00fclt\u00fcr, sanat, e\u011fitim, medya, sa\u011fl\u0131k, sosyal hizmetler ve sivil toplum alanlar\u0131nda \u00f6nemli \u00e7al\u0131\u015fmalara imza atan ki\u015fi, kurum ve kurulu\u015flar\u0131n \u00f6d\u00fcllendirildi\u011fi gecede, \u201cY\u0131l\u0131n Sivil Toplum Kurulu\u015fu\u201d \u00f6d\u00fcl\u00fc Trabzon\u2019un Uzung\u00f6l beldesinden Uzung\u00f6l \u00c7evre Koruma K\u00fclt\u00fcr ve Turizm Derne\u011fi\u2019ne verildi. B\u00f6lge insan\u0131n\u0131n yo\u011fun ilgisiyle ger\u00e7ekle\u015fen gecede; Trabzon B\u00fcy\u00fck\u015fehir Belediye Ba\u015fkan\u0131 Av. Ahmet Metin Gen\u00e7, Bayburt Belediye [&hellip;]<\/p>\n","protected":false},"author":1,"featured_media":5109,"comment_status":"open","ping_status":"open","sticky":false,"template":"","format":"standard","meta":{"tdm_status":"","tdm_grid_status":"","footnotes":""},"categories":[40],"tags":[],"class_list":{"0":"post-5108","1":"post","2":"type-post","3":"status-publish","4":"format-standard","5":"has-post-thumbnail","7":"category-caykara"},"_links":{"self":[{"href":"https:\/\/zeleka.com\/index.php?rest_route=\/wp\/v2\/posts\/5108","targetHints":{"allow":["GET"]}}],"collection":[{"href":"https:\/\/zeleka.com\/index.php?rest_route=\/wp\/v2\/posts"}],"about":[{"href":"https:\/\/zeleka.com\/index.php?rest_route=\/wp\/v2\/types\/post"}],"author":[{"embeddable":true,"href":"https:\/\/zeleka.com\/index.php?rest_route=\/wp\/v2\/users\/1"}],"replies":[{"embeddable":true,"href":"https:\/\/zeleka.com\/index.php?rest_route=%2Fwp%2Fv2%2Fcomments&post=5108"}],"version-history":[{"count":0,"href":"https:\/\/zeleka.com\/index.php?rest_route=\/wp\/v2\/posts\/5108\/revisions"}],"wp:featuredmedia":[{"embeddable":true,"href":"https:\/\/zeleka.com\/index.php?rest_route=\/wp\/v2\/media\/5109"}],"wp:attachment":[{"href":"https:\/\/zeleka.com\/index.php?rest_route=%2Fwp%2Fv2%2Fmedia&parent=5108"}],"wp:term":[{"taxonomy":"category","embeddable":true,"href":"https:\/\/zeleka.com\/index.php?rest_route=%2Fwp%2Fv2%2Fcategories&post=5108"},{"taxonomy":"post_tag","embeddable":true,"href":"https:\/\/zeleka.com\/index.php?rest_route=%2Fwp%2Fv2%2Ftags&post=5108"}],"curies":[{"name":"wp","href":"https:\/\/api.w.org\/{rel}","templated":true}]}}