{"id":5106,"date":"2025-10-29T19:30:12","date_gmt":"2025-10-29T16:30:12","guid":{"rendered":"https:\/\/zeleka.com\/?p=5106"},"modified":"2025-10-29T19:30:12","modified_gmt":"2025-10-29T16:30:12","slug":"cumhuriyetimizin-ilan-edilisinin-102-yil-donumu-29-ekim-cumhuriyet-bayrami-uzungol-sehit-mehmet-aygun-imam-hatip-ortaokulunda-cosku-ile-kutlandi-okulun-etkinlik-salonunda-g","status":"publish","type":"post","link":"https:\/\/zeleka.com\/?p=5106","title":{"rendered":"<div id=\"detaymetin\">                            <p>Cumhuriyetimizin ilan edili\u015finin 102.Y\u0131l D\u00f6n\u00fcm\u00fc 29 Ekim Cumhuriyet Bayram\u0131 Uzung\u00f6l \u015eehit Mehmet Ayg\u00fcn \u0130mam Hatip Ortaokulunda co\u015fku ile kutland\u0131.<\/p><p>Okulun etkinlik salonunda ger\u00e7ekle\u015ftirilen t\u00f6rene U"},"content":{"rendered":"<div id=\"detaymetin\">\n<p>Cumhuriyetimizin ilan edili\u015finin 102.Y\u0131l D\u00f6n\u00fcm\u00fc 29 Ekim Cumhuriyet Bayram\u0131 Uzung\u00f6l \u015eehit Mehmet Ayg\u00fcn \u0130mam Hatip Ortaokulunda co\u015fku ile kutland\u0131.<\/p>\n<p>Okulun etkinlik salonunda ger\u00e7ekle\u015ftirilen t\u00f6rene Uzung\u00f6l Muhtar\u0131 Selman Dilek ile Okul M\u00fcd\u00fcr\u00fc \u0130dris Hac\u0131mahmuto\u011flu \u00f6\u011fretmen,\u00f6\u011frenci ve veliler kat\u0131l\u0131m sa\u011flad\u0131.<\/p>\n<figure><img decoding=\"async\" src=\"https:\/\/caykaragundem.com\/resimler\/2025-10\/29\/1023031354299372.webp\"><\/figure>\n<p>Ger\u00e7ekle\u015ftirilen kutlama program\u0131nda Okul M\u00fcd\u00fcr\u00fc \u0130dris Hac\u0131mahmuto\u011flu ile Uzung\u00f6l Muhtar\u0131 Selman Dilek taraf\u0131ndan birer selamlama konu\u015fmas\u0131 yap\u0131ld\u0131.<\/p>\n<p>Velilerin yo\u011fun bir kat\u0131l\u0131m g\u00f6sterdikleri Cumhuriyet Bayram\u0131 Kutlama t\u00f6reninde \u00f6\u011frenciler taraf\u0131ndan haz\u0131rlanan \u015fiir,konu\u015fma,dramatizasyon oyunlar\u0131 sahneye konulurken ayr\u0131ca kurtulu\u015f sava\u015f\u0131n\u0131n dramatize edildi\u011fi bir tiyatro oyunu da sahneye konuldu.<\/p>\n<figure><img decoding=\"async\" src=\"https:\/\/caykaragundem.com\/resimler\/2025-10\/29\/70251432359544.webp\"><\/figure>\n<p>Ger\u00e7ekle\u015ftirilen programda ayr\u0131ca \u0130l\u00e7e ve \u0130l genelinde ger\u00e7ekle\u015ftirilen yar\u0131\u015fmalarda dereceye giren \u00f6\u011frencilere madalyalar\u0131 takdim edildi.<\/p>\n<figure><img decoding=\"async\" src=\"https:\/\/caykaragundem.com\/resimler\/2025-10\/29\/935751850031006.webp\"><\/figure>\n<p>          <\/div>\n","protected":false},"excerpt":{"rendered":"<p>Cumhuriyetimizin ilan edili\u015finin 102.Y\u0131l D\u00f6n\u00fcm\u00fc 29 Ekim Cumhuriyet Bayram\u0131 Uzung\u00f6l \u015eehit Mehmet Ayg\u00fcn \u0130mam Hatip Ortaokulunda co\u015fku ile kutland\u0131. Okulun etkinlik salonunda ger\u00e7ekle\u015ftirilen t\u00f6rene Uzung\u00f6l Muhtar\u0131 Selman Dilek ile Okul M\u00fcd\u00fcr\u00fc \u0130dris Hac\u0131mahmuto\u011flu \u00f6\u011fretmen,\u00f6\u011frenci ve veliler kat\u0131l\u0131m sa\u011flad\u0131. Ger\u00e7ekle\u015ftirilen kutlama program\u0131nda Okul M\u00fcd\u00fcr\u00fc \u0130dris Hac\u0131mahmuto\u011flu ile Uzung\u00f6l Muhtar\u0131 Selman Dilek taraf\u0131ndan birer selamlama konu\u015fmas\u0131 yap\u0131ld\u0131. [&hellip;]<\/p>\n","protected":false},"author":1,"featured_media":5107,"comment_status":"open","ping_status":"open","sticky":false,"template":"","format":"standard","meta":{"tdm_status":"","tdm_grid_status":"","footnotes":""},"categories":[40],"tags":[],"class_list":{"0":"post-5106","1":"post","2":"type-post","3":"status-publish","4":"format-standard","5":"has-post-thumbnail","7":"category-caykara"},"_links":{"self":[{"href":"https:\/\/zeleka.com\/index.php?rest_route=\/wp\/v2\/posts\/5106","targetHints":{"allow":["GET"]}}],"collection":[{"href":"https:\/\/zeleka.com\/index.php?rest_route=\/wp\/v2\/posts"}],"about":[{"href":"https:\/\/zeleka.com\/index.php?rest_route=\/wp\/v2\/types\/post"}],"author":[{"embeddable":true,"href":"https:\/\/zeleka.com\/index.php?rest_route=\/wp\/v2\/users\/1"}],"replies":[{"embeddable":true,"href":"https:\/\/zeleka.com\/index.php?rest_route=%2Fwp%2Fv2%2Fcomments&post=5106"}],"version-history":[{"count":0,"href":"https:\/\/zeleka.com\/index.php?rest_route=\/wp\/v2\/posts\/5106\/revisions"}],"wp:featuredmedia":[{"embeddable":true,"href":"https:\/\/zeleka.com\/index.php?rest_route=\/wp\/v2\/media\/5107"}],"wp:attachment":[{"href":"https:\/\/zeleka.com\/index.php?rest_route=%2Fwp%2Fv2%2Fmedia&parent=5106"}],"wp:term":[{"taxonomy":"category","embeddable":true,"href":"https:\/\/zeleka.com\/index.php?rest_route=%2Fwp%2Fv2%2Fcategories&post=5106"},{"taxonomy":"post_tag","embeddable":true,"href":"https:\/\/zeleka.com\/index.php?rest_route=%2Fwp%2Fv2%2Ftags&post=5106"}],"curies":[{"name":"wp","href":"https:\/\/api.w.org\/{rel}","templated":true}]}}