{"id":5104,"date":"2025-10-29T19:30:13","date_gmt":"2025-10-29T16:30:13","guid":{"rendered":"https:\/\/zeleka.com\/?p=5104"},"modified":"2025-10-29T19:30:13","modified_gmt":"2025-10-29T16:30:13","slug":"cumhuriyetimizin-ilan-edilisinin-102-yil-donumu-trabzonun-caykara-ilcesinde-cosku-icinde-kutlandicay","status":"publish","type":"post","link":"https:\/\/zeleka.com\/?p=5104","title":{"rendered":"<div id=\"detaymetin\">                            <p>Cumhuriyetimizin \u0130lan Edili\u015finin 102. Y\u0131l D\u00f6n\u00fcm\u00fc Trabzon\u2019un \u00c7aykara \u0130l\u00e7esinde co\u015fku i\u00e7inde kutland\u0131<\/p><figure><img src=\"https:\/\/caykaragundem.com\/resimler\/2025-10\/29\/49890482537684.webp\"><\/figure><p>\u00c7ay"},"content":{"rendered":"<div id=\"detaymetin\">\n<p>Cumhuriyetimizin \u0130lan Edili\u015finin 102. Y\u0131l D\u00f6n\u00fcm\u00fc Trabzon\u2019un \u00c7aykara \u0130l\u00e7esinde co\u015fku i\u00e7inde kutland\u0131<\/p>\n<figure><img decoding=\"async\" src=\"https:\/\/caykaragundem.com\/resimler\/2025-10\/29\/49890482537684.webp\"><\/figure>\n<p>\u00c7aykara Belediyesi Konferans Salonunda ger\u00e7ekle\u015ftirilen Kutlama T\u00f6renine \u00c7aykara Kaymakam\u0131 Ali Sapmaz,\u00c7aykara Belediye Ba\u015fkan\u0131 Hanefi Tok,\u00c7aykara \u0130l\u00e7e Jandarma Komutan\u0131 \u00dcste\u011fmen Emre Can Narin,\u00c7aykara \u0130l\u00e7e Emniyet Amiri Komiser Alparslan Albayrak,AK Parti \u00c7aykara \u0130l\u00e7e Ba\u015fkan\u0131 Muyhammet Sel\u00e7uk,MHP \u00c7aykara \u0130l\u00e7e Ba\u015fkan\u0131 Sava\u015f \u00d6ks\u00fcz.CHP \u00c7aykara \u0130l\u00e7e Ba\u015fkan\u0131 Hasan Atalay,\u00f6\u011fretmenler,\u00f6\u011frenciler ve kalabal\u0131k bir vatanda\u015f toplulu\u011fu kat\u0131l\u0131m sa\u011flad\u0131<\/p>\n<figure><img decoding=\"async\" src=\"https:\/\/caykaragundem.com\/resimler\/2025-10\/29\/65125803933676.webp\"><\/figure>\n<p>\u00c7aykara Kaymakam\u0131 Ali Sapmaz ve \u00c7aykara Belediye Ba\u015fkan\u0131 Hanefi Tok,\u00d6\u011frencilerin ve T\u00f6rene kat\u0131l\u0131m sa\u011flayan vatanda\u015flar\u0131n Cumhuriyet Bayramlar\u0131n\u0131 kutlad\u0131lar.<\/p>\n<p>\u00c7aykara Zeki Bilge Ortaokulu taraf\u0131ndan haz\u0131rlanan Resmi Programda \u00f6\u011frenciler taraf\u0131ndan haz\u0131rlanan \u015fiir ve konu\u015fmalar\u0131n yan\u0131 s\u0131ra drama g\u00f6sterisi,tiyatro etkinli\u011fi ve Halkoyunlar\u0131 ekibi g\u00f6sterisi de ger\u00e7ekle\u015ftirildi.<\/p>\n<figure><img decoding=\"async\" src=\"https:\/\/caykaragundem.com\/resimler\/2025-10\/29\/8369251731042.webp\"><\/figure>\n<p>Program\u0131n son b\u00f6l\u00fcm\u00fcnde 29 Ekim Cumhuriyet Bayram\u0131 dolay\u0131s\u0131 ile \u00c7aykara \u0130l\u00e7e Milkli E\u011fitim M\u00fcd\u00fcrl\u00fc\u011f\u00fc taraf\u0131ndan ger\u00e7ekle\u015ftirilen yar\u0131\u015fmalarda dereceye giren \u00f6\u011frencilere \u00f6d\u00fclleri \u00c7aykara Kaymakam\u0131 Ali Sapmaz ve \u00c7aykara Belediye Ba\u015fkan\u0131 Hanefi Tok taraf\u0131ndan takdim edildi.<\/p>\n<p>          <\/div>\n","protected":false},"excerpt":{"rendered":"<p>Cumhuriyetimizin \u0130lan Edili\u015finin 102. Y\u0131l D\u00f6n\u00fcm\u00fc Trabzon\u2019un \u00c7aykara \u0130l\u00e7esinde co\u015fku i\u00e7inde kutland\u0131 \u00c7aykara Belediyesi Konferans Salonunda ger\u00e7ekle\u015ftirilen Kutlama T\u00f6renine \u00c7aykara Kaymakam\u0131 Ali Sapmaz,\u00c7aykara Belediye Ba\u015fkan\u0131 Hanefi Tok,\u00c7aykara \u0130l\u00e7e Jandarma Komutan\u0131 \u00dcste\u011fmen Emre Can Narin,\u00c7aykara \u0130l\u00e7e Emniyet Amiri Komiser Alparslan Albayrak,AK Parti \u00c7aykara \u0130l\u00e7e Ba\u015fkan\u0131 Muyhammet Sel\u00e7uk,MHP \u00c7aykara \u0130l\u00e7e Ba\u015fkan\u0131 Sava\u015f \u00d6ks\u00fcz.CHP \u00c7aykara \u0130l\u00e7e Ba\u015fkan\u0131 Hasan [&hellip;]<\/p>\n","protected":false},"author":1,"featured_media":5105,"comment_status":"open","ping_status":"open","sticky":false,"template":"","format":"standard","meta":{"tdm_status":"","tdm_grid_status":"","footnotes":""},"categories":[40],"tags":[],"class_list":{"0":"post-5104","1":"post","2":"type-post","3":"status-publish","4":"format-standard","5":"has-post-thumbnail","7":"category-caykara"},"_links":{"self":[{"href":"https:\/\/zeleka.com\/index.php?rest_route=\/wp\/v2\/posts\/5104","targetHints":{"allow":["GET"]}}],"collection":[{"href":"https:\/\/zeleka.com\/index.php?rest_route=\/wp\/v2\/posts"}],"about":[{"href":"https:\/\/zeleka.com\/index.php?rest_route=\/wp\/v2\/types\/post"}],"author":[{"embeddable":true,"href":"https:\/\/zeleka.com\/index.php?rest_route=\/wp\/v2\/users\/1"}],"replies":[{"embeddable":true,"href":"https:\/\/zeleka.com\/index.php?rest_route=%2Fwp%2Fv2%2Fcomments&post=5104"}],"version-history":[{"count":0,"href":"https:\/\/zeleka.com\/index.php?rest_route=\/wp\/v2\/posts\/5104\/revisions"}],"wp:featuredmedia":[{"embeddable":true,"href":"https:\/\/zeleka.com\/index.php?rest_route=\/wp\/v2\/media\/5105"}],"wp:attachment":[{"href":"https:\/\/zeleka.com\/index.php?rest_route=%2Fwp%2Fv2%2Fmedia&parent=5104"}],"wp:term":[{"taxonomy":"category","embeddable":true,"href":"https:\/\/zeleka.com\/index.php?rest_route=%2Fwp%2Fv2%2Fcategories&post=5104"},{"taxonomy":"post_tag","embeddable":true,"href":"https:\/\/zeleka.com\/index.php?rest_route=%2Fwp%2Fv2%2Ftags&post=5104"}],"curies":[{"name":"wp","href":"https:\/\/api.w.org\/{rel}","templated":true}]}}