{"id":5100,"date":"2025-10-28T18:30:46","date_gmt":"2025-10-28T15:30:46","guid":{"rendered":"https:\/\/zeleka.com\/?p=5100"},"modified":"2025-10-28T18:30:46","modified_gmt":"2025-10-28T15:30:46","slug":"trabzonda-faaliyet-gosteren-caykara-dernekpazari-kultur-ve-dayanisma-dernegi-son-yillarda-karadeniz-bolgesinde-tarim-alanlarinda-yetisen-findik-ve-meyve-bahcelerin","status":"publish","type":"post","link":"https:\/\/zeleka.com\/?p=5100","title":{"rendered":"<div id=\"detaymetin\">                            <p>Trabzon\u2019da faaliyet g\u00f6steren \u00c7aykara-Dernekpazar\u0131 K\u00fclt\u00fcr ve Dayan\u0131\u015fma Derne\u011fi son y\u0131llarda Karadeniz b\u00f6lgesinde tar\u0131m alanlar\u0131nda yeti\u015fen F\u0131nd\u0131k ve Meyve bah\u00e7elerine zarar veren kahverengi kokarca b\u00f6ce\u011fi"},"content":{"rendered":"<div id=\"detaymetin\">\n<p>Trabzon\u2019da faaliyet g\u00f6steren \u00c7aykara-Dernekpazar\u0131 K\u00fclt\u00fcr ve Dayan\u0131\u015fma Derne\u011fi son y\u0131llarda Karadeniz b\u00f6lgesinde tar\u0131m alanlar\u0131nda yeti\u015fen F\u0131nd\u0131k ve Meyve bah\u00e7elerine zarar veren kahverengi kokarca b\u00f6ce\u011fi ile m\u00fccadele seferberli\u011fi ba\u015flatt\u0131.<\/p>\n<p>Karadeniz Teknik \u00dcniversitesi ve Trabzon \u00dcniversitesinde okuyan ve dernekten burs alan bir grup \u00fcniversitede \u00f6\u011frencileri ile birlikte y\u00f6netim kurulu \u00fcyeleri Mehmet \u00c7evik, \u015eeref Zengin ve dernek m\u00fcd\u00fcr\u00fc Alptekin G\u00f6khan \u015eahin, Trabzon Tar\u0131m ve Orman \u0130l m\u00fcd\u00fcr\u00fc Say\u0131n \u0130sa Kaplan\u2019\u0131 makam\u0131nda ziyarette bulundular.<\/p>\n<p>Kahverengi Kokarca ile m\u00fccadele kapsam\u0131nda Trabzon Tar\u0131m ve Orman \u0130l M\u00fcd\u00fcrl\u00fc\u011f\u00fc ile dernek olarak ortakla\u015fa ger\u00e7ekle\u015ftirece\u011fimiz sosyal faaliyet kapsam\u0131nda \u0130l m\u00fcd\u00fcr\u00fc \u0130sa Kaplan\u2019a desteklerini ilettiler.\u00a0<\/p>\n<figure><img decoding=\"async\" src=\"https:\/\/caykaragundem.com\/resimler\/2025-10\/27\/40944444824143.webp\"><\/figure>\n<p><strong>Ziyaret sonras\u0131nda dernek ad\u0131na yap\u0131lan a\u00e7\u0131klama a\u015fa\u011f\u0131dad\u0131r:<\/strong><\/p>\n<p>Biz \u00e7aykara ve Dernekpazar\u0131 k\u00fclt\u00fcr ve dayan\u0131\u015fma derne\u011fi olarak topluma faydal\u0131 olmak ad\u0131na g\u00fczel alg\u0131lar olu\u015fturmay\u0131 kendimize g\u00f6rev edinmi\u015f bir toplulu\u011fuz.<\/p>\n<p>\u0130limizde tar\u0131m alanlar\u0131n\u0131 hatta ya\u015fam alanlar\u0131m\u0131z\u0131 tehdit eden kahverengi kokarca b\u00f6ce\u011fi ge\u00e7enlerde aram\u0131zda g\u00fcndem oldu ve ara\u015ft\u0131rma yapma gere\u011fi duyduk\u2026<\/p>\n<p>Bu b\u00f6ce\u011fin tar\u0131m \u00fcr\u00fcnlerine verdi\u011fi zarar ve m\u00fccadelenin ba\u015far\u0131s\u0131z olmas\u0131 halinde durumun sonu\u00e7lar\u0131 a\u00e7\u0131k\u00e7as\u0131 bizleri korkuttu. Bu konu hakk\u0131nda y\u00fcr\u00fct\u00fclen \u00e7al\u0131\u015fmalar\u0131 hep birlikte ara\u015ft\u0131rd\u0131k ve Tar\u0131m il m\u00fcd\u00fcrl\u00fc\u011f\u00fcm\u00fcz ile B\u00fcy\u00fck\u015fehir Belediyemizin canla ba\u015fla m\u00fccadele etti\u011fi bilgisine ula\u015ft\u0131k. Ara\u015ft\u0131rmam\u0131zda kendisi Konyal\u0131 olup yakla\u015f\u0131k 2,5 y\u0131l \u00f6nce g\u00f6reve ba\u015flayan say\u0131n il m\u00fcd\u00fcr\u00fcm\u00fcz \u0130sa Kaplan ve ekibinin bu ili nas\u0131l sahiplendi\u011fini ve yapmaya devam ettikleri m\u00fccadeleye hayran kald\u0131k. Bu ekibinin mesai g\u00f6zetmeksizin \u00e7al\u0131\u015fmalar\u0131na \u015fahit olduk. Bu \u00e7al\u0131\u015fmada tek eksik olan asl\u0131nda bizlerdik\u2026 Yani vatanda\u015flar bu \u00e7al\u0131\u015fmalara t\u00fcm vatanda\u015flar\u0131m\u0131z\u0131n duyarl\u0131 olup ellerinden geleni yapmalar\u0131yla en g\u00fczel sonu\u00e7lar al\u0131naca\u011f\u0131 a\u015fik\u00e2rd\u0131r.<\/p>\n<p>Bu y\u00fczden il tar\u0131m ve orman m\u00fcd\u00fcrl\u00fc\u011f\u00fc binas\u0131 \u00f6n\u00fcnde topland\u0131k ve yaln\u0131z olmad\u0131klar\u0131n\u0131 onlar\u0131n yan\u0131nda oldu\u011fumuzu buradan seslenmek istedik.<\/p>\n<p>Hatta buradan Trabzon\u2019un t\u00fcm g\u00fczel il\u00e7elerine seslenerek tatl\u0131 bir meydan okuma yapmak istiyorum\u2026 Biz \u00c7aykara ve Dernekpazar\u0131 olarak buraday\u0131z siz neredesiniz\u2026<\/p>\n<figure><img decoding=\"async\" src=\"https:\/\/caykaragundem.com\/resimler\/2025-10\/27\/542621573933433.webp\"><\/figure>\n<p>\u00a0<img decoding=\"async\" src=\"https:\/\/caykaragundem.com\/resimler\/2025-10\/27\/755441771322154.webp\"><\/p>\n<p>          <\/div>\n","protected":false},"excerpt":{"rendered":"<p>Trabzon\u2019da faaliyet g\u00f6steren \u00c7aykara-Dernekpazar\u0131 K\u00fclt\u00fcr ve Dayan\u0131\u015fma Derne\u011fi son y\u0131llarda Karadeniz b\u00f6lgesinde tar\u0131m alanlar\u0131nda yeti\u015fen F\u0131nd\u0131k ve Meyve bah\u00e7elerine zarar veren kahverengi kokarca b\u00f6ce\u011fi ile m\u00fccadele seferberli\u011fi ba\u015flatt\u0131. Karadeniz Teknik \u00dcniversitesi ve Trabzon \u00dcniversitesinde okuyan ve dernekten burs alan bir grup \u00fcniversitede \u00f6\u011frencileri ile birlikte y\u00f6netim kurulu \u00fcyeleri Mehmet \u00c7evik, \u015eeref Zengin ve dernek m\u00fcd\u00fcr\u00fc [&hellip;]<\/p>\n","protected":false},"author":1,"featured_media":5101,"comment_status":"open","ping_status":"open","sticky":false,"template":"","format":"standard","meta":{"tdm_status":"","tdm_grid_status":"","footnotes":""},"categories":[40],"tags":[],"class_list":{"0":"post-5100","1":"post","2":"type-post","3":"status-publish","4":"format-standard","5":"has-post-thumbnail","7":"category-caykara"},"_links":{"self":[{"href":"https:\/\/zeleka.com\/index.php?rest_route=\/wp\/v2\/posts\/5100","targetHints":{"allow":["GET"]}}],"collection":[{"href":"https:\/\/zeleka.com\/index.php?rest_route=\/wp\/v2\/posts"}],"about":[{"href":"https:\/\/zeleka.com\/index.php?rest_route=\/wp\/v2\/types\/post"}],"author":[{"embeddable":true,"href":"https:\/\/zeleka.com\/index.php?rest_route=\/wp\/v2\/users\/1"}],"replies":[{"embeddable":true,"href":"https:\/\/zeleka.com\/index.php?rest_route=%2Fwp%2Fv2%2Fcomments&post=5100"}],"version-history":[{"count":0,"href":"https:\/\/zeleka.com\/index.php?rest_route=\/wp\/v2\/posts\/5100\/revisions"}],"wp:featuredmedia":[{"embeddable":true,"href":"https:\/\/zeleka.com\/index.php?rest_route=\/wp\/v2\/media\/5101"}],"wp:attachment":[{"href":"https:\/\/zeleka.com\/index.php?rest_route=%2Fwp%2Fv2%2Fmedia&parent=5100"}],"wp:term":[{"taxonomy":"category","embeddable":true,"href":"https:\/\/zeleka.com\/index.php?rest_route=%2Fwp%2Fv2%2Fcategories&post=5100"},{"taxonomy":"post_tag","embeddable":true,"href":"https:\/\/zeleka.com\/index.php?rest_route=%2Fwp%2Fv2%2Ftags&post=5100"}],"curies":[{"name":"wp","href":"https:\/\/api.w.org\/{rel}","templated":true}]}}