{"id":5098,"date":"2025-10-28T18:30:47","date_gmt":"2025-10-28T15:30:47","guid":{"rendered":"https:\/\/zeleka.com\/?p=5098"},"modified":"2025-10-28T18:30:47","modified_gmt":"2025-10-28T15:30:47","slug":"trabzonun-caykara-ilcesinde-filistin-icin-destek-amacli-olarak-kermes-organizasyonu-gerceklestirildi-insani-yardim-vakfi-ihh-caykara-subesi-tarafindan-organize-edi","status":"publish","type":"post","link":"https:\/\/zeleka.com\/?p=5098","title":{"rendered":"<div id=\"detaymetin\">                            <p>Trabzon\u2019un \u00c7aykara \u0130l\u00e7esinde Filistin i\u00e7in Destek ama\u00e7l\u0131 olarak Kermes Organizasyonu ger\u00e7ekle\u015ftirildi.<\/p><p>\u0130nsani Yard\u0131m Vakf\u0131 \u0130HH \u00c7aykara \u015eubesi taraf\u0131ndan organize edilen Filistin\u2019e destek Kermes org"},"content":{"rendered":"<div id=\"detaymetin\">\n<p>Trabzon\u2019un \u00c7aykara \u0130l\u00e7esinde Filistin i\u00e7in Destek ama\u00e7l\u0131 olarak Kermes Organizasyonu ger\u00e7ekle\u015ftirildi.<\/p>\n<p>\u0130nsani Yard\u0131m Vakf\u0131 \u0130HH \u00c7aykara \u015eubesi taraf\u0131ndan organize edilen Filistin\u2019e destek Kermes organizasyonu 28 Ekim 2025 Sal\u0131 g\u00fcn\u00fc 11.00-18.00 saatleri aras\u0131nda \u00c7aykara Halk E\u011fitim Merkezi \u00f6n\u00fcnde ger\u00e7ekle\u015ftirildi.<\/p>\n<figure><img decoding=\"async\" src=\"https:\/\/caykaragundem.com\/resimler\/2025-10\/28\/61879616718366.webp\"><\/figure>\n<p>\u00c7aykara Kaymakam\u0131 Ali Sapmaz,\u00c7aykara Belediye Ba\u015fkan\u0131 Hanefi Tok,MHP \u00c7aykara \u0130l\u00e7e Ba\u015fkan\u0131 Sava\u015f \u00d6ks\u00fcz,\u00c7aykara \u0130l\u00e7e Emniyet Amiri Komiser Alparslan Albayrak Kermes Organizasyonunu ziyaret ederek Kermes Etkinli\u011fine destek verdiler.<\/p>\n<p>Kermes organizasyonu kapsam\u0131nda \u00c7aykara\u2019l\u0131 g\u00f6n\u00fcll\u00fc bayanlar taraf\u0131ndan haz\u0131rlanan \u00e7e\u015fitli \u00fcr\u00fcnler \u00c7aykara halk\u0131n\u0131n be\u011fenisine sunularak Filistin i\u00e7in destek sa\u011fland\u0131.<\/p>\n<figure><img decoding=\"async\" src=\"https:\/\/caykaragundem.com\/resimler\/2025-10\/28\/765851087864516.webp\"><\/figure>\n<p>Yo\u011fun bir kat\u0131l\u0131m ile ger\u00e7ekle\u015ftirilen Kermes organizasyonundan elde edilen gelir Diyanet \u0130\u015fler Ba\u015fkanl\u0131\u011f\u0131 taraf\u0131ndan Filistin\u2019e Destek amac\u0131 ile a\u00e7\u0131lan Banka hesab\u0131na yat\u0131r\u0131ld\u0131.<\/p>\n<p>          <\/div>\n","protected":false},"excerpt":{"rendered":"<p>Trabzon\u2019un \u00c7aykara \u0130l\u00e7esinde Filistin i\u00e7in Destek ama\u00e7l\u0131 olarak Kermes Organizasyonu ger\u00e7ekle\u015ftirildi. \u0130nsani Yard\u0131m Vakf\u0131 \u0130HH \u00c7aykara \u015eubesi taraf\u0131ndan organize edilen Filistin\u2019e destek Kermes organizasyonu 28 Ekim 2025 Sal\u0131 g\u00fcn\u00fc 11.00-18.00 saatleri aras\u0131nda \u00c7aykara Halk E\u011fitim Merkezi \u00f6n\u00fcnde ger\u00e7ekle\u015ftirildi. \u00c7aykara Kaymakam\u0131 Ali Sapmaz,\u00c7aykara Belediye Ba\u015fkan\u0131 Hanefi Tok,MHP \u00c7aykara \u0130l\u00e7e Ba\u015fkan\u0131 Sava\u015f \u00d6ks\u00fcz,\u00c7aykara \u0130l\u00e7e Emniyet Amiri Komiser [&hellip;]<\/p>\n","protected":false},"author":1,"featured_media":5099,"comment_status":"open","ping_status":"open","sticky":false,"template":"","format":"standard","meta":{"tdm_status":"","tdm_grid_status":"","footnotes":""},"categories":[40],"tags":[],"class_list":{"0":"post-5098","1":"post","2":"type-post","3":"status-publish","4":"format-standard","5":"has-post-thumbnail","7":"category-caykara"},"_links":{"self":[{"href":"https:\/\/zeleka.com\/index.php?rest_route=\/wp\/v2\/posts\/5098","targetHints":{"allow":["GET"]}}],"collection":[{"href":"https:\/\/zeleka.com\/index.php?rest_route=\/wp\/v2\/posts"}],"about":[{"href":"https:\/\/zeleka.com\/index.php?rest_route=\/wp\/v2\/types\/post"}],"author":[{"embeddable":true,"href":"https:\/\/zeleka.com\/index.php?rest_route=\/wp\/v2\/users\/1"}],"replies":[{"embeddable":true,"href":"https:\/\/zeleka.com\/index.php?rest_route=%2Fwp%2Fv2%2Fcomments&post=5098"}],"version-history":[{"count":0,"href":"https:\/\/zeleka.com\/index.php?rest_route=\/wp\/v2\/posts\/5098\/revisions"}],"wp:featuredmedia":[{"embeddable":true,"href":"https:\/\/zeleka.com\/index.php?rest_route=\/wp\/v2\/media\/5099"}],"wp:attachment":[{"href":"https:\/\/zeleka.com\/index.php?rest_route=%2Fwp%2Fv2%2Fmedia&parent=5098"}],"wp:term":[{"taxonomy":"category","embeddable":true,"href":"https:\/\/zeleka.com\/index.php?rest_route=%2Fwp%2Fv2%2Fcategories&post=5098"},{"taxonomy":"post_tag","embeddable":true,"href":"https:\/\/zeleka.com\/index.php?rest_route=%2Fwp%2Fv2%2Ftags&post=5098"}],"curies":[{"name":"wp","href":"https:\/\/api.w.org\/{rel}","templated":true}]}}