{"id":5060,"date":"2025-10-18T21:34:57","date_gmt":"2025-10-18T18:34:57","guid":{"rendered":"https:\/\/zeleka.com\/?p=5060"},"modified":"2025-10-18T21:34:57","modified_gmt":"2025-10-18T18:34:57","slug":"uzungolun-kulturel-mirasini-muzikle-bulusturan-etkileyici-bir-proje-muzikseverlerle-bulustu-sair-ve-turizmci-mehmet-inanin-sozlerini-kaleme-aldigi","status":"publish","type":"post","link":"https:\/\/zeleka.com\/?p=5060","title":{"rendered":"<div id=\"detaymetin\">                            <p>\u00a0 Uzung\u00f6l\u2019\u00fcn k\u00fclt\u00fcrel miras\u0131n\u0131 m\u00fczikle bulu\u015fturan etkileyici bir proje m\u00fczikseverlerle bulu\u015ftu. \u015eair ve turizmci Mehmet \u0130nan\u2019\u0131n s\u00f6zlerini kaleme ald\u0131\u011f\u0131 \u201cT\u00f6vbeler Olsun\u201d adl\u0131 e"},"content":{"rendered":"<div id=\"detaymetin\">\n<p>\u00a0 Uzung\u00f6l\u2019\u00fcn k\u00fclt\u00fcrel miras\u0131n\u0131 m\u00fczikle bulu\u015fturan etkileyici bir proje m\u00fczikseverlerle bulu\u015ftu. \u015eair ve turizmci Mehmet \u0130nan\u2019\u0131n s\u00f6zlerini kaleme ald\u0131\u011f\u0131 \u201cT\u00f6vbeler Olsun\u201d adl\u0131 eser, Anadolu rock\u2019un efsane ismi Murat Kekilli\u2019nin g\u00fc\u00e7l\u00fc yorumuyla hayat buldu. Eserin m\u00fczik altyap\u0131s\u0131 ise usta aranj\u00f6r Ahmet Ko\u00e7 taraf\u0131ndan haz\u0131rland\u0131.<\/p>\n<p>\u00a0 Karadeniz ezgileri ile rock t\u0131n\u0131lar\u0131n\u0131n harmanland\u0131\u011f\u0131 par\u00e7a, dinleyicilerden b\u00fcy\u00fck be\u011feni toplarken, klip \u00e7al\u0131\u015fmas\u0131 da dikkat \u00e7ekici detaylar bar\u0131nd\u0131r\u0131yor. Klip \u00e7ekimleri Uzung\u00f6l ba\u015fta olmak \u00fczere Karadeniz\u2019in \u00e7e\u015fitli do\u011fal g\u00fczelliklerinde ger\u00e7ekle\u015ftirildi. G\u00f6r\u00fcnt\u00fcler, yapay zeka destekli klonlama ve zenginle\u015ftirme teknikleriyle i\u015flenerek izleyiciye g\u00f6rsel bir \u015f\u00f6len sunuyor.<\/p>\n<p>\u00a0Klip tasar\u0131m\u0131 ve st\u00fcdyo \u00e7al\u0131\u015fmalar\u0131 UKopuz Production taraf\u0131ndan y\u00fcr\u00fct\u00fcl\u00fcrken, kemen\u00e7e performans\u0131 K\u00fcr\u015fat G\u00fcrel\u2019e ait. Geleneksel Karadeniz motifleri ile modern m\u00fczik anlay\u0131\u015f\u0131n\u0131 bir araya getiren bu proje, b\u00f6lgenin k\u00fclt\u00fcrel de\u011ferlerini ulusal m\u00fczik sahnesine ta\u015f\u0131yor.<\/p>\n<p>\u00a0Eserin s\u00f6zlerinde a\u015fk\u0131n ac\u0131s\u0131, gururun direnci ve Karadeniz insan\u0131n\u0131n i\u00e7sel d\u00fcnyas\u0131 yal\u0131n ama derin bir dille i\u015fleniyor. \u201cYarimin aya\u011f\u0131na gitmem t\u00f6vbeler olsun\u201d dizeleriyle ba\u015flayan par\u00e7a, dinleyiciyi hem duygusal hem de k\u00fclt\u00fcrel bir yolculu\u011fa \u00e7\u0131kar\u0131yor.<\/p>\n<p>\u00a0Eserin s\u00f6zleri ise \u015fu \u015fekilde;<\/p>\n<p>\u00a0<span>Yarimin aya\u011f\u0131na\u00a0<\/span><\/p>\n<p><span>Gitmem t\u00f6vbeler olsun\u00a0<\/span><\/p>\n<p><span>Daha onlan sevdal\u0131k\u00a0<\/span><\/p>\n<p><span>Etmem t\u00f6vbeler olsun\u00a0<\/span><\/p>\n<p><span>Almad\u0131 benden r\u0131za\u00a0<\/span><\/p>\n<p><span>\u00c7ekti kendini naza\u00a0<\/span><\/p>\n<p><span>Y\u00fcre\u011fimi ucuza\u00a0<\/span><\/p>\n<p><span>Satmam t\u00f6vbeler olsun<\/span><\/p>\n<p><span>\u00a0Hasret kalsam cismine\u00a0<\/span><\/p>\n<p><span>Al\u0131p bakmam resmine\u00a0<\/span><\/p>\n<p><span>\u0130smini soy ismime\u00a0<\/span><\/p>\n<p><span>Katmam t\u00f6vbeler olsun\u00a0<\/span><\/p>\n<p><span>Yarim derdime sa\u011f\u0131r<\/span><\/p>\n<p><span>\u00a0Yeter \u00e7ekti\u011fim kah\u0131r\u00a0<\/span><\/p>\n<p><span>Yansamda a\u011f\u0131r a\u011f\u0131r\u00a0<\/span><\/p>\n<p><span>T\u00fctmem t\u00f6vbeler olsun<\/span><\/p>\n<p>          <\/div>\n","protected":false},"excerpt":{"rendered":"<p>\u00a0 Uzung\u00f6l\u2019\u00fcn k\u00fclt\u00fcrel miras\u0131n\u0131 m\u00fczikle bulu\u015fturan etkileyici bir proje m\u00fczikseverlerle bulu\u015ftu. \u015eair ve turizmci Mehmet \u0130nan\u2019\u0131n s\u00f6zlerini kaleme ald\u0131\u011f\u0131 \u201cT\u00f6vbeler Olsun\u201d adl\u0131 eser, Anadolu rock\u2019un efsane ismi Murat Kekilli\u2019nin g\u00fc\u00e7l\u00fc yorumuyla hayat buldu. Eserin m\u00fczik altyap\u0131s\u0131 ise usta aranj\u00f6r Ahmet Ko\u00e7 taraf\u0131ndan haz\u0131rland\u0131. \u00a0 Karadeniz ezgileri ile rock t\u0131n\u0131lar\u0131n\u0131n harmanland\u0131\u011f\u0131 par\u00e7a, dinleyicilerden b\u00fcy\u00fck be\u011feni toplarken, [&hellip;]<\/p>\n","protected":false},"author":1,"featured_media":5061,"comment_status":"open","ping_status":"open","sticky":false,"template":"","format":"standard","meta":{"tdm_status":"","tdm_grid_status":"","footnotes":""},"categories":[40],"tags":[],"class_list":{"0":"post-5060","1":"post","2":"type-post","3":"status-publish","4":"format-standard","5":"has-post-thumbnail","7":"category-caykara"},"_links":{"self":[{"href":"https:\/\/zeleka.com\/index.php?rest_route=\/wp\/v2\/posts\/5060","targetHints":{"allow":["GET"]}}],"collection":[{"href":"https:\/\/zeleka.com\/index.php?rest_route=\/wp\/v2\/posts"}],"about":[{"href":"https:\/\/zeleka.com\/index.php?rest_route=\/wp\/v2\/types\/post"}],"author":[{"embeddable":true,"href":"https:\/\/zeleka.com\/index.php?rest_route=\/wp\/v2\/users\/1"}],"replies":[{"embeddable":true,"href":"https:\/\/zeleka.com\/index.php?rest_route=%2Fwp%2Fv2%2Fcomments&post=5060"}],"version-history":[{"count":0,"href":"https:\/\/zeleka.com\/index.php?rest_route=\/wp\/v2\/posts\/5060\/revisions"}],"wp:featuredmedia":[{"embeddable":true,"href":"https:\/\/zeleka.com\/index.php?rest_route=\/wp\/v2\/media\/5061"}],"wp:attachment":[{"href":"https:\/\/zeleka.com\/index.php?rest_route=%2Fwp%2Fv2%2Fmedia&parent=5060"}],"wp:term":[{"taxonomy":"category","embeddable":true,"href":"https:\/\/zeleka.com\/index.php?rest_route=%2Fwp%2Fv2%2Fcategories&post=5060"},{"taxonomy":"post_tag","embeddable":true,"href":"https:\/\/zeleka.com\/index.php?rest_route=%2Fwp%2Fv2%2Ftags&post=5060"}],"curies":[{"name":"wp","href":"https:\/\/api.w.org\/{rel}","templated":true}]}}