{"id":5042,"date":"2025-10-15T20:29:38","date_gmt":"2025-10-15T17:29:38","guid":{"rendered":"https:\/\/zeleka.com\/?p=5042"},"modified":"2025-10-15T20:29:38","modified_gmt":"2025-10-15T17:29:38","slug":"trabzondan-caykara-yonune-seyir-halindeyken-dernekpazari-girisindeki-tek-yonlu-tunelde-yasanan-tehlikeli-anlar-olasi-bir-faciayi-kil-payi-onledi-kar","status":"publish","type":"post","link":"https:\/\/zeleka.com\/?p=5042","title":{"rendered":"<div id=\"detaymetin\">                            <p>\u00a0 \u00a0Trabzon\u2019dan \u00c7aykara y\u00f6n\u00fcne seyir halindeyken Dernekpazar\u0131 giri\u015findeki tek y\u00f6nl\u00fc t\u00fcnelde ya\u015fanan tehlikeli anlar, olas\u0131 bir faciay\u0131 k\u0131l pay\u0131 \u00f6nledi. Kar\u015f\u0131 y\u00f6nden gelen bir ara\u00e7la"},"content":{"rendered":"<div id=\"detaymetin\">\n<p>\u00a0 \u00a0Trabzon\u2019dan \u00c7aykara y\u00f6n\u00fcne seyir halindeyken Dernekpazar\u0131 giri\u015findeki tek y\u00f6nl\u00fc t\u00fcnelde ya\u015fanan tehlikeli anlar, olas\u0131 bir faciay\u0131 k\u0131l pay\u0131 \u00f6nledi. Kar\u015f\u0131 y\u00f6nden gelen bir ara\u00e7la kafa kafaya \u00e7arp\u0131\u015fmaktan saliselerle kurtulan vatanda\u015f, ya\u015fad\u0131\u011f\u0131 deh\u015fet dolu anlar\u0131 sosyal medyada payla\u015ft\u0131.<\/p>\n<p>S\u00fcr\u00fcc\u00fc, \u201cBir anl\u0131k farkla bug\u00fcn hayattay\u0131z\u2026 Ama ya kurtulamasayd\u0131k?\u201d s\u00f6zleriyle tehlikenin boyutuna dikkat \u00e7ekerek, t\u00fcnelin uzun s\u00fcredir eksik tabelalar, yetersiz uyar\u0131lar ve zay\u0131f ayd\u0131nlatma nedeniyle kazalara davetiye \u00e7\u0131kard\u0131\u011f\u0131n\u0131 ifade etti.<\/p>\n<p>Ayn\u0131 g\u00fczerg\u00e2h\u0131 her g\u00fcn y\u00fczlerce arac\u0131n kulland\u0131\u011f\u0131n\u0131 belirten vatanda\u015f, Dernekpazar\u0131 Belediyesi\u2019ni gerekli d\u00fczenlemeleri yapmaya, Kaymakaml\u0131\u011f\u0131 denetim g\u00f6revini yerine getirmeye ve Trabzon Valili\u011fi\u2019ni duruma el koymaya \u00e7a\u011f\u0131rd\u0131.<\/p>\n<p>\u00a0 \u00a0Bu t\u00fcnelde bir \u00e7ok ki\u015finin ayn\u0131 vaka ile kar\u015f\u0131la\u015ft\u0131\u011f\u0131 \u015fikayetleri devam ediyor.<\/p>\n<p>          <\/div>\n","protected":false},"excerpt":{"rendered":"<p>\u00a0 \u00a0Trabzon\u2019dan \u00c7aykara y\u00f6n\u00fcne seyir halindeyken Dernekpazar\u0131 giri\u015findeki tek y\u00f6nl\u00fc t\u00fcnelde ya\u015fanan tehlikeli anlar, olas\u0131 bir faciay\u0131 k\u0131l pay\u0131 \u00f6nledi. Kar\u015f\u0131 y\u00f6nden gelen bir ara\u00e7la kafa kafaya \u00e7arp\u0131\u015fmaktan saliselerle kurtulan vatanda\u015f, ya\u015fad\u0131\u011f\u0131 deh\u015fet dolu anlar\u0131 sosyal medyada payla\u015ft\u0131. S\u00fcr\u00fcc\u00fc, \u201cBir anl\u0131k farkla bug\u00fcn hayattay\u0131z\u2026 Ama ya kurtulamasayd\u0131k?\u201d s\u00f6zleriyle tehlikenin boyutuna dikkat \u00e7ekerek, t\u00fcnelin uzun s\u00fcredir [&hellip;]<\/p>\n","protected":false},"author":1,"featured_media":5043,"comment_status":"open","ping_status":"open","sticky":false,"template":"","format":"standard","meta":{"tdm_status":"","tdm_grid_status":"","footnotes":""},"categories":[40],"tags":[],"class_list":{"0":"post-5042","1":"post","2":"type-post","3":"status-publish","4":"format-standard","5":"has-post-thumbnail","7":"category-caykara"},"_links":{"self":[{"href":"https:\/\/zeleka.com\/index.php?rest_route=\/wp\/v2\/posts\/5042","targetHints":{"allow":["GET"]}}],"collection":[{"href":"https:\/\/zeleka.com\/index.php?rest_route=\/wp\/v2\/posts"}],"about":[{"href":"https:\/\/zeleka.com\/index.php?rest_route=\/wp\/v2\/types\/post"}],"author":[{"embeddable":true,"href":"https:\/\/zeleka.com\/index.php?rest_route=\/wp\/v2\/users\/1"}],"replies":[{"embeddable":true,"href":"https:\/\/zeleka.com\/index.php?rest_route=%2Fwp%2Fv2%2Fcomments&post=5042"}],"version-history":[{"count":0,"href":"https:\/\/zeleka.com\/index.php?rest_route=\/wp\/v2\/posts\/5042\/revisions"}],"wp:featuredmedia":[{"embeddable":true,"href":"https:\/\/zeleka.com\/index.php?rest_route=\/wp\/v2\/media\/5043"}],"wp:attachment":[{"href":"https:\/\/zeleka.com\/index.php?rest_route=%2Fwp%2Fv2%2Fmedia&parent=5042"}],"wp:term":[{"taxonomy":"category","embeddable":true,"href":"https:\/\/zeleka.com\/index.php?rest_route=%2Fwp%2Fv2%2Fcategories&post=5042"},{"taxonomy":"post_tag","embeddable":true,"href":"https:\/\/zeleka.com\/index.php?rest_route=%2Fwp%2Fv2%2Ftags&post=5042"}],"curies":[{"name":"wp","href":"https:\/\/api.w.org\/{rel}","templated":true}]}}