{"id":5038,"date":"2025-10-14T19:31:30","date_gmt":"2025-10-14T16:31:30","guid":{"rendered":"https:\/\/zeleka.com\/?p=5038"},"modified":"2025-10-14T19:31:30","modified_gmt":"2025-10-14T16:31:30","slug":"uzungol-mahallesi-buyuk-koy-mevkiinden-ismail-akyuz-vefat-etti-uzun-zamandan-bu-yana-cesitli-rahatsizliklari-bulunan-ismail-akyuztedavi-gordugu-hastanede-hayatini-ka","status":"publish","type":"post","link":"https:\/\/zeleka.com\/?p=5038","title":{"rendered":"<div id=\"detaymetin\">                            <p>Uzung\u00f6l mahallesi b\u00fcy\u00fck k\u00f6y mevkiinden \u00a0\u0130smail Aky\u00fcz vefat etti.<\/p><p>Uzun zamandan bu yana \u00e7e\u015fitli rahats\u0131zl\u0131klar\u0131 bulunan \u0130smail Aky\u00fcz,tedavi g\u00f6rd\u00fc\u011f\u00fc hastanede hayat\u0131n\u0131 kaybetti.<\/"},"content":{"rendered":"<div id=\"detaymetin\">\n<p>Uzung\u00f6l mahallesi b\u00fcy\u00fck k\u00f6y mevkiinden \u00a0\u0130smail Aky\u00fcz vefat etti.<\/p>\n<p>Uzun zamandan bu yana \u00e7e\u015fitli rahats\u0131zl\u0131klar\u0131 bulunan \u0130smail Aky\u00fcz,tedavi g\u00f6rd\u00fc\u011f\u00fc hastanede hayat\u0131n\u0131 kaybetti.<\/p>\n<p>Merhum \u0130smail Aky\u00fcz,Recep Aky\u00fcz\u2019\u00fcn karde\u015fi,Abdullah Aky\u00fcz\u2019\u00fcn babas\u0131,Zekeriye Aky\u00fcz ile \u0130dris Aky\u00fcz\u2019\u00fcn amcalar\u0131yd\u0131.<\/p>\n<p>Merhum \u0130smail Aky\u00fcz,14 Ekim 2025 Sal\u0131 G\u00fcn\u00fc \u00a0\u00f6\u011fle namaz\u0131na m\u00fcteakip Uzung\u00f6l Merkez Camiinde k\u0131l\u0131nan cenaze namaz\u0131n\u0131n ard\u0131ndan Monoy\u0131r Asri mezarl\u0131\u011f\u0131nda son yolculu\u011funa u\u011furland\u0131.<\/p>\n<p>\u00c7aykara G\u00fcndem Gazetesi olarak Merhum Hac\u0131 \u0130smail Aky\u00fcz\u2019e Allah\u2019tan rahmet,kederli ailesine ba\u015f sa\u011fl\u0131\u011f\u0131 dileklerimizi iletiyoruz.<\/p>\n<p>\u0130LET\u0130\u015e\u0130M:<\/p>\n<p>O\u011flu: Abdullah AKY\u00dcZ +90 (536) 668 65 44<\/p>\n<p>Karde\u015fi :Recep AKY\u00dcZ 0 (537) 324 98 64<\/p>\n<p>Ye\u011feni :Zekeriya AKY\u00dcZ +90 (538) 394 06 61<\/p>\n<p>Ye\u011feni:\u0130dris AKY\u00dcZ05339295500<\/p>\n<p>          <\/div>\n","protected":false},"excerpt":{"rendered":"<p>Uzung\u00f6l mahallesi b\u00fcy\u00fck k\u00f6y mevkiinden \u00a0\u0130smail Aky\u00fcz vefat etti. Uzun zamandan bu yana \u00e7e\u015fitli rahats\u0131zl\u0131klar\u0131 bulunan \u0130smail Aky\u00fcz,tedavi g\u00f6rd\u00fc\u011f\u00fc hastanede hayat\u0131n\u0131 kaybetti. Merhum \u0130smail Aky\u00fcz,Recep Aky\u00fcz\u2019\u00fcn karde\u015fi,Abdullah Aky\u00fcz\u2019\u00fcn babas\u0131,Zekeriye Aky\u00fcz ile \u0130dris Aky\u00fcz\u2019\u00fcn amcalar\u0131yd\u0131. Merhum \u0130smail Aky\u00fcz,14 Ekim 2025 Sal\u0131 G\u00fcn\u00fc \u00a0\u00f6\u011fle namaz\u0131na m\u00fcteakip Uzung\u00f6l Merkez Camiinde k\u0131l\u0131nan cenaze namaz\u0131n\u0131n ard\u0131ndan Monoy\u0131r Asri mezarl\u0131\u011f\u0131nda son [&hellip;]<\/p>\n","protected":false},"author":1,"featured_media":5039,"comment_status":"open","ping_status":"open","sticky":false,"template":"","format":"standard","meta":{"tdm_status":"","tdm_grid_status":"","footnotes":""},"categories":[40],"tags":[],"class_list":{"0":"post-5038","1":"post","2":"type-post","3":"status-publish","4":"format-standard","5":"has-post-thumbnail","7":"category-caykara"},"_links":{"self":[{"href":"https:\/\/zeleka.com\/index.php?rest_route=\/wp\/v2\/posts\/5038","targetHints":{"allow":["GET"]}}],"collection":[{"href":"https:\/\/zeleka.com\/index.php?rest_route=\/wp\/v2\/posts"}],"about":[{"href":"https:\/\/zeleka.com\/index.php?rest_route=\/wp\/v2\/types\/post"}],"author":[{"embeddable":true,"href":"https:\/\/zeleka.com\/index.php?rest_route=\/wp\/v2\/users\/1"}],"replies":[{"embeddable":true,"href":"https:\/\/zeleka.com\/index.php?rest_route=%2Fwp%2Fv2%2Fcomments&post=5038"}],"version-history":[{"count":0,"href":"https:\/\/zeleka.com\/index.php?rest_route=\/wp\/v2\/posts\/5038\/revisions"}],"wp:featuredmedia":[{"embeddable":true,"href":"https:\/\/zeleka.com\/index.php?rest_route=\/wp\/v2\/media\/5039"}],"wp:attachment":[{"href":"https:\/\/zeleka.com\/index.php?rest_route=%2Fwp%2Fv2%2Fmedia&parent=5038"}],"wp:term":[{"taxonomy":"category","embeddable":true,"href":"https:\/\/zeleka.com\/index.php?rest_route=%2Fwp%2Fv2%2Fcategories&post=5038"},{"taxonomy":"post_tag","embeddable":true,"href":"https:\/\/zeleka.com\/index.php?rest_route=%2Fwp%2Fv2%2Ftags&post=5038"}],"curies":[{"name":"wp","href":"https:\/\/api.w.org\/{rel}","templated":true}]}}