{"id":5036,"date":"2025-10-12T19:29:56","date_gmt":"2025-10-12T16:29:56","guid":{"rendered":"https:\/\/zeleka.com\/?p=5036"},"modified":"2025-10-12T19:29:56","modified_gmt":"2025-10-12T16:29:56","slug":"trabzonda-faaliyet-gosteren-caykara-dernekpazari-kultur-ve-dayanisma-dernegimi-universite-ogrencilerine-verecegi-burs-icin-calismalarini-surdurmeye-devam-ediyor-2","status":"publish","type":"post","link":"https:\/\/zeleka.com\/?p=5036","title":{"rendered":"<div id=\"detaymetin\">                            <p>Trabzon\u2019da faaliyet g\u00f6steren \u00c7aykara-Dernekpazar\u0131 K\u00fclt\u00fcr ve Dayan\u0131\u015fma Derne\u011fimi \u00dcniversite \u00f6\u011frencilerine verece\u011fi burs i\u00e7in \u00e7al\u0131\u015fmalar\u0131n\u0131 s\u00fcrd\u00fcrmeye devam ediyor. 2023-2024 y\u0131l\u0131nd"},"content":{"rendered":"<div id=\"detaymetin\">\n<p>Trabzon\u2019da faaliyet g\u00f6steren \u00c7aykara-Dernekpazar\u0131 K\u00fclt\u00fcr ve Dayan\u0131\u015fma Derne\u011fimi \u00dcniversite \u00f6\u011frencilerine verece\u011fi burs i\u00e7in \u00e7al\u0131\u015fmalar\u0131n\u0131 s\u00fcrd\u00fcrmeye devam ediyor. 2023-2024 y\u0131l\u0131nda 85, 2024-2025 y\u0131l\u0131nda 228 \u00f6\u011frenciye burs imk\u00e2n\u0131 sa\u011flayan dernek y\u00f6netimi bu y\u0131l \u00e7\u0131tay\u0131 b\u0131raz daha y\u00fckseltti.<\/p>\n<p>\u00d6zellikle son y\u0131llarda \u00dcniversite \u00f6\u011frencilerinin \u00e7ok b\u00fcy\u00fck ekonomik sorunlarla kar\u015f\u0131la\u015fmas\u0131 dernek y\u00f6netimini harekete ge\u00e7irdi. 2025-2026 \u00f6\u011fretim y\u0131l\u0131n\u0131n ba\u015flamas\u0131yla birlikte, \u00c7aykara ve Dernekpazarl\u0131 \u00dcniversite \u00f6\u011frencilerinin ideallerinin ger\u00e7ekle\u015fmesi i\u00e7in bu y\u0131l 367 \u00f6\u011frenciye burs imk\u00e2n\u0131 Sa\u011flayacak.<\/p>\n<figure><img decoding=\"async\" src=\"https:\/\/caykaragundem.com\/resimler\/2025-10\/12\/686641662046701.webp\"><\/figure>\n<p>Dernek M\u00fcd\u00fcr\u00fc Alptekin G\u00f6khan \u015eahin yapt\u0131\u011f\u0131 a\u00e7\u0131klamada, \u00c7aykara-Dernekpazar\u0131 K\u00fclt\u00fcr ve Dayan\u0131\u015fma Derne\u011fi y\u00f6netim kurulunun ald\u0131\u011f\u0131 kararla bu y\u0131l \u00c7aykara ve Dernekpazarl\u0131 367 \u00f6\u011frenciye 8 ay boyunca her ay 2500 lira burs verilmesi karar\u0131 al\u0131nm\u0131\u015ft\u0131r. Bu konuda t\u00fcm hem\u015fehrilerimizin deste\u011fine ihtiyac\u0131m\u0131z var, dedi.\u00a0<\/p>\n<p>\u00dclkemizin gelece\u011finin iyi e\u011fitimli gen\u00e7lerle s\u00fcrd\u00fcrebilmek i\u00e7in derne\u011fin her t\u00fcrl\u00fc imk\u00e2nlar\u0131n\u0131 seferber etti\u011fini ifade eden \u015eahin, \u201cB\u00f6lgemizin e\u011fitim alan\u0131ndaki ba\u015far\u0131lar\u0131n\u0131 daha da art\u0131rmak i\u00e7in hep birlikte \u00e7ocuklar\u0131m\u0131za el uzatarak ba\u015flatt\u0131\u011f\u0131m\u0131z bu e\u011fitim seferberli\u011fine hay\u0131rsever t\u00fcm hem\u015fehrilerimizin maddi desteklerini bekliyoruz\u201d ifadelerini kulland\u0131.<\/p>\n<p><span><strong>DESTEK \u0130\u00c7\u0130N IBAN NUMARASI\u00a0<\/strong><\/span><\/p>\n<p><span><strong>TR11 0001 0002 4391 7419 3150 03<\/strong><\/span><\/p>\n<figure><img decoding=\"async\" src=\"https:\/\/caykaragundem.com\/resimler\/2025-10\/12\/58125762276191.webp\"><\/figure>\n<p>          <\/div>\n","protected":false},"excerpt":{"rendered":"<p>Trabzon\u2019da faaliyet g\u00f6steren \u00c7aykara-Dernekpazar\u0131 K\u00fclt\u00fcr ve Dayan\u0131\u015fma Derne\u011fimi \u00dcniversite \u00f6\u011frencilerine verece\u011fi burs i\u00e7in \u00e7al\u0131\u015fmalar\u0131n\u0131 s\u00fcrd\u00fcrmeye devam ediyor. 2023-2024 y\u0131l\u0131nda 85, 2024-2025 y\u0131l\u0131nda 228 \u00f6\u011frenciye burs imk\u00e2n\u0131 sa\u011flayan dernek y\u00f6netimi bu y\u0131l \u00e7\u0131tay\u0131 b\u0131raz daha y\u00fckseltti. \u00d6zellikle son y\u0131llarda \u00dcniversite \u00f6\u011frencilerinin \u00e7ok b\u00fcy\u00fck ekonomik sorunlarla kar\u015f\u0131la\u015fmas\u0131 dernek y\u00f6netimini harekete ge\u00e7irdi. 2025-2026 \u00f6\u011fretim y\u0131l\u0131n\u0131n ba\u015flamas\u0131yla birlikte, \u00c7aykara [&hellip;]<\/p>\n","protected":false},"author":1,"featured_media":5037,"comment_status":"open","ping_status":"open","sticky":false,"template":"","format":"standard","meta":{"tdm_status":"","tdm_grid_status":"","footnotes":""},"categories":[40],"tags":[],"class_list":{"0":"post-5036","1":"post","2":"type-post","3":"status-publish","4":"format-standard","5":"has-post-thumbnail","7":"category-caykara"},"_links":{"self":[{"href":"https:\/\/zeleka.com\/index.php?rest_route=\/wp\/v2\/posts\/5036","targetHints":{"allow":["GET"]}}],"collection":[{"href":"https:\/\/zeleka.com\/index.php?rest_route=\/wp\/v2\/posts"}],"about":[{"href":"https:\/\/zeleka.com\/index.php?rest_route=\/wp\/v2\/types\/post"}],"author":[{"embeddable":true,"href":"https:\/\/zeleka.com\/index.php?rest_route=\/wp\/v2\/users\/1"}],"replies":[{"embeddable":true,"href":"https:\/\/zeleka.com\/index.php?rest_route=%2Fwp%2Fv2%2Fcomments&post=5036"}],"version-history":[{"count":0,"href":"https:\/\/zeleka.com\/index.php?rest_route=\/wp\/v2\/posts\/5036\/revisions"}],"wp:featuredmedia":[{"embeddable":true,"href":"https:\/\/zeleka.com\/index.php?rest_route=\/wp\/v2\/media\/5037"}],"wp:attachment":[{"href":"https:\/\/zeleka.com\/index.php?rest_route=%2Fwp%2Fv2%2Fmedia&parent=5036"}],"wp:term":[{"taxonomy":"category","embeddable":true,"href":"https:\/\/zeleka.com\/index.php?rest_route=%2Fwp%2Fv2%2Fcategories&post=5036"},{"taxonomy":"post_tag","embeddable":true,"href":"https:\/\/zeleka.com\/index.php?rest_route=%2Fwp%2Fv2%2Ftags&post=5036"}],"curies":[{"name":"wp","href":"https:\/\/api.w.org\/{rel}","templated":true}]}}