{"id":4998,"date":"2025-10-11T22:30:08","date_gmt":"2025-10-11T19:30:08","guid":{"rendered":"https:\/\/zeleka.com\/?p=4998"},"modified":"2025-10-11T22:30:08","modified_gmt":"2025-10-11T19:30:08","slug":"baka-cayir-29","status":"publish","type":"post","link":"https:\/\/zeleka.com\/?p=4998","title":{"rendered":"\u00a0 BAKA \u00c7AYIR (29)"},"content":{"rendered":"<p>&nbsp;<\/p>\n<p>&nbsp;<\/p>\n<p><strong>\u00a0\u00a0\u00a0\u00a0\u00a0\u00a0\u00a0\u00a0\u00a0\u00a0\u00a0\u00a0\u00a0\u00a0\u00a0 BAKA \u00c7AYIR<\/strong><\/p>\n<p><strong>\u00a0<\/strong><\/p>\n<p>\u201cSara\u00e7\u2019\u0131n Kayas\u0131\u201d yaz\u0131m\u0131zla \u00e7ok yak\u0131n bir ge\u00e7mi\u015fte k\u00f6y\u00fcm\u00fczde Sara\u00e7o\u011fullar\u0131 ad\u0131yla bir s\u00fclalenin ya\u015fad\u0131\u011f\u0131n\u0131 ancak \u015fimdi kendilerinden hi\u00e7 bir haberimizin olmad\u0131\u011f\u0131n\u0131 ve kimi zaman insan\u0131n de\u011ferinin bir kayadan bile daha az oldu\u011funu belirtmi\u015ftik; \u00e7\u00fcnk\u00fc Sara\u00e7\u2019\u0131n Kayas\u0131 hala yerinde ve biliniyordu.<\/p>\n<p>&nbsp;<\/p>\n<p>Ya \u201cBaka \u00c7ay\u0131r\u201d!.. Hi\u00e7 d\u00fc\u015f\u00fcnd\u00fcn\u00fcz m\u00fc, yaylam\u0131z\u0131n dibindeki vadiye neden Baka \u00c7ay\u0131r diyoruz. D\u00fc\u015f\u00fcnenimiz yok denecek kadar az, de\u011fil mi! Y\u0131llarca inek bekledi\u011fimiz, Kanl\u0131 G\u00f6l\u2019\u00fcnde y\u00fczd\u00fc\u011f\u00fcm\u00fcz yerin ad\u0131n\u0131 hep s\u00f6yledik ve and\u0131k ama nereden geldi\u011fini ben dahil hi\u00e7 birimiz sorgulamad\u0131k.<\/p>\n<p>&nbsp;<\/p>\n<p>\u00d6zellikle yaz ba\u015flar\u0131nda, ilk yaylaya \u00e7\u0131kt\u0131\u011f\u0131m\u0131z, havalar\u0131n so\u011fuk, ya\u011f\u0131\u015flar\u0131n vah\u015fi, g\u00f6k g\u00fcr\u00fclt\u00fclerinin korkutucu ve y\u0131ld\u0131r\u0131mlar\u0131n\u0131n \u00f6ld\u00fcr\u00fcc\u00fc oldu\u011fu, baz\u0131 y\u0131llar k\u0131rk santime varan kar\u0131n ya\u011fd\u0131\u011f\u0131 zamanlarda; ah\u0131rda a\u00e7 kalmas\u0131n, \u00fc\u015f\u00fcmesin diye daha s\u0131cak ve korunakl\u0131 ve \u00e7o\u011fu zaman kar\u0131n tutunamad\u0131\u011f\u0131 Baka \u00c7ay\u0131r\u2019a indirilirdi inekler. Herkes Baka \u00c7ay\u0131r \u015f\u00f6yle s\u0131cak, Baka \u00c7ay\u0131r b\u00f6yle a\u00e7\u0131k diye tekrarlar dururdu g\u00fcn boyu. Ama ni\u00e7in Baka \u00c7ay\u0131r? Nereden geliyor bu isim? Sorgulamazd\u0131 hi\u00e7 kimse. Dert o de\u011fildi ki zaten. Dert inekler, so\u011fuklar, ge\u00e7im ve beslenmeydi.<\/p>\n<p>&nbsp;<\/p>\n<p>\u201cOf N\u00fcfus Defteri 1834\u201d adl\u0131 kitab\u0131n Zeleka ile ilgili b\u00f6l\u00fcm\u00fcn\u00fc ilk okudu\u011fum zaman 394. sayfas\u0131nda Zeleka\u2019n\u0131n 186. hanesinde kay\u0131tl\u0131 40 ya\u015f\u0131ndaki Sar\u0131 B\u0131y\u0131kl\u0131 Bakalao\u011flu \u0130brahim kayd\u0131n\u0131 g\u00f6r\u00fcnce g\u00fcl\u00fcp ge\u00e7mi\u015ftim ilk \u00f6nceleri. Ne Bakala\u2019s\u0131, bizim k\u00f6yde b\u00f6yle birileri yok ki. Hi\u00e7 duymad\u0131k ki b\u00f6yle birilerini diye d\u00fc\u015f\u00fcnm\u00fc\u015ft\u00fcm. Ba\u015fka k\u00f6yde ya\u015fayan insanlar\u0131 yanl\u0131\u015fl\u0131kla Zeleka listesine eklediler; zaten Ye\u015filalan\u2019da halen de Bakkal soyad\u0131 mevcut, onlardan kar\u0131\u015ft\u0131rd\u0131lar diye s\u00f6ylendim kendi kendime. Ama daha sonra konuyu dost oturumlar\u0131nda konu\u015funca Baka \u00c7ay\u0131r akl\u0131m\u0131za geldi ve irdeledik konuyu. \u00d6yle ya Koca Baka \u00c7ay\u0131r upuzun yerinde duruyor ve her \u015feye ra\u011fmen orijinal ad\u0131 ile an\u0131l\u0131yor oldu\u011funa g\u00f6re, bir yerden geliyor olmal\u0131yd\u0131 ismi.<\/p>\n<p>&nbsp;<\/p>\n<p>Kaynaklarda \u201cBakala\u201d, yaylam\u0131zdaki \u00e7ay\u0131rlar\u0131 ile \u201cBaka\u201d diye an\u0131lan bu rahmetliler acaba bakkall\u0131k m\u0131 yapm\u0131\u015flard\u0131 bir zamanlar? Of\u2019ta m\u0131, Kadohor (\u00c7aykara)\u2019da m\u0131, yoksa k\u00f6yde yaylada m\u0131 yapm\u0131\u015flard\u0131 bu i\u015fi? G\u00fclmeyin k\u00f6yde yaylada deyince. Bir zamanlar yaylam\u0131z\u0131n orta d\u00fczl\u00fc\u011f\u00fcnde k\u00fc\u00e7\u00fck bir \u00e7ar\u015f\u0131n\u0131n mevcut oldu\u011funa bizim tan\u0131d\u0131\u011f\u0131m\u0131z ya\u015fl\u0131lar tan\u0131kl\u0131k etmi\u015fti. Ayn\u0131 zamanda kasap ve manav i\u015flevini de g\u00f6ren bakkallar, otel ve kahve g\u00f6revini ifa eden hanlar, \u00a0lokanta i\u015flevini de icra eden f\u0131r\u0131nlar, terziler, \u00e7apula (ayakkab\u0131) tamirci ve imalat\u00e7\u0131lar\u0131, kazma k\u00fcrek, orak, tahra, balta v.s. tamiri yapan demirciler vard\u0131 bu \u00e7ar\u015f\u0131da. Bir benzeri de, \u00c7ahmut diye bilinen benim \u201cYedi Tepe Yaylas\u0131\u201d diye and\u0131\u011f\u0131m kom\u015fu yaylam\u0131zda mevcuttu.<\/p>\n<p>&nbsp;<\/p>\n<p>Bayrakl\u0131 Yaylas\u0131 \u00c7ar\u015f\u0131s\u0131n\u0131n son d\u00fckk\u00e2n\u0131n\u0131n \u00d6\u011fretmen Ali Taka\u2019n\u0131n (1933-\u2026) babas\u0131 Mehmet Taka (1902-1932 )\u2019ya ait oldu\u011fu ve 1920\u2019li y\u0131llar\u0131n \u00a0bir yaz\u0131nda, kumar oynat\u0131l\u0131yor zann\u0131 ile , o devrin ileri gelenlerinden Osman Taka (1883-1951) taraf\u0131ndan y\u0131kt\u0131r\u0131lmas\u0131 ile \u00e7ar\u015f\u0131n\u0131n da tarihe kar\u0131\u015ft\u0131\u011f\u0131 bilinmektedir.<\/p>\n<p>&nbsp;<\/p>\n<p>Halen bakkaliyesi, kasap b\u00f6l\u00fcm\u00fc, \u00e7ay salonu ve apart oteli ile temsili bir AVM (Al\u0131\u015f Veri\u015f Merkezi) \u015feklinde hayatiyetini devam ettiren \u00c7ahmut \u00c7ar\u015f\u0131s\u0131\u2019n\u0131n, \u00a0f\u0131r\u0131n dahil son bir ka\u00e7 d\u00fckkan\u0131n\u0131n ben de \u015fahidiyim.<\/p>\n<p>&nbsp;<\/p>\n<p>Bu \u00e7ar\u015f\u0131lar, sadece bu k\u00f6yler halklar\u0131na de\u011fil, ayn\u0131 zamanda kalabal\u0131k n\u00fcfuslara sahip da\u011f k\u00f6yleri ahalisinin zorunlu \u00c7aykara, Dernek Pazar\u0131, Ta\u015fhan Pazar\u0131, Of, S\u00fcrmene ve nihayetinde Trabzon i\u015f ve al\u0131\u015fveri\u015f seyahatleri, sahil k\u00f6y ve kasabal\u0131lar\u0131n\u0131n yazl\u0131k yaylalara g\u00f6\u00e7 seyahatleri esnas\u0131nda\u00a0 \u201cYolcu\u201d diye tabir edilen kalabal\u0131k insan ve beraberlerinde y\u00fczlerce ve bazen binlerce ba\u015f koyun, ke\u00e7i, inek, manda, at, e\u015fek ve k\u00f6pek gibi hayvanlar\u0131na da hizmet veren ticari merkezlerdi. \u00a0G\u00fcn\u00fcm\u00fczdeki Sultan Murat \u00c7ar\u015f\u0131s\u0131 gibi.<\/p>\n<p>&nbsp;<\/p>\n<p>Velhas\u0131l\u0131kel\u00e2m; k\u00f6y\u00fcm\u00fczde Bakkal nam\u0131 ile ya\u015fam\u0131\u015f bir s\u00fclale mevcuttu yak\u0131n ge\u00e7mi\u015fimizde ve biz onlar\u0131 tamamen unuttuk. Baka \u00c7ay\u0131r ise unutmad\u0131, unutturmad\u0131 Onlar\u0131. \u00c7ay\u0131r niye Onlar\u0131n ad\u0131n\u0131 ald\u0131? Orada \u00e7ay\u0131rlar\u0131 m\u0131 vard\u0131? Yoksa oraya en yak\u0131n Onlar\u0131n ev ve \u00e7ay\u0131rlar\u0131 m\u0131yd\u0131 da oraya \u201cBaka \u00c7ay\u0131r\u201d dendi bilinmiyor. Belki ileride ortaya \u00e7\u0131kar\u0131lacak kaynaklar bu konuda daha ayr\u0131nt\u0131l\u0131 bilgileri sunacak ya\u015fayanlara.<\/p>\n<p>&nbsp;<\/p>\n<p>Allah onlara ve t\u00fcm ge\u00e7mi\u015fimize rahmet eylesin derken bizi ve yeni nesillerimizi, ge\u00e7mi\u015fini unutmayanlardan eylesin diye hem dua edelim hem de \u00e7ocuklar\u0131m\u0131z\u0131 ona g\u00f6re yeti\u015ftirmeye gayret edelim diyerek tarihimizin Baka \u00c7ay\u0131r perdesini \u00e7ekmi\u015f olal\u0131m.<\/p>\n<p><img loading=\"lazy\" decoding=\"async\" class=\"alignnone size-full wp-image-380\" src=\"https:\/\/zeleka.com\/wp-content\/uploads\/2025\/01\/Vesikalik-2.jpg\" alt=\"\" width=\"70\" height=\"100\" \/><\/p>\n<p>Ahmet MUTLUO\u011eLU<\/p>\n<p>\u00c7aml\u0131ca, 21 Kas\u0131m 2013<\/p>\n<p>&nbsp;<\/p>\n<p>KAYNAK\u00c7A:<\/p>\n<p>1.Of N\u00fcfus Defteri 1834,Sezgin Demircio\u011flu-S\u00fcleyman Bilgin, \u015eeny\u0131ld\u0131z Yay., \u0130stanbul 2011.<\/p>\n<p>2.Ali Taka (\u00d6\u011fretmen), Mehmet O\u011flu, (1933-\u2026)<\/p>\n<p>&nbsp;<\/p>\n<p><a href=\"http:\/\/www.zeleka.net\/app\/members\/profile.php?q=14998\">ibrahimkabaoglu<\/a><\/p>\n<p>m\u00fcgemme<\/p>\n<p><a href=\"http:\/\/www.zeleka.net\/app\/members\/profile.php?q=80\">Nihat AYDIN<\/a><\/p>\n<p>Hocam, Bakacay\u0131r i\u00e7in g\u00fczel yazd\u0131n da Kanl\u0131 G\u00d6L ad\u0131n\u0131 verdi\u011fimiz g\u00f6ll\u00fcn hikayesini ben bile hat\u0131rl\u0131yorum ama, kimin \u00f6ld\u00fc\u011f\u00fcn\u00fc bir t\u00fcrl\u00fc \u00e7\u0131karamad\u0131m akl\u0131ma gelmiyor.Konu sana havale edildi.Bu olay\u0131 anlad\u0131rs\u0131n bilgiler\u0131 toplamak art\u0131k sana kalmi\u015ftir. Bakacay\u0131r ismini duyumlar\u0131ma g\u00f6re .: s\u0131n\u0131r ihtilaf\u0131 dolay\u0131s\u0131yla gorgorasla bizim k\u00f6y aras\u0131nda harcanlarda ihtilaflar g\u00fcnlerce s\u00fcrm\u00fc\u015f ve holay\u0131sadan ayr\u0131lma oldu\u011fumuz i\u00e7inde onlar\u0131nda hakk\u0131 oldu\u011fu i\u00e7in \u00e7\u0131kan kavgada iki ki\u015fi bizden \u00f6l\u00fcyor. bu iki \u015fah\u0131sta bakallardand\u0131r diye duymu\u015flu\u011fum vard\u0131r. Hatta bunlar\u0131n b\u00fcy\u00fckte koyun s\u00fcr\u00fcs\u00fc varmi\u015f.Otlaklar \u00e7ok \u00f6nemli yerkerdi.<\/p>\n<p>Ayriyetten ikinci bir olayda ya\u015fiyoruz bu b\u00f6l\u00fcmde., malum otun i\u015fini ya ormandan yada gizli kamenekurtan yapacakt\u0131k. \u0130\u015fte olay kamenekurta ge\u00e7iyor. Yaylada Kurmahmudina ad\u0131nda Haleko\u011fular\u0131nda gelin olan aslen holay\u0131sal\u0131 Emrullah Atalay\u0131n Han\u0131m\u0131. otun yapmak i\u00e7in o g\u00fcn\u00fcn gen\u00e7ler\u0131nden birini yan\u0131na alarak kamenekura otun yapm\u0131ya gidiyor. Gorgorasl\u0131lar gelirse hem haber vere\u00e7ek hemde g\u00fcvebli\u011fi sa\u011fl\u0131yacakt\u0131. Ama olay tam da beklenmedik bir \u015fekilte ba\u015flar ve sonu\u00e7lanir. Kurmahmutina otunlar\u0131 yapar fakat son b\u00f6l\u00fcmde gorgorasl\u0131lar gelir ki, s\u0131\u011f\u0131na\u00e7ak tek kap\u0131s\u0131 olan gen\u00e7 telikanl\u0131y\u0131 \u00e7a\u011f\u0131rmakt\u0131r. Ahmet Ahmet Ahmet diye seslenir ki, bir de ne g\u00f6rs\u00fcn Ahmet yaylas\u0131n\u0131n ev kap\u0131s\u0131ndan i\u00e7eri giriyor. Bu seferte E\u015feksa Ahmet der. Ahmet \u015fezo. s\u00f6z\u00fcn\u00fcn geli\u015fi bu hikayeye ba\u011fl\u0131 s\u00f6ylenir. Ahmet Ad\u0131nda ki telikanli kim derseniz, onuda yazay\u0131m. Zaten Bakacay\u0131rda ilkev onlar\u0131n. Alikalar\u0131n evi daha sonra Bilal ayd\u0131n \u015fimti ise evde kalmad\u0131 oralarda galiba. Ahmet amcam Bunu bir zat bana anlatt\u0131. Niye ka\u00e7t\u0131\u011f\u0131n\u0131 sortum. aynen cevab\u0131n\u0131 yaz\u0131yorum. Gelenler\u0131 g\u00f6r\u00fcn\u00e7e hi\u00e7bir\u015fey yapamayaca\u011f\u0131m\u0131 anlad\u0131m. bar\u0131 yaylaya haber vereyim belki kad\u0131na bir\u015fey yapmazlar yada yayladan yard\u0131m gelirse daha g\u00fc\u00e7l\u00fc olurda kad\u0131n\u0131 kurtar\u0131r\u0131z. diye d\u00fc\u015f\u00fcnm\u00fc\u015f.Ahmet Alika. daha sonra calimbot\u0131ya yeni ev alarak oraya ta\u015finmi\u015ftir.Baba evleri bakacay\u0131r mevkidir.<\/p>\n<p><a href=\"http:\/\/www.zeleka.net\/app\/members\/profile.php?q=80\">Nihat AYDIN<\/a><\/p>\n<p>Bu yaz\u0131lar\u0131 g\u00fczel bir \u015fekilte t\u00fczenlemeni diliyor ba\u015far\u0131lar vede selamlar\u0131m\u0131 sunar\u0131m<\/p>\n<p><a href=\"http:\/\/www.zeleka.net\/app\/members\/profile.php?q=9735\">ahmetmutluoglu<\/a><\/p>\n<p>De\u011ferli Karde\u015fim, Muhterem Arkada\u015f\u0131m Nihat Bey, tafs\u0131latl\u0131 katk\u0131lar\u0131n\u0131z i\u00e7in \u00e7ok te\u015fekk\u00fcr ediyorum. Siz baz\u0131 \u015feyleri hat\u0131rlayam\u0131yorsan\u0131z bile \u00f6z\u00fc itibar\u0131 ile \u00e7ok \u015feyden haberdars\u0131n\u0131z. \u00c7\u00fcnk\u00fc Rahmetli Hul\u00fcsi Amca ile b\u00fcy\u00fcd\u00fcn\u00fcz. O zeki bir insand\u0131. \u00c7ok \u015feyler biliyordu. Bildiklerinden habersiz olanlar belki ne dedi\u011fini anlam\u0131yordu ama o \u00e7ok bilgi aktard\u0131 gitti. Allah rahmet eylesin. Rahmetli Ahmet Alikan\u0131n olay\u0131 Rahmetli L\u00f6kina ile Tarih olmu\u015ftu. Kanl\u0131 g\u00f6lde de Rahmetli \u015eabano\u011flu Ahmet \u00c7ift\u00e7i ile Ay\u015fe \u00c7ift\u00e7 (Kome\u015fina)&#8217;n\u0131n o\u011fullar\u0131 rahmetlik olmu\u015ftu. Harcandaki olayda da Holaysadan &#8220;Kemer&#8221; \u00a0nam\u0131yle bize kadar ula\u015fan bir talihsizin rahmetli oldu\u011fu bilgisi g\u00fcn\u00fcm\u00fcze kadar geldi ku\u015faktan ku\u015fa\u011fa aktar\u0131larak. Rahmetli Ay\u015fe Teyzeyi de l\u00e2kab\u0131 ile anmak zorunda kal\u0131yoruz; aksi halde bilinemiyor. Ho\u015f O l\u00e2kab\u0131ndan rahats\u0131z de\u011fildi Rahmetli. Esas O&#8217;nun hikayesi \u00e7ok ilgin\u00e7. O&#8217;nun da s\u00fcl\u00e2lesi kaybolan s\u00fclalelerimizden. Sa\u011fl\u0131k olursa hepsini ele al\u0131r\u0131z in\u015fallah. Kal\u0131n sa\u011fl\u0131cakla.<\/p>\n<p><a href=\"http:\/\/www.zeleka.net\/app\/members\/profile.php?q=4\">Ali<\/a><\/p>\n<p>Hocam Sizden Allah razi olsun bir sekilde zelekanin Tarihini sizden \u00f6greniyoruz.\u00a0 Ayni zamanda zelekalilarin Tarih hocasi diyebiliriz\u00a0 elinize saglik.<\/p>\n<p>Ali Asanoglu<\/p>\n<p><a href=\"http:\/\/www.zeleka.net\/app\/members\/profile.php?q=9735\">ahmetmutluoglu<\/a><\/p>\n<p>Sa\u011folun Ali Bey, Hepimizin elimizden geldi\u011fini k\u00f6y\u00fcm\u00fcz i\u00e7in yapmam\u0131z borcumuzdur. \u00c7\u00fcnk\u00fc bizi oras\u0131 b\u00fcy\u00fctt\u00fc oras\u0131 ya\u015fat\u0131yor. Fiziken orada ya\u015fam\u0131yorsak da ruhen orada ya\u015f\u0131yoruz. Ben de borcumun \u00e7ok az bir k\u0131sm\u0131n\u0131 b\u00f6ylece \u00f6demeye \u00e7al\u0131\u015f\u0131yorum. \u00d6lenleri ya\u015fayanlar\u0131 ile insanlar\u0131m\u0131z\u0131 seviyoruz. Birbirimizi sevip kucakla\u015faca\u011f\u0131z ki hem bu d\u00fcnyam\u0131z hem de \u00f6teki d\u00fcnyam\u0131z mutlu olsun. Ba\u015fka yolu yok bunun. Selamlar\u0131m\u0131 sunuyorum Efendim.<\/p>\n<p>&nbsp;<\/p>\n<p><a href=\"https:\/\/www.facebook.com\/mehmet.mutluoglu.71\"><strong>Mehmet Mutluo\u011flu<\/strong><\/a>\u00a0\u00c7ok te\u015fekk\u00fcr ederim A\u011fabey.. Bu \u00e7al\u0131\u015fmalar san\u0131r\u0131m folklor ve k\u00fclt\u00fcr ara\u015ft\u0131rmal\u0131 i\u00e7in bulunmaz bir hazine olacakt\u0131r. Ayr\u0131ca bizler i\u00e7in de \u015f\u00fcphesiz \u00e7ok \u00f6nemli ve de k\u0131ymetli&#8230; Eme\u011finize sa\u011fl\u0131k&#8230;<\/p>\n<p><a href=\"https:\/\/www.facebook.com\/ahmetmutluoglu\/posts\/10151968008017347?comment_id=28249346&amp;offset=0&amp;total_comments=6\">23 Kas\u0131m, 21:09<\/a>\u00a0\u00b7\u00a0<a href=\"https:\/\/www.facebook.com\/ahmetmutluoglu?ref=tn_tnmn\">Be\u011fen<\/a><\/p>\n<p><a href=\"https:\/\/www.facebook.com\/mutluiletisim.kulu\"><strong>Mehmet Mutlu<\/strong><\/a>\u00a0Hocam elinize y\u00fcre\u011finize sa\u011flik \u00e7ok \u015fey \u00f6\u011frendik sizlerden. Hocam bi\u015fe sorsam ; kanl\u0131 g\u00f6l beden demi\u015fler o y\u00fczd\u00fc\u011f\u00fcm\u00fcz g\u00f6le ?<\/p>\n<p><a href=\"https:\/\/www.facebook.com\/ahmetmutluoglu\/posts\/10151968008017347?comment_id=28250039&amp;offset=0&amp;total_comments=6\">23 Kas\u0131m, 22:17<\/a>,\u00a0<a href=\"https:\/\/www.facebook.com\/mobile\/\">mobil<\/a>\u00a0ile\u00a0\u00b7\u00a0<a href=\"https:\/\/www.facebook.com\/ahmetmutluoglu?ref=tn_tnmn\">Be\u011fen<\/a><\/p>\n<p><a href=\"https:\/\/www.facebook.com\/ali.rendeci.5\"><strong>Ali Rendeci<\/strong><\/a>\u00a0hocam \u00e7ok t\u015fk iyi bir \u00e7al\u0131\u015fma sonucunlatma iyi bir ayd\u0131nlatmak<\/p>\n<p><a href=\"https:\/\/www.facebook.com\/ahmetmutluoglu\/posts\/10151968008017347?comment_id=28252131&amp;offset=0&amp;total_comments=6\">24 Kas\u0131m, 02:05<\/a>\u00a0\u00b7\u00a0<a href=\"https:\/\/www.facebook.com\/ahmetmutluoglu?ref=tn_tnmn\">Be\u011fen<\/a><\/p>\n<p><a href=\"https:\/\/www.facebook.com\/ahmetmutluoglu\"><strong>Ahmet Mutluo\u011flu<\/strong><\/a>\u00a0Mehmet Bey sizin sorunuza da\u00a0<a href=\"http:\/\/www.zeleka.net\/\">www.zeleka.net<\/a>\u00a0sitemizdeki yaz\u0131n\u0131n asl\u0131na Nihat Ayd\u0131n Bey&#8217;in sordu\u011fu sorusuna verdi\u011fim cevab\u0131n ayn\u0131s\u0131n\u0131 vereyim. Selamlar\u0131mla.<br \/>\n&#8220;&#8221;De\u011ferli Karde\u015fim, Muhterem Arkada\u015f\u0131m Nihat Bey, tafs\u0131latl\u0131 katk\u0131lar\u0131n\u0131z i\u00e7in \u00e7ok te\u015fekk\u00fcr ediyorum. Siz baz\u0131 \u015feyleri hat\u0131rlayam\u0131yorsan\u0131z bile \u00f6z\u00fc itibar\u0131 ile \u00e7ok \u015feyden haberdars\u0131n\u0131z. \u00c7\u00fcnk\u00fc Rahmetli Hul\u00fcsi Amca ile b\u00fcy\u00fcd\u00fcn\u00fcz. O zeki bir insand\u0131. \u00c7ok \u015feyler biliyordu. Bildiklerinden habersiz olanlar belki ne dedi\u011fini anlam\u0131yordu ama o \u00e7ok bilgi aktard\u0131 gitti. Allah rahmet eylesin. Rahmetli Ahmet Alikan\u0131n olay\u0131 Rahmetli L\u00f6kina ile Tarih olmu\u015ftu. Kanl\u0131 g\u00f6lde de Rahmetli \u015eabano\u011flu Ahmet \u00c7ift\u00e7i ile Ay\u015fe \u00c7ift\u00e7 (Kome\u015fina)&#8217;n\u0131n o\u011fullar\u0131 rahmetlik olmu\u015ftu. Harcandaki olayda da Holaysadan &#8220;Kemer&#8221; nam\u0131yle bize kadar ula\u015fan bir talihsizin rahmetli oldu\u011fu bilgisi g\u00fcn\u00fcm\u00fcze kadar geldi ku\u015faktan ku\u015fa\u011fa aktar\u0131larak. Rahmetli Ay\u015fe Teyzeyi de l\u00e2kab\u0131 ile anmak zorunda kal\u0131yoruz; aksi halde bilinemiyor. Ho\u015f O l\u00e2kab\u0131ndan rahats\u0131z de\u011fildi Rahmetli. Esas O&#8217;nun hikayesi \u00e7ok ilgin\u00e7. O&#8217;nun da s\u00fcl\u00e2lesi kaybolan s\u00fclalelerimizden. Sa\u011fl\u0131k olursa hepsini ele al\u0131r\u0131z in\u015fallah. Kal\u0131n sa\u011fl\u0131cakla.<\/p>\n<p><a href=\"https:\/\/www.facebook.com\/ahmetmutluoglu\"><strong>Ahmet Mutluo\u011flu<\/strong><\/a>\u00a0Say\u0131n Mehmet Mutlu Bey, yorumunuz ve yorumumdan sonra ald\u0131\u011f\u0131m telefon ve yapt\u0131\u011f\u0131m ara\u015ft\u0131rmalara g\u00f6re Kanl\u0131 G\u00f6lde \u00f6len Rahmetli \u00c7ocuk ki ad\u0131na hen\u00fcz ula\u015famad\u0131m; Ay\u015fe Teyzenin de\u011fil Of&#8217;un Kirazk\u00f6y (\u0130\u015fkenaz) K\u00f6y\u00fcnde evli bulunan k\u0131z karde\u015finin o\u011flu idi. Onlar da yaz\u0131n bizim yaylada yaylac\u0131l\u0131k yaparlard\u0131 Ay\u015fe Teyzelerle beraber. Zaten evleri babalar\u0131ndan kalmayd\u0131. 03.12.2013<\/p>\n","protected":false},"excerpt":{"rendered":"<p>&nbsp; &nbsp; \u00a0\u00a0\u00a0\u00a0\u00a0\u00a0\u00a0\u00a0\u00a0\u00a0\u00a0\u00a0\u00a0\u00a0\u00a0 BAKA \u00c7AYIR \u00a0 \u201cSara\u00e7\u2019\u0131n Kayas\u0131\u201d yaz\u0131m\u0131zla \u00e7ok yak\u0131n bir ge\u00e7mi\u015fte k\u00f6y\u00fcm\u00fczde Sara\u00e7o\u011fullar\u0131 ad\u0131yla bir s\u00fclalenin ya\u015fad\u0131\u011f\u0131n\u0131 ancak \u015fimdi kendilerinden hi\u00e7 bir haberimizin olmad\u0131\u011f\u0131n\u0131 ve kimi zaman insan\u0131n de\u011ferinin bir kayadan bile daha az oldu\u011funu belirtmi\u015ftik; \u00e7\u00fcnk\u00fc Sara\u00e7\u2019\u0131n Kayas\u0131 hala yerinde ve biliniyordu. &nbsp; Ya \u201cBaka \u00c7ay\u0131r\u201d!.. Hi\u00e7 d\u00fc\u015f\u00fcnd\u00fcn\u00fcz m\u00fc, yaylam\u0131z\u0131n dibindeki vadiye [&hellip;]<\/p>\n","protected":false},"author":1,"featured_media":4999,"comment_status":"open","ping_status":"open","sticky":false,"template":"","format":"standard","meta":{"tdm_status":"","tdm_grid_status":"","footnotes":""},"categories":[30,29],"tags":[],"class_list":{"0":"post-4998","1":"post","2":"type-post","3":"status-publish","4":"format-standard","5":"has-post-thumbnail","7":"category-ahmet-mutluoglu","8":"category-yazarlar"},"_links":{"self":[{"href":"https:\/\/zeleka.com\/index.php?rest_route=\/wp\/v2\/posts\/4998","targetHints":{"allow":["GET"]}}],"collection":[{"href":"https:\/\/zeleka.com\/index.php?rest_route=\/wp\/v2\/posts"}],"about":[{"href":"https:\/\/zeleka.com\/index.php?rest_route=\/wp\/v2\/types\/post"}],"author":[{"embeddable":true,"href":"https:\/\/zeleka.com\/index.php?rest_route=\/wp\/v2\/users\/1"}],"replies":[{"embeddable":true,"href":"https:\/\/zeleka.com\/index.php?rest_route=%2Fwp%2Fv2%2Fcomments&post=4998"}],"version-history":[{"count":1,"href":"https:\/\/zeleka.com\/index.php?rest_route=\/wp\/v2\/posts\/4998\/revisions"}],"predecessor-version":[{"id":5000,"href":"https:\/\/zeleka.com\/index.php?rest_route=\/wp\/v2\/posts\/4998\/revisions\/5000"}],"wp:featuredmedia":[{"embeddable":true,"href":"https:\/\/zeleka.com\/index.php?rest_route=\/wp\/v2\/media\/4999"}],"wp:attachment":[{"href":"https:\/\/zeleka.com\/index.php?rest_route=%2Fwp%2Fv2%2Fmedia&parent=4998"}],"wp:term":[{"taxonomy":"category","embeddable":true,"href":"https:\/\/zeleka.com\/index.php?rest_route=%2Fwp%2Fv2%2Fcategories&post=4998"},{"taxonomy":"post_tag","embeddable":true,"href":"https:\/\/zeleka.com\/index.php?rest_route=%2Fwp%2Fv2%2Ftags&post=4998"}],"curies":[{"name":"wp","href":"https:\/\/api.w.org\/{rel}","templated":true}]}}