{"id":4995,"date":"2025-10-11T22:25:56","date_gmt":"2025-10-11T19:25:56","guid":{"rendered":"https:\/\/zeleka.com\/?p=4995"},"modified":"2025-10-11T22:25:56","modified_gmt":"2025-10-11T19:25:56","slug":"zelekadan-hakka-toplu-yuruyus-28","status":"publish","type":"post","link":"https:\/\/zeleka.com\/?p=4995","title":{"rendered":"ZELEKA\u2019DAN HAKKA TOPLU Y\u00dcR\u00dcY\u00dc\u015e (28)"},"content":{"rendered":"<p>&nbsp;<\/p>\n<p>&nbsp;<\/p>\n<p style=\"text-align: center;\"><strong>ZELEKA\u2019DAN HAKKA TOPLU Y\u00dcR\u00dcY\u00dc\u015e<\/strong><\/p>\n<p><strong>\u00a0<\/strong><\/p>\n<p>Sevgili Zelekal\u0131lar, bir zamanlar Gavu\u015f O\u011flu Tsubama Muhammet Arslant\u00fcrk (1904-1983) Rahmetli\u2019den dinlemi\u015ftim. \u201cBir g\u00fcnde sekiz cenaze defnettik k\u00f6y\u00fcm\u00fczde\u201d demi\u015fti. Bu bir k\u00f6y i\u00e7in bir g\u00fcnde \u00e7ok b\u00fcy\u00fck bir kay\u0131pt\u0131. Belli ki s\u0131tma, \u00e7i\u00e7ek, verem gibi o zamanlar \u00e7aresi hen\u00fcz bulunamayan bula\u015f\u0131c\u0131 hastal\u0131klar yol a\u00e7m\u0131\u015ft\u0131 bu fel\u00e2kete. Ama \u015fimdi ne s\u0131tma, ne verem, ne \u00e7i\u00e7ek, ne salg\u0131n; hi\u00e7bir \u015fey yokken 2011 yaz\u0131ndan \u015fu ana kadar, yakla\u015f\u0131k bir senelik zaman zarf\u0131nda, k\u00f6y\u00fcm\u00fczde \u00f6lenleri d\u00fc\u015f\u00fcnd\u00fcn\u00fcz m\u00fc hi\u00e7? D\u00fc\u015f\u00fcnd\u00fcn\u00fcz, d\u00fc\u015f\u00fcnd\u00fcn\u00fcz elbette ama say\u0131y\u0131 hesaplamad\u0131n\u0131z. Hesaplamak istemediniz belki de. K\u0131yamad\u0131n\u0131z onlara. Belki de hayaldir diye ge\u00e7ti i\u00e7inizden. Ama ne yaz\u0131k ki hayal de\u011fil. 2011 Yaz\u0131ndan 2012 Y\u0131l\u0131 sonuna kadar bir kara bulut ge\u00e7erek Zeleka\u2019n\u0131n \u00fczerinden g\u00f6t\u00fcr\u00fcr s\u0131ralayarak evlatlar\u0131n\u0131 pe\u015f pe\u015fe\u2026<\/p>\n<p>&nbsp;<\/p>\n<ul>\n<li>Ali Kemal Mutlu Kutri Ali Efendi torunu \u0130smail O\u011flu, 03 Haziran 2011<\/li>\n<li>G\u00fclcihan \u00c7ift\u00e7i Kuhz Hafus E\u015fi, 07 Haziran 2011<\/li>\n<li>Hamiyet Atalay Resul K\u0131z\u0131, 16 Haziran 2011<\/li>\n<li>Y\u0131lmaz \u00c7ift\u00e7i Kuhz Ahmet O\u011flu, 29 Temmuz 2011<\/li>\n<li>Ali R\u0131za Tuncer Ey\u00fcp O\u011flu Pa\u015fa Memi\u015f, 31 Temmuz 2011<\/li>\n<li>Mehmet Kabao\u011flu Kilimalio\u011flu Hafus, 03 Eyl\u00fcl 2011<\/li>\n<li>Bahattin Se\u00e7ilmi\u015f Mustafa Cevahir O\u011flu, 13 Ey\u00fcl 2011<\/li>\n<li>G\u00fclcihan Kayao\u011flu A.R\u0131za E\u015fi Zekeriya Kaya K\u0131z\u0131, 24 Eyl\u00fcl 2011<\/li>\n<li>Ya\u015far Karao\u011flu Salih O\u011flu, \u00a011 Ekim 2011<\/li>\n<li>Fatma Arslant\u00fcrk \u00c7ak\u0131r Hac\u0131 Aziz K\u0131z\u0131, Muhammet E\u015fi, 17 Ekim 2011<\/li>\n<li>Firdevs \u015eeno\u011flu, Enver E\u015fi, 18 Kas\u0131m 2011<\/li>\n<li>Fatma \u00c7ift\u00e7i Mustafa E\u015fi Muhammet Kasap K\u0131z\u0131, 25 Kas\u0131m 2011<\/li>\n<li>Meryem Arslant\u00fcrk Ye\u015fil\u00e7i\u00e7ek Muhammet K\u0131z\u0131, 26 Kas\u0131m 2011<\/li>\n<li>Muslim Ba\u015fo\u011flu Rafet O\u011flu, 05 Ocak 2012<\/li>\n<li>Mustafa Arslan \u00d6mero\u011flu Mimar Mustafa Usta, 06 Ocak 2012<\/li>\n<li>\u0130nci Gezgin Kundurab Muhammet K\u0131z\u0131, 10 Ocak 2012<\/li>\n<li>Naciye Taka Kemal E\u015fi, 20 Ocak 2012<\/li>\n<li>\u015eerif Tuncer Emin Memi\u015f O\u011flu, 26 Ocak 2012<\/li>\n<li>K\u00e2z\u0131m Kayao\u011flu Muslim O\u011flu, \u00a001 \u015eubat 2012<\/li>\n<li>Hasan Asano\u011flu Koyuncu Muhammet O\u011flu,<\/li>\n<\/ul>\n<p>02 \u015eubat 2012<\/p>\n<ul>\n<li>Fatma Aslano\u011flu M.Ali E\u015fi, 03 Mart 2012<\/li>\n<li>Adnan Kayao\u011flu Foto Ali O\u011flu,<\/li>\n<\/ul>\n<p>15 Mart 2012<\/p>\n<ul>\n<li>\u015e\u00fckr\u00fc Durmu\u015f Kibiza O\u011flu,<\/li>\n<\/ul>\n<p>13 Nisan 2012<\/p>\n<ul>\n<li>Mehmet Aslan \u00d6mero\u011flu Berber,<\/li>\n<\/ul>\n<p>23 Nisan 2012<\/p>\n<ul>\n<li>Ali R\u0131za Kayao\u011flu Muslim O\u011flu,<\/li>\n<\/ul>\n<p>07 Temmuz 2012<\/p>\n<ul>\n<li>Safiye Tuncer Tahsin E\u015fi,<\/li>\n<\/ul>\n<p>21 Temmuz 2012<\/p>\n<ul>\n<li>Fatma Rendeci Rasim E\u015fi,<\/li>\n<\/ul>\n<p>02 A\u011fustos 2012<\/p>\n<ul>\n<li>Harun Ayd\u0131n Saat\u00e7\u0131 Mahmut O\u011flu,<\/li>\n<\/ul>\n<p>14 A\u011fustos 2012<\/p>\n<ul>\n<li>Fatma Aky\u00fcz Derebey Mehmet E\u015fi,<\/li>\n<\/ul>\n<p>05 Eyl\u00fcl 2012<\/p>\n<ul>\n<li>Muhammet Saka Remzi O\u011flu,<\/li>\n<\/ul>\n<p>09 Eyl\u00fcl 2012<\/p>\n<ul>\n<li>Ali Taka Hasanefendi Muhammet O\u011flu, 18 Eyl\u00fcl 2012<\/li>\n<li>Fatma Mutlu \u00c7ift\u00e7i Hafus Celal E\u015fi,<\/li>\n<\/ul>\n<p>30 Eyl\u00fcl 2012<\/p>\n<ul>\n<li>Hatice Kaba \u00c7ifo\u011flu Ahmet E\u015fi,<\/li>\n<\/ul>\n<p>03 Ekim 2012<\/p>\n<ul>\n<li>Sedat Ayd\u0131n \u00c7erek Hafus O\u011flu,<\/li>\n<\/ul>\n<p>25 Ekim 2012<\/p>\n<ul>\n<li>Ramazan Taka \u0130rfan O\u011flu,<\/li>\n<\/ul>\n<p>06 Kas\u0131m 2012<\/p>\n<ul>\n<li>Mehmet K\u0131l\u0131\u00e7o\u011flu Kofali Mehmetika,<\/li>\n<\/ul>\n<p>08 Kas\u0131m 2012<\/p>\n<ul>\n<li>Ay\u015fe Karao\u011flu, \u0130brahim E\u015fi, Muslim Kaya K\u0131z\u0131,<\/li>\n<\/ul>\n<p>11 Kas\u0131m 2012<\/p>\n<ul>\n<li>Nazl\u0131 K\u0131l\u0131\u00e7o\u011flu Kofali Muhammet K\u0131z\u0131,<\/li>\n<\/ul>\n<p>18 Kas\u0131m 2012<\/p>\n<ul>\n<li>Kemal Atalay Hasan O\u011flu,<\/li>\n<\/ul>\n<p>10 Aral\u0131k 2012<\/p>\n<ul>\n<li>Hikmet Arslant\u00fcrk, Hamay\u0131l, Muhammet O\u011flu,<\/li>\n<\/ul>\n<p>16 Aral\u0131k 2012<\/p>\n<p>&nbsp;<\/p>\n<p>Tam\u0131 tam\u0131na k\u0131rk ki\u015fi! 150 hanelik orta halli bir k\u00f6y i\u00e7in \u00e7ok b\u00fcy\u00fck bir say\u0131! Bir kara y\u0131l Zeleka i\u00e7in. Ama elden bir \u015fey gelmez, Takdir-i \u0130l\u00e2hi\u2026<\/p>\n<p>&nbsp;<\/p>\n<p>Bir k\u0131sm\u0131n\u0131z tan\u0131m\u0131yordu bir\u00e7o\u011funu. Ama bizim gibi altm\u0131\u015f\u0131n\u0131 devirenler tan\u0131yor hepsini. Hepsiyle oturmu\u015f kalkm\u0131\u015f, sohbet etmi\u015f, yemek yemi\u015f, \u00e7ay i\u00e7mi\u015f, \u00e7ay\u0131r kesmi\u015f, tarla kazm\u0131\u015f; imeceye, de\u011firmene, ormana, d\u00fc\u011f\u00fcne, cenazeye, bayrama, e\u011flenceye gitmi\u015ftir. Sevin\u00e7li, kederli g\u00fcnleri payla\u015fm\u0131\u015ft\u0131r onlarla. Gidenin her biri hayat\u0131m\u0131z\u0131n bir b\u00f6l\u00fcm\u00fcn\u00fc g\u00f6t\u00fcrd\u00fc. Yoldu, budad\u0131 dallar\u0131m\u0131z\u0131. Neredeyse kuru, dals\u0131z sivri a\u011fa\u00e7s\u0131lara d\u00f6nd\u00fcrd\u00fcler bizi.<\/p>\n<p>&nbsp;<\/p>\n<p>Annemin bir valizi var y\u0131llarca \u00f6nce haz\u0131rlad\u0131\u011f\u0131. Hastaneye gidersem ani bir \u015fekilde, u\u011fra\u015f\u0131lmas\u0131n her \u015feyim haz\u0131r olsun diye\u2026 Demem o ki \u00e7antam\u0131z valizimiz haz\u0131r olsun dostlar, zira Azrail \u00e7ok s\u0131k u\u011fruyor k\u00f6y\u00fcm\u00fcze. \u0130nanmayanlar yukar\u0131daki bir y\u0131ll\u0131k cenaze g\u00fcnlerimizi bir daha g\u00f6zden ge\u00e7irsin. \u00d6l\u00fcm \u00e7ok yak\u0131n\u0131m\u0131zda. K\u0131rmayal\u0131m kimseyi. Elimizle, dilimizle, g\u00fcc\u00fcm\u00fczle yard\u0131mc\u0131 olal\u0131m insanlara yak\u0131ndan ba\u015flayarak uza\u011fa do\u011fru. K\u00fcsmeyelim kimseye, k\u00fcst\u00fcrmeyelim kimseyi. Sevelim, sayal\u0131m birbirimizi. Sahip \u00e7\u0131kal\u0131m yak\u0131n\u0131m\u0131za, akrabam\u0131za, k\u00f6y\u00fcm\u00fcze k\u00f6yl\u00fcm\u00fcze. Zira, her Cuma hutbesi sonunda t\u00fcm hocalar\u0131n okudu\u011fu \u201c\u015e\u00fcphesiz Allah, adaleti, iyilik yapmay\u0131, yak\u0131nlara yard\u0131m etmeyi emreder; hay\u00e2s\u0131zl\u0131\u011f\u0131, fenal\u0131k ve azg\u0131nl\u0131\u011f\u0131 da yasaklar. O, d\u00fc\u015f\u00fcn\u00fcp tutas\u0131n\u0131z diye size \u00f6\u011f\u00fct veriyor\u201d mealindeki Nahl Suresinin 90. ayetinde Allah\u2019\u0131n emri b\u00f6yle.<\/p>\n<p>&nbsp;<\/p>\n<p>Allah hepimizi do\u011fru yoldan giden ve ayr\u0131lmayan kullar\u0131ndan etsin. \u00c2min.<\/p>\n<p>&nbsp;<\/p>\n<p>&nbsp;<\/p>\n<p><img loading=\"lazy\" decoding=\"async\" class=\"alignnone size-full wp-image-380\" src=\"https:\/\/zeleka.com\/wp-content\/uploads\/2025\/01\/Vesikalik-2.jpg\" alt=\"\" width=\"70\" height=\"100\" \/><\/p>\n<p>Ahmet MUTLUO\u011eLU<\/p>\n<p>\u00c7aml\u0131ca, 20. 12. 2012<\/p>\n<p>&nbsp;<\/p>\n<p>KAYNAK\u00c7A:<\/p>\n<ol>\n<li><a href=\"http:\/\/www.zeleka.com\">zeleka.com<\/a> ar\u015fivi<\/li>\n<li>Trabzon \u00c7aykara Ta\u015f\u00f6ren K\u00f6y\u00fc Derne\u011fi Ar\u015fivi<\/li>\n<li>Muhammet Arslant\u00fcrk, \u0130brahim O\u011flu (1904-1983)<\/li>\n<li><a href=\"http:\/\/www.kuranmeali.org\">kuranmeali.org<\/a> sitesi<\/li>\n<\/ol>\n<p>&nbsp;<\/p>\n<p>&nbsp;<\/p>\n","protected":false},"excerpt":{"rendered":"<p>&nbsp; &nbsp; ZELEKA\u2019DAN HAKKA TOPLU Y\u00dcR\u00dcY\u00dc\u015e \u00a0 Sevgili Zelekal\u0131lar, bir zamanlar Gavu\u015f O\u011flu Tsubama Muhammet Arslant\u00fcrk (1904-1983) Rahmetli\u2019den dinlemi\u015ftim. \u201cBir g\u00fcnde sekiz cenaze defnettik k\u00f6y\u00fcm\u00fczde\u201d demi\u015fti. Bu bir k\u00f6y i\u00e7in bir g\u00fcnde \u00e7ok b\u00fcy\u00fck bir kay\u0131pt\u0131. Belli ki s\u0131tma, \u00e7i\u00e7ek, verem gibi o zamanlar \u00e7aresi hen\u00fcz bulunamayan bula\u015f\u0131c\u0131 hastal\u0131klar yol a\u00e7m\u0131\u015ft\u0131 bu fel\u00e2kete. Ama \u015fimdi [&hellip;]<\/p>\n","protected":false},"author":1,"featured_media":4996,"comment_status":"open","ping_status":"open","sticky":false,"template":"","format":"standard","meta":{"tdm_status":"","tdm_grid_status":"","footnotes":""},"categories":[30,29],"tags":[],"class_list":{"0":"post-4995","1":"post","2":"type-post","3":"status-publish","4":"format-standard","5":"has-post-thumbnail","7":"category-ahmet-mutluoglu","8":"category-yazarlar"},"_links":{"self":[{"href":"https:\/\/zeleka.com\/index.php?rest_route=\/wp\/v2\/posts\/4995","targetHints":{"allow":["GET"]}}],"collection":[{"href":"https:\/\/zeleka.com\/index.php?rest_route=\/wp\/v2\/posts"}],"about":[{"href":"https:\/\/zeleka.com\/index.php?rest_route=\/wp\/v2\/types\/post"}],"author":[{"embeddable":true,"href":"https:\/\/zeleka.com\/index.php?rest_route=\/wp\/v2\/users\/1"}],"replies":[{"embeddable":true,"href":"https:\/\/zeleka.com\/index.php?rest_route=%2Fwp%2Fv2%2Fcomments&post=4995"}],"version-history":[{"count":1,"href":"https:\/\/zeleka.com\/index.php?rest_route=\/wp\/v2\/posts\/4995\/revisions"}],"predecessor-version":[{"id":4997,"href":"https:\/\/zeleka.com\/index.php?rest_route=\/wp\/v2\/posts\/4995\/revisions\/4997"}],"wp:featuredmedia":[{"embeddable":true,"href":"https:\/\/zeleka.com\/index.php?rest_route=\/wp\/v2\/media\/4996"}],"wp:attachment":[{"href":"https:\/\/zeleka.com\/index.php?rest_route=%2Fwp%2Fv2%2Fmedia&parent=4995"}],"wp:term":[{"taxonomy":"category","embeddable":true,"href":"https:\/\/zeleka.com\/index.php?rest_route=%2Fwp%2Fv2%2Fcategories&post=4995"},{"taxonomy":"post_tag","embeddable":true,"href":"https:\/\/zeleka.com\/index.php?rest_route=%2Fwp%2Fv2%2Ftags&post=4995"}],"curies":[{"name":"wp","href":"https:\/\/api.w.org\/{rel}","templated":true}]}}