{"id":4992,"date":"2025-10-11T22:22:58","date_gmt":"2025-10-11T19:22:58","guid":{"rendered":"https:\/\/zeleka.com\/?p=4992"},"modified":"2025-10-11T22:22:58","modified_gmt":"2025-10-11T19:22:58","slug":"saracin-kayasi-27","status":"publish","type":"post","link":"https:\/\/zeleka.com\/?p=4992","title":{"rendered":"SARA\u00c7IN KAYASI (27)"},"content":{"rendered":"<p>&nbsp;<\/p>\n<p>&nbsp;<\/p>\n<p><strong>\u00a0\u00a0\u00a0\u00a0 <\/strong><\/p>\n<p style=\"text-align: center;\"><strong>SARA\u00c7IN KAYASI<\/strong><\/p>\n<p><strong>\u00a0<\/strong><\/p>\n<p>Sara\u00e7\u2019\u0131n Kayas\u0131\u2019n\u0131 duydunuz mu hi\u00e7? Ya Sara\u00e7\u2019\u0131n Tarlas\u0131\u2019n\u0131? Duymad\u0131n\u0131z de\u011fil mi! \u00c7o\u011funuz onlarla do\u011fdunuz, onlarla b\u00fcy\u00fcd\u00fcn\u00fcz ve onlarla ya\u015flan\u0131yorsunuz ama duymad\u0131n\u0131z bu kayan\u0131n ismini, bu tarlan\u0131n ad\u0131n\u0131. Onlar\u0131 hala g\u00f6r\u00fcyor izliyorsunuz, her k\u00f6y ve yayla ziyaretinizde ama bilmiyorsunuz nerede olduklar\u0131n\u0131.<\/p>\n<p>&nbsp;<\/p>\n<p>Neyse fazla merakta b\u0131rakmayay\u0131m sizi. Hani \u015fu yayla yolunun ilk k\u00f6pr\u00fcs\u00fc, yani \u00dc\u00e7dereler K\u00f6pr\u00fcs\u00fc\u2019nden ge\u00e7erken ba\u015f\u0131n\u0131z\u0131 g\u00f6ky\u00fcz\u00fcne kald\u0131rd\u0131\u011f\u0131n\u0131z zaman kar\u015f\u0131n\u0131zda duran, yine \u00dc\u00e7dereler Mevkii\u2019ndeki Hasan Kaba\u2019n\u0131n \u00e7ay\u0131r\u0131ndan bakt\u0131\u011f\u0131n\u0131zda kuca\u011f\u0131n\u0131zda sand\u0131\u011f\u0131n\u0131z b\u00fcy\u00fck kaya var ya\u2026 Hani komlarda, kuzeyde bulunanlar\u0131n, Gavu\u015flular\u0131n k\u0131lmak i\u00e7in k\u0131bleye d\u00f6nd\u00fcklerinde \u00f6nlerine ald\u0131klar\u0131 o koca kaya var ya\u2026 Hani \u015fu S\u00fcrahi dedi\u011fimiz doksan dereceye yak\u0131n dik ve yama\u00e7 yerde, amcam\u0131n ya\u015fl\u0131 ine\u011fi me\u015fhur Kalandara\u2019n\u0131n dibinden kayarak yuvarlan\u0131p \u00dc\u00e7dereler K\u00f6pr\u00fcs\u00fc\u2019ne indi\u011finde, karn\u0131n\u0131n yar\u0131ld\u0131\u011f\u0131; \u015fimdilerde Kasaplar\u0131n, Arslant\u00fcrklerin maliki bulunduklar\u0131 yerdeki koca kaya var ya; i\u015fte o kayadan bahsediyoruz. O kayan\u0131n ad\u0131 \u201cSara\u00e7\u2019\u0131n Kayas\u0131\u201dd\u0131r.<\/p>\n<p>&nbsp;<\/p>\n<p>Bir de k\u00f6y\u00fcn alt mahallesi yani \u015eerifli Mahallesi\u2019nde Rahmetli Hac\u0131 Cevahir\u2019in evinin yan\u0131ndaki tarlan\u0131n Karahasanlar taraf\u0131ndaki b\u00f6l\u00fcm\u00fc var ya; onun ad\u0131 da \u201cSara\u00e7\u2019\u0131n Tarlas\u0131\u201dd\u0131r. Cevahirler \u00f6yle anarm\u0131\u015f oray\u0131. O \u00e7evrede arazisi bulunanlar eski tapular\u0131n\u0131 incelerlerse, tapular\u0131nda \u015farken, garben, cenuben veya \u015fimalen: Sara\u00e7o\u011flu tarlas\u0131 yaz\u0131ld\u0131\u011f\u0131n\u0131 g\u00f6receklerdir. \u00d6rne\u011fin; bizim oradaki evin \u00e7evresindeki tarlan\u0131n 10. cilt, 207. sayfa, 25. s\u0131ra numaral\u0131 ve Nisan 1935 tarihli tapu senetinde s\u0131n\u0131rlar\u0131 \u015f\u00f6yle belirtiliyor: \u201c\u015earken ve garben Karahasano\u011flu H\u00fcseyin Tarlas\u0131, \u015fimalen Sara\u00e7o\u011flu Dursun Tarlas\u0131 ve cenuben tarik\u0131am ile mahdut. \u201d<\/p>\n<p>&nbsp;<\/p>\n<p>B\u00fcy\u00fck dedem Kutri Mehmet Efendi\u2019nin (takribi ya\u015fam y\u0131llar\u0131 1825-1905) el yazmas\u0131 notlar\u0131 aras\u0131nda bulunan, muhtemelen Rumi 1294 &#8211; Miladi 1878\u2019de vefat eden ve \u201ckarde\u015fim\u201d diye niteledi\u011fi Kutri \u0130brahim Efendi\u2019nin bor\u00e7 ve alacaklar\u0131 listesinde Sara\u00e7o\u011flu Dursun\u2019un ad\u0131 da keza zikredilmektedir.<\/p>\n<p>&nbsp;<\/p>\n<p>Ne yaz\u0131k ki ben de ancak ge\u00e7en sene, rahmetli kay\u0131nvalidem Safiye Tuncer ile beraber, tam olarak tespit edebildim Sara\u00e7\u2019\u0131n Kayas\u0131n\u0131, Sara\u00e7\u2019\u0131n Tarlas\u0131n\u0131. O zamana kadar ben de onlarla b\u00fcy\u00fcd\u00fcm, hatta ya\u015fland\u0131m ama tam olarak bilmiyordum onlar\u0131. Benim gibi yeni \u00f6\u011frenenler veya bu yaz\u0131 ile \u00f6\u011freniyor olanlar\u0131n yan\u0131nda Kasaplardan, Arslant\u00fcrklerden, Cevahirlerden bir\u00e7ok ki\u015fi mutlaka bizlerden \u00f6nce biliyorlard\u0131 Sara\u00e7\u2019\u0131n Kayas\u0131\u2019n\u0131, Sara\u00e7\u2019\u0131n Tarlas\u0131\u2019n\u0131. Yani bir \u015fekilde bu kaya ve bu tarla ula\u015ft\u0131 bize. Ya bunlar\u0131n sahipleri\u2026 Onlar\u0131 duyan bilen var m\u0131? Ne zaman ya\u015fad\u0131lar k\u00f6y\u00fcm\u00fczde? Ne oldular sonra? G\u00f6\u00e7 m\u00fc ettiler? Nesilleri mi kesildi?<\/p>\n<p>&nbsp;<\/p>\n<p>Ba\u015fka bir\u00e7ok yerde \u201cSara\u00e7, Sara\u00e7o\u011flu\u201d soyadlar\u0131nda s\u00fclaleler vard\u0131r. Bizimkilerin onlarla ilgisi var m\u0131? Bunlar\u0131 bilmiyoruz. Ne hazin, de\u011fil mi!<\/p>\n<p>&nbsp;<\/p>\n<p>Bu mudur insan? Bu mudur insanl\u0131k? Ta\u015flar, tarlalar bizden daha de\u011ferli, daha an\u0131l\u0131r bilinir, daha \u015fansl\u0131. Ne garip de\u011fil mi!<\/p>\n<p>&nbsp;<\/p>\n<p>Nerde Sara\u00e7o\u011flu Dursun, kimdi Sara\u00e7\u2019\u0131n G\u00fcll\u00fc.<\/p>\n<p>&nbsp;<\/p>\n<p>Sordum 1926 do\u011fumlu Haf\u0131z Mehmet \u00c7ift\u00e7i\u2019ye \u201cSara\u00e7\u2019\u0131n G\u00fcll\u00fc\u201dy\u00fc. Do\u011fru diyorsun, annem be\u011fenmedi\u011fi han\u0131mlara \u201dSara\u00e7\u2019\u0131n G\u00fcll\u00fc gibi olur olmaz konu\u015fma\u201d diye \u00e7\u0131k\u0131\u015f\u0131rd\u0131 dedi.<\/p>\n<p>&nbsp;<\/p>\n<p>\u201cSara\u00e7\u2019\u0131n G\u00fcll\u00fc\u201d deyimini Mehmet o\u011flu \u0130brahim Atalay (1926) amcam\u0131z da hat\u0131rlad\u0131; \u201cdo\u011fru, ben de \u00e7ok duydum bu deyimin kullan\u0131ld\u0131\u011f\u0131n\u0131\u201d dedi Ekim 2012 tarihli s\u00f6yle\u015fimizde.<\/p>\n<p>&nbsp;<\/p>\n<p>Asl\u0131nda dostlar bu, bizim insana, insan\u0131m\u0131za verdi\u011fimiz, daha do\u011frusu vermedi\u011fimiz de\u011ferin g\u00f6stergesi de\u011fil midir? Kayalar\u0131n, tarlalar\u0131n, \u00e7ay\u0131rlar\u0131n bizden daha de\u011ferli bulunmas\u0131 ac\u0131 de\u011fil mi? Sahi, ka\u00e7\u0131m\u0131z dedemizin dedesinin mezar\u0131n\u0131 biliyoruz? Ka\u00e7\u0131m\u0131z o \u00e7ok sevdi\u011fi babaannemizin anne baba isimlerini biliyoruz?<\/p>\n<p>&nbsp;<\/p>\n<p>Bu mudur hayat; yemek, i\u00e7mek, para, servet, ev, araba, apartman vs. vs\u2026 Bu olmamal\u0131 hayat\u0131n anlam\u0131. Mutlu hayat insanlarla iyi ili\u015fkiler i\u00e7erisinde ge\u00e7irilen hayat de\u011fil midir? \u00d6l\u00fcs\u00fc dirisi ile insanlara de\u011fer vermek, onlar\u0131 anmak, aramak, sormak de\u011fil midir mutlulu\u011fun yolu?<\/p>\n<p>&nbsp;<\/p>\n<p>Oysa k\u00f6y\u00fcm\u00fczde unutulan o kadar \u00e7ok s\u00fclale ve insan var ki, ke\u015ffettik\u00e7e hayretler i\u00e7inde kal\u0131yor insan. Ge\u00e7mi\u015fimize kar\u015f\u0131 o kadar lakayt davran\u0131yoruz ki ak\u0131l alm\u0131yor. Bu ayn\u0131 zamanda ya\u015fayanlar\u0131m\u0131za de\u011fer vermedi\u011fimizin bir g\u00f6stergesi de\u011fil midir? Akrabal\u0131k, kom\u015fuluk ili\u015fkileri ne durumda gibi sorular\u0131n a\u00e7\u0131k cevab\u0131d\u0131r bu.<\/p>\n<p>&nbsp;<\/p>\n<p>\u0130leriki yaz\u0131lar\u0131m\u0131zda k\u00f6y\u00fcm\u00fczde unutulanlar\u0131 bulmak ve anmak umuduyla birbirini anlayan ve arayan insanlardan olu\u015fan bir toplum olmam\u0131z\u0131 ve \u00e7ok yak\u0131n bir gelecekte Sara\u00e7\u2019\u0131n Kayas\u0131\u2019ndan daha de\u011fersiz bir duruma d\u00fc\u015fmememizi diliyorum.<\/p>\n<p>&nbsp;<\/p>\n<p><img loading=\"lazy\" decoding=\"async\" class=\"alignnone size-full wp-image-380\" src=\"https:\/\/zeleka.com\/wp-content\/uploads\/2025\/01\/Vesikalik-2.jpg\" alt=\"\" width=\"70\" height=\"100\" \/><\/p>\n<p>Ahmet MUTLUO\u011eLU<\/p>\n<p>\u00c7aml\u0131ca, 30. 10. 2012<\/p>\n<p>&nbsp;<\/p>\n<p>KAYNAK\u00c7A:<\/p>\n<p>&nbsp;<\/p>\n<ol>\n<li>Kutri Mehmet Efendi\u2019nin, Ahmet O\u011flu (Takribi, 1825-1905) el yaz\u0131s\u0131 notlar\u0131<\/li>\n<li>Haf\u0131z Mehmet \u00c7ift\u00e7i, \u0130brahim O\u011flu (1926-\u2026)<\/li>\n<li>\u0130brahim Atalay, Mehmet O\u011flu (1929-\u2026)<\/li>\n<li>Safiye Gezgin Tun\u00e7er, As\u0131m K\u0131z\u0131, (1933-2012)<\/li>\n<li>Kutri Ahmet Efendi (1872-1950) Mutluo\u011flu\u2019na ait 1935 tarihli tapu seneti<\/li>\n<li>Fatma Tuncer, Tahsin K\u0131z\u0131 (1940-\u2026)<\/li>\n<\/ol>\n<table width=\"100%\">\n<tbody>\n<tr>\n<td width=\"15%\">G\u00f6nderen<\/td>\n<td width=\"85%\">Mesaj<\/td>\n<\/tr>\n<tr>\n<td rowspan=\"2\"><a href=\"http:\/\/www.zeleka.com\/include.php?path=login\/userinfo.php&amp;id=23063\">Hazan Yolcusu<\/a><\/td>\n<td><strong>selam \u2022 31.10.2012 &#8211; 18:43 \u00a0\u00a0<\/strong><\/td>\n<\/tr>\n<tr>\n<td>selam \u0131y\u0131 ak\u015famlar ahmet bey yaz\u0131y\u0131 okudum cok guzel duykulanmamak mumkunmu<br \/>\ncok \u0131yde oluyor tar\u0131he i\u015fik tutuyorsun bu cal\u0131\u015fmalar\u0131n\u0131z gelecek nes\u0131lere i\u015fik olur \u0131nsalah<br \/>\nsarac\u0131n kayas\u0131 tar\u0131f uzere tr\u0131potamoda k\u0131<br \/>\nhayk\u0131ran\u0131nan\u0131n kayas\u0131m\u0131 kopruye varmadan sagda olanm\u0131<br \/>\nveya suray\u0131de b\u0131yerdeme tam olarak b\u0131lmem\u0131z laz\u0131m vede oray\u0131da m\u0131leyte gosderel\u0131m<br \/>\nher \u015fey \u0131c\u0131n te\u015fekurler ahmet bey bak\u0131 selam hudayas emanet olunuz<\/td>\n<\/tr>\n<\/tbody>\n<\/table>\n<p>&nbsp;<\/p>\n<p>De\u011ferli Hazan Yolcusu,<\/p>\n<p>K\u00f6pr\u00fcn\u00fcn \u00fcst\u00fcnde, S\u00fcrayidedir. Ara\u015ft\u0131rmalar\u0131m esnas\u0131nda biz ona Hayk\u0131ranl\u0131n\u0131n (Haygiraninan\u0131n) Kayas\u0131 diyoruz diyenler de oldu. Tabii as\u0131l ad\u0131 unutulunca yeni isim koyma mecburiyeti do\u011fdu. Yak\u0131n\u0131nda \u00e7ay\u0131r\u0131 olan yeni nesil de\u00a0 bu ismi koydu. Oysa Rahmetli Hayk\u0131ranl\u0131\u00a0 (Haygiranina) Hala&#8217;y\u0131 biz de tan\u0131yoruz;yani Zeleka&#8217;da \u00e7ok yeni idi. Kayan\u0131n O&#8217;ndan \u00f6nce de ismi vard\u0131 ve o isim de &#8220;Sara\u00e7\u0131n Kayas\u0131&#8221; idi. Ama bunlardan \u00f6nemlisi Sara\u00e7lar kimler idi, ne oldular&#8230;Biz ne kadar zaman sonra unutulaca\u011f\u0131z. Onlar kadar dayanabilecek miyiz. \u00c7\u00fcnk\u00fc bizim koca bir kayam\u0131z yok ki&#8230;<\/p>\n<p>\u0130lginize te\u015fekk\u00fcr eder sel\u00e2m ve sayg\u0131lar\u0131m\u0131 sunar\u0131m Efendim.<\/p>\n<p><strong>B\u0130R \u00d6ZEL MESAJ <\/strong><\/p>\n<p>Selam \u2022 31.10.2012 &#8211; 18:43<\/p>\n<p>Selam iyi ak\u015famlar Ahmet Bey. Yaz\u0131y\u0131 okudum, \u00e7ok g\u00fczel duygulanmamak m\u00fcmk\u00fcn m\u00fc?<\/p>\n<p>\u00c7ok iyi de oluyor; Tarihe \u0131\u015f\u0131k tutuyorsunuz. Bu \u00e7al\u0131\u015fmalar\u0131n\u0131z gelecek nesillere \u0131\u015f\u0131k olur in\u015fallah.<\/p>\n<p>Sarac\u0131n Kayas\u0131 tarif \u00fczere Tripotamoda ki Hayk\u0131ran\u0131nan\u0131n kayas\u0131 m\u0131? K\u00f6pr\u00fcye varmadan sa\u011fda olan m\u0131; veya Surayi&#8217;de bir yerde mi? Tam olarak bilmemiz l\u00e2z\u0131m ve de oray\u0131 da millete g\u00f6sterelim.<\/p>\n<p>Her \u015fey i\u00e7in te\u015fekk\u00fcrler Ahmet Bey. Bak\u0131 selam Huda&#8217;ya emanet olunuz.<\/p>\n<p><strong>VE\u00a0 CEVABI<\/strong><\/p>\n<p>De\u011ferli \u2026\u2026\u2026\u2026\u2026\u2026\u2026\u2026\u2026\u2026\u2026\u2026\u2026\u2026\u2026\u2026\u2026<\/p>\n<p>K\u00f6pr\u00fcn\u00fcn \u00fcst\u00fcnde, S\u00fcrayi&#8217;dedir. Ara\u015ft\u0131rmalar\u0131m esnas\u0131nda biz ona Hayk\u0131ranl\u0131n\u0131n (Haygiraninan\u0131n) Kayas\u0131 diyoruz diyenler de oldu. Tabii as\u0131l ad\u0131 unutulunca yeni isim koyma mecburiyeti do\u011fdu. Yak\u0131n\u0131nda \u00e7ay\u0131r\u0131 olan yeni nesil de\u00a0 bu ismi koydu. Oysa Rahmetli Hayk\u0131ranl\u0131\u00a0 (Haygiranina) Halay\u0131 biz de tan\u0131yoruz; yani Zeleka&#8217;da \u00e7ok yeni idi. Kayan\u0131n O&#8217;ndan \u00f6nce de ismi vard\u0131 ve o isim de &#8220;Sara\u00e7\u0131n Kayas\u0131&#8221; idi. Ama bunlardan \u00f6nemlisi Sara\u00e7lar kimler idi, ne oldular&#8230;Biz ne kadar zaman sonra unutulaca\u011f\u0131z. Onlar kadar dayanabilecek miyiz. \u00c7\u00fcnk\u00fc bizim koca bir kayam\u0131z yok ki&#8230;<\/p>\n<p>\u0130lginize te\u015fekk\u00fcr eder sel\u00e2m ve sayg\u0131lar\u0131m\u0131 sunar\u0131m Efendim.<\/p>\n<p>&nbsp;<\/p>\n<p>&nbsp;<\/p>\n<p>&nbsp;<\/p>\n<p>&nbsp;<\/p>\n<p>&nbsp;<\/p>\n<p>&nbsp;<\/p>\n<p>&nbsp;<\/p>\n<p>&nbsp;<\/p>\n<p>&nbsp;<\/p>\n<p><strong>\u00a0<\/strong><\/p>\n<p>1 Kas\u0131m 2012 Per\u015fembe, 10:40<\/p>\n<p>&nbsp;<\/p>\n<p><strong>\u00a0Kimden\u00a0 <\/strong>Orhan Tekeoglu &lt;orhan.tekeoglu@gmail.com&gt;<\/p>\n<p><strong>\u00a0Kime:\u00a0\u00a0\u00a0\u00a0 <\/strong>Ahmet Mutluo lu &lt;ahmetmutluoglu@yahoo.com&gt;<\/p>\n<p>Sevgili Hocam,<\/p>\n<p>Ara\u015ft\u0131rma yaz\u0131n\u0131z\u0131 ilgiyle okudum.Elinize, beyninize sa\u011fl\u0131k.Yeni nesil bir\u00e7ok de\u011ferleri sizden \u00f6\u011freniyor.<\/p>\n<p>Bize de ge\u00e7mi\u015fle bug\u00fcn\u00fc ya\u015fat\u0131yorsunuz.\u00a0Te\u015fekk\u00fcrler.<\/p>\n<p>Mutlaka siz de biliyorsunuz ama yine de payla\u015fmak istedim.<\/p>\n<p>\u00c7aykara Askerlik \u015eubesi kay\u0131tlar\u0131na g\u00f6re, k\u00f6y\u00fcm\u00fcz\u00fcn \u0130stiklal Madalyal\u0131 gazilerimiz \u015funlard\u0131r.<\/p>\n<p>&nbsp;<\/p>\n<p>Ad\u0131-soyad\u0131 \u00a0 \u00a0 \u00a0 \u00a0 \u00a0 \u00a0 Baba Ad\u0131 \u00a0 \u00a0 \u00a0 \u00a0 \u00a0 \u00a0 \u00a0 Do\u011fum tarihi \u00a0 \u00a0 \u00a0 \u00a0 K\u00f6y\u00fc<\/p>\n<p>&#8230;&#8230;&#8230;&#8230;&#8230;&#8230;.. \u00a0 \u00a0 \u00a0 \u00a0 \u00a0&#8230;&#8230;&#8230;&#8230;&#8230; \u00a0 \u00a0 \u00a0 \u00a0 \u00a0 \u00a0 \u00a0 &#8230;&#8230;&#8230;&#8230;&#8230;&#8230;&#8230; \u00a0 \u00a0 \u00a0 \u00a0 \u00a0&#8230;&#8230;&#8230;.<\/p>\n<p>Mahmut Kaba \u00a0 \u00a0 \u00a0 \u00a0 Aziz \u00a0 \u00a0 \u00a0 \u00a0 \u00a0 \u00a0 \u00a0 \u00a0 \u00a0 \u00a0 \u00a0 \u00a0 1897 \u00a0 \u00a0 \u00a0 \u00a0 \u00a0 \u00a0 \u00a0 \u00a0 \u00a0Ta\u015f\u00f6ren<\/p>\n<p>Mehmet Ayd\u0131n \u00a0 \u00a0 \u00a0 \u00a0 Bilal \u00a0 \u00a0 \u00a0 \u00a0 \u00a0 \u00a0 \u00a0 \u00a0 \u00a0 \u00a0 \u00a0 \u00a0 1898 \u00a0 \u00a0 \u00a0 \u00a0 \u00a0 \u00a0 \u00a0 \u00a0 \u00a0Ta\u015f\u00f6ren<\/p>\n<p>Efrahim Tellio\u011flu \u00a0 \u00a0 \u0130brahim \u00a0 \u00a0 \u00a0 \u00a0 \u00a0 \u00a0 \u00a0 \u00a0 \u00a0 \u00a01901 \u00a0 \u00a0 \u00a0 \u00a0 \u00a0 \u00a0 \u00a0 \u00a0 \u00a0Ta\u015f\u00f6ren<\/p>\n<p>&nbsp;<\/p>\n<p>&nbsp;<\/p>\n<p>&nbsp;<\/p>\n<p><strong>HOCAM SAYIN TAL\u0130P MERT BEYEFEND\u0130N\u0130N MESAJI<\/strong><\/p>\n<p><strong>te\u015fekk\u00fcrler<\/strong><\/p>\n<p>4 Kas\u0131m 2012 Pazar, 6:59<\/p>\n<p>Kimden :&#8221;tmert&#8221; &lt;tmert@marmara.edu.tr&gt;<\/p>\n<p>&nbsp;<\/p>\n<p>Kime\u00a0\u00a0\u00a0\u00a0 : ahmetmutluoglu@yahoo.com<\/p>\n<p>Ahmed Bey,<br \/>\nYaz\u0131n\u0131z\u0131 okudum. Memnun kald\u0131m. Allah devam\u0131n\u0131 nasip etsin \u0130n\u015fallah. Osmanl\u0131 T\u00fcrk\u00e7esiyle hemhal olman\u0131n faydalar\u0131 m\u00fc\u015fahhas olarak g\u00f6r\u00fcl\u00fcyor.<br \/>\nSelam ve dualarla&#8230;<\/p>\n<p>&nbsp;<\/p>\n<p>&nbsp;<\/p>\n<p>&nbsp;<\/p>\n<p>&nbsp;<\/p>\n","protected":false},"excerpt":{"rendered":"<p>&nbsp; &nbsp; \u00a0\u00a0\u00a0\u00a0 SARA\u00c7IN KAYASI \u00a0 Sara\u00e7\u2019\u0131n Kayas\u0131\u2019n\u0131 duydunuz mu hi\u00e7? Ya Sara\u00e7\u2019\u0131n Tarlas\u0131\u2019n\u0131? Duymad\u0131n\u0131z de\u011fil mi! \u00c7o\u011funuz onlarla do\u011fdunuz, onlarla b\u00fcy\u00fcd\u00fcn\u00fcz ve onlarla ya\u015flan\u0131yorsunuz ama duymad\u0131n\u0131z bu kayan\u0131n ismini, bu tarlan\u0131n ad\u0131n\u0131. Onlar\u0131 hala g\u00f6r\u00fcyor izliyorsunuz, her k\u00f6y ve yayla ziyaretinizde ama bilmiyorsunuz nerede olduklar\u0131n\u0131. &nbsp; Neyse fazla merakta b\u0131rakmayay\u0131m sizi. Hani \u015fu yayla [&hellip;]<\/p>\n","protected":false},"author":1,"featured_media":4993,"comment_status":"open","ping_status":"open","sticky":false,"template":"","format":"standard","meta":{"tdm_status":"","tdm_grid_status":"","footnotes":""},"categories":[30,29],"tags":[],"class_list":{"0":"post-4992","1":"post","2":"type-post","3":"status-publish","4":"format-standard","5":"has-post-thumbnail","7":"category-ahmet-mutluoglu","8":"category-yazarlar"},"_links":{"self":[{"href":"https:\/\/zeleka.com\/index.php?rest_route=\/wp\/v2\/posts\/4992","targetHints":{"allow":["GET"]}}],"collection":[{"href":"https:\/\/zeleka.com\/index.php?rest_route=\/wp\/v2\/posts"}],"about":[{"href":"https:\/\/zeleka.com\/index.php?rest_route=\/wp\/v2\/types\/post"}],"author":[{"embeddable":true,"href":"https:\/\/zeleka.com\/index.php?rest_route=\/wp\/v2\/users\/1"}],"replies":[{"embeddable":true,"href":"https:\/\/zeleka.com\/index.php?rest_route=%2Fwp%2Fv2%2Fcomments&post=4992"}],"version-history":[{"count":1,"href":"https:\/\/zeleka.com\/index.php?rest_route=\/wp\/v2\/posts\/4992\/revisions"}],"predecessor-version":[{"id":4994,"href":"https:\/\/zeleka.com\/index.php?rest_route=\/wp\/v2\/posts\/4992\/revisions\/4994"}],"wp:featuredmedia":[{"embeddable":true,"href":"https:\/\/zeleka.com\/index.php?rest_route=\/wp\/v2\/media\/4993"}],"wp:attachment":[{"href":"https:\/\/zeleka.com\/index.php?rest_route=%2Fwp%2Fv2%2Fmedia&parent=4992"}],"wp:term":[{"taxonomy":"category","embeddable":true,"href":"https:\/\/zeleka.com\/index.php?rest_route=%2Fwp%2Fv2%2Fcategories&post=4992"},{"taxonomy":"post_tag","embeddable":true,"href":"https:\/\/zeleka.com\/index.php?rest_route=%2Fwp%2Fv2%2Ftags&post=4992"}],"curies":[{"name":"wp","href":"https:\/\/api.w.org\/{rel}","templated":true}]}}