{"id":4990,"date":"2025-10-11T22:18:51","date_gmt":"2025-10-11T19:18:51","guid":{"rendered":"https:\/\/zeleka.com\/?p=4990"},"modified":"2025-10-11T22:18:51","modified_gmt":"2025-10-11T19:18:51","slug":"m-s-2012-yilinda-koyumuzde-sulaleler-26","status":"publish","type":"post","link":"https:\/\/zeleka.com\/?p=4990","title":{"rendered":"M.S. 2012 YILINDA K\u00d6Y\u00dcM\u00dcZDE S\u00dcLALELER (26)"},"content":{"rendered":"<p>&nbsp;<\/p>\n<p>&nbsp;<\/p>\n<p><strong>M.S. 2012 YILINDA K\u00d6Y\u00dcM\u00dcZDE S\u00dcLALELER<\/strong><\/p>\n<p>K\u00f6y\u00fcm\u00fcz\u00fcn kurulu\u015fundan g\u00fcn\u00fcm\u00fcze kadar \u00e7ok sular akt\u0131 k\u00f6pr\u00fclerin alt\u0131ndan. Binlerce, on binlerce insan do\u011fdu, ya\u015fad\u0131 ve g\u00f6\u00e7 etti k\u00f6y\u00fcm\u00fczden. Kimi ba\u015fka diyara, kimiyse As\u0131l Yar\u2019a. Emin olun bunlar\u0131n b\u00fcy\u00fck \u00e7o\u011funlu\u011fu da unutuldu gitti. B\u0131rak\u0131n\u0131z bireyleri koca s\u00fclaleler bile yok oldu, unutuldu. Hayat b\u00f6yledir; ac\u0131mas\u0131zd\u0131r! Kurallar\u0131n\u0131 uygular herkese. Sel gibi g\u00f6t\u00fcr\u00fcr her \u015feyi. Bu selden kapabildiklerimize de hat\u0131ra veya an\u0131 diyoruz. Ve an\u0131lar da ya\u015fananlar\u0131n \u00e7ok az\u0131 ve belki de \u00f6z\u00fcd\u00fcr.<\/p>\n<p>&nbsp;<\/p>\n<p>De\u011ferli okuyucular, isterseniz unutulmadan, hat\u0131rala\u015fmadan tarihe bir not d\u00fc\u015felim hep beraber ve halen k\u00f6y\u00fcm\u00fczde hayatiyetini s\u00fcrd\u00fcren s\u00fclalelerin tespitini yapal\u0131m.<\/p>\n<p>&nbsp;<\/p>\n<p>K\u00f6y giri\u015finden ba\u015flamak \u00fczere yaylaya do\u011fru s\u0131ralamaya \u00e7al\u0131\u015fal\u0131m M.S. 2012 y\u0131l\u0131nda k\u00f6y\u00fcm\u00fcz\u00fc olu\u015fturan s\u00fclaleleri. Belirtmek gerekir ki, temsil edilen bu s\u00fclalelerin de sembolik bir ka\u00e7 ki\u015fisi ya\u015f\u0131yor \u015fu an k\u00f6y\u00fcm\u00fczde. K\u00f6ydekilerin onlarca kat\u0131, k\u00f6y d\u0131\u015f\u0131nda, Trabzon d\u0131\u015f\u0131nda veya \u00fclke d\u0131\u015f\u0131nda ya\u015f\u0131yor bu s\u00fclale bireylerinin. K\u00f6y\u00fcm\u00fczde bizleri temsil eden bu son kahramanlar\u0131 \u015f\u00fckranla selamlayarak ve \u00f6nce yerel soyadlar\u0131n\u0131, sonra da parantez i\u00e7inde resm\u00ee soyadlar\u0131n\u0131 yazmak suretiyle s\u0131ralamaya \u00e7al\u0131\u015fal\u0131m soyumuzu sopumuzu:<\/p>\n<p>&nbsp;<\/p>\n<p>&nbsp;<\/p>\n<p>&#8211; Mando\u011fullar\u0131 (\u015een, \u015eeno\u011flu)<\/p>\n<p>&#8211; Hudeko\u011fullar\u0131, Molla\u00f6merler, Memi\u015fler (Hudeko\u011flu, Tuncer, Tun\u00e7er, Tuncero\u011flu, Gezgin)<\/p>\n<p>&#8211; Kuskarlar (Aky\u00fcz)<\/p>\n<p>&#8211; Abdurrahmano\u011fullar\u0131 (Ba\u015ft\u00fcrk)<\/p>\n<p>&#8211; Postlar, Telliler (Tellio\u011flu)<\/p>\n<p>&#8211; Karahasano\u011fullar\u0131 (Kara, Karao\u011flu, Korkmaz, Kara\u00e7ay)<\/p>\n<p>&#8211; Kabao\u011fullar\u0131 (Kaba, Kabao\u011flu)<\/p>\n<p>&#8211; Keskio\u011fullar\u0131 (Keski, Keskin)<\/p>\n<p>&#8211; Mollaismailo\u011fullar\u0131 (Ba\u015fo\u011flu)<\/p>\n<p>&#8211; Yunuslar (Y\u0131lmaz)<\/p>\n<p>&#8211; Kasapo\u011fullar\u0131, Huburlar (Kasap, Kasapo\u011flu)<\/p>\n<p>&#8211; Cevahirler (Se\u00e7ilmi\u015f, Se\u00e7ilmi\u015fo\u011flu)<\/p>\n<p>&#8211; \u00c7ift\u00e7iler (\u00c7ift\u00e7i, \u00c7ifo\u011flu, Alan)<\/p>\n<p>&#8211; Sakalar (Saka, Sakao\u011flu, Bak\u0131rc\u0131)<\/p>\n<p>&#8211; Kibitao\u011fullar\u0131 (Durmu\u015f)<\/p>\n<p>&#8211; Rendeciler (Rendeci, Rendecio\u011flu, Zengin)<\/p>\n<p>&#8211; Gavu\u015fo\u011fullar\u0131 ( Arslant\u00fcrk, Arslant\u00fcrko\u011flu)<\/p>\n<p>&#8211; Kayalar (Kaya, Kayao\u011flu)<\/p>\n<p>&#8211; Hasekiler (Hasgiyer)<\/p>\n<p>&#8211; Ko\u00e7otlar, Haleko\u011fullar\u0131 (Atalay)<\/p>\n<p>&#8211; Takalar (Taka, Takao\u011flu, Teke, Tekeo\u011flu, Tekke, Tekkeo\u011flu)<\/p>\n<p>&#8211; \u00d6mero\u011fullar\u0131 (Asan, Asano\u011flu, Aslan, Aslano\u011flu, Arslan, Arslano\u011flu)<\/p>\n<p>&#8211; Kof Ali O\u011fullar\u0131 (K\u0131l\u0131\u00e7, K\u0131l\u0131\u00e7o\u011flu)<\/p>\n<p>&#8211; Atmacalar (Do\u011fan)<\/p>\n<p>&#8211; Hac\u0131 \u0130brahimler- Deburalar (Teper, Tepero\u011flu, Deber, Debero\u011flu)<\/p>\n<p>&#8211; Kutrio\u011fullar\u0131 (Mutlu, Mutluo\u011flu, Erdem)<\/p>\n<p>&#8211; \u00d6merefendio\u011fullar\u0131- \u00c7eyrekler- Aliakalar- Temelliler- Ustamehmetler (Ayd\u0131n, \u00d6merefendio\u011flu)<\/p>\n<p>&nbsp;<\/p>\n<p>G\u00fcn\u00fcm\u00fczde Ta\u015f\u00f6ren K\u00f6y\u00fc n\u00fcf\u00fcs\u00fcna kay\u0131tl\u0131 s\u00fclalelerini ana hatlar\u0131 ile b\u00f6ylece s\u0131ralayabiliriz.<\/p>\n<p>&nbsp;<\/p>\n<p>K\u00f6y\u00fcm\u00fcz s\u0131n\u0131rlar\u0131 i\u00e7inde Kayran K\u00f6y\u00fc n\u00fcfusuna kay\u0131tl\u0131 s\u00fclaleler de mevcuttur. Bunlar:<\/p>\n<p>&nbsp;<\/p>\n<p>&#8211; Hac\u0131alio\u011fullar\u0131 (Akdo\u011fan),<\/p>\n<p>&#8211; Kubuluko\u011fullar\u0131 (G\u00fcrsoy)<\/p>\n<p>&nbsp;<\/p>\n<p>Ye\u015filalan K\u00f6y\u00fc n\u00fcf\u00fcsuna kay\u0131tl\u0131 olup k\u00f6y\u00fcm\u00fcz s\u0131n\u0131rlar\u0131 i\u00e7inde ya\u015fayan s\u00fclaleler de \u015funlard\u0131r:<\/p>\n<p>&nbsp;<\/p>\n<p>&#8211; \u00c7ilhorozlar (Tok)<\/p>\n<p>&#8211; Ko\u00e7o\u011fullar\u0131 (Ko\u00e7)<\/p>\n<p>&#8211; Manekao\u011fullar\u0131 (Ak\u00e7ado\u011fan)<\/p>\n<p>&#8211; Vaizo\u011fullar\u0131 (Deniz)<\/p>\n<p>&nbsp;<\/p>\n<p>Di\u011fer taraftan idari olarak ayr\u0131 bir k\u00f6y olarak tescil edilmi\u015f olsa da (Limni) Kayran K\u00f6y\u00fc n\u00fcfusuna kay\u0131tl\u0131:<\/p>\n<p>&nbsp;<\/p>\n<p>&#8211; Cubocerler- K\u00fc\u00e7\u00fckibrahimler (G\u00fcrsoy)<\/p>\n<p>&#8211; Marnalar (Aksoy)<\/p>\n<p>&#8211; Momo\u00e7lar (Yaz\u0131c\u0131)<\/p>\n<p>&#8211; Mensurlar (Y\u00fccel)<\/p>\n<p>&#8211; Hac\u0131aliler, \u015eikonlar, Ka\u015favero\u011fullar\u0131, (Akdo\u011fan)<\/p>\n<p>&#8211; Kocah\u00fcseyino\u011fullar\u0131, Mollalar (\u015eahin- Kocah\u00fcseyino\u011flu)<\/p>\n<p>&#8211; \u00c7olako\u011fullar\u0131 (\u00c7olak, \u00c7olako\u011flu)<\/p>\n<p>&#8211; K\u00f6rahmetler (Akt\u00fcrk)<\/p>\n<p>&#8211; Kukolar (Kara- Tosun- Aslano\u011flu)<\/p>\n<p>&#8211; Per\u00e7eller (Gencosmano\u011flu)<\/p>\n<p>&nbsp;<\/p>\n<p>Yine idari olarak \u00c7aykara Merkez I\u015f\u0131kl\u0131 Mahallesine ba\u011fl\u0131, hu\u015f a\u011fa\u00e7lar\u0131n\u0131n bol miktarda yeti\u015fti\u011fi ve buna atfen \u201cHu\u015fo\u201d olarak adland\u0131r\u0131lan benim ise \u201cHu\u015f Mahallesi\u201d diye and\u0131\u011f\u0131m mahallede ikamet eden:<\/p>\n<p>&nbsp;<\/p>\n<p>&#8211; \u015eako\u011fullar\u0131, Abdullahlar, Ayranlar, Kas\u0131mefendiler, A\u011fraplar (\u015eahin)<\/p>\n<p>&#8211; Numano\u011fullar\u0131, F\u0131nd\u0131klar, Faikler, T\u00fclalar (Soylu, Saylan)<\/p>\n<p>&#8211; \u00c7omako\u011fullar\u0131, Husekler, K\u00f6rahmetler (Sel\u00e7uk)<\/p>\n<p>&#8211; Gediko\u011fullar\u0131, Musalar, Eminler (Gedik)<\/p>\n<p>&#8211; Humbalo\u011fullar\u0131 (Yavuz, Keskin)<\/p>\n<p>&nbsp;<\/p>\n<p>Tarlada, \u00e7ay\u0131rda, koruda, ormanda, komda mezrada, yaylada, okulda, camide, de\u011firmende, merada, cenazede, cumada, bayramda, yolda, izde, k\u0131van\u00e7ta, tasada her g\u00fcn bir arada ya\u015f\u0131yoruz Kayranl\u0131larla, Hu\u015flularla. \u00c7o\u011frafi olarak arazimiz evlerimiz birbirine kar\u0131\u015fm\u0131\u015ft\u0131r. Bilemedi\u011fimiz sebeplerle vakti evvelinde idareleri farkl\u0131la\u015ft\u0131r\u0131lan bu insanlar do\u011fal hayatta ayn\u0131 k\u00f6yl\u00fc gibi ya\u015fad\u0131lar ve ya\u015famaya devam ediyorlar. Dolay\u0131s\u0131 ile biz bu karde\u015flerimizle resmen olmasa da g\u00f6nl\u00fcm\u00fczde ayn\u0131 k\u00f6yl\u00fcy\u00fcz. Tarihte b\u00f6yle oldu, g\u00fcn\u00fcm\u00fczde de b\u00f6yledir.<\/p>\n<p>&nbsp;<\/p>\n<p>M.S. 2012 y\u0131l\u0131nda i\u015fte bu s\u00fclaleler ya\u015f\u0131yor k\u00f6y\u00fcm\u00fczde ve yak\u0131n \u00e7evremizde. Daha do\u011frusu bu s\u00fclaleler temsil ediliyor bir ka\u00e7ar ki\u015fi veya bo\u015f evleri ile. Ya temsil edilmeyenler. G\u00f6\u00e7enler, nesilleri kesilenler, k\u00f6yden silinenler, unutulanlar\u2026 Onlar\u0131 da ileriki yaz\u0131lar\u0131m\u0131zda anmaya ve an\u0131msatmaya \u00e7al\u0131\u015fal\u0131m.<\/p>\n<p>&nbsp;<\/p>\n<p><img loading=\"lazy\" decoding=\"async\" class=\"alignnone size-full wp-image-380\" src=\"https:\/\/zeleka.com\/wp-content\/uploads\/2025\/01\/Vesikalik-2.jpg\" alt=\"\" width=\"70\" height=\"100\" \/><\/p>\n<p>Ahmet MUTLUO\u011eLU<\/p>\n<p>\u00c7aml\u0131ca, 12.10.2012<\/p>\n<p>&nbsp;<\/p>\n<p>KAYNAK\u00c7A:<\/p>\n<ol>\n<li>2012 Y\u0131l\u0131nda Ta\u015f\u00f6ren K\u00f6y\u00fcnde, Kayran K\u00f6y\u00fcnde ve Hu\u015f Mahallesinde ya\u015fayanlar, yazlar\u0131 gelenler, bo\u015f da olsa evleri bulunanlar.<\/li>\n<\/ol>\n<p>&nbsp;<\/p>\n<p>&nbsp;<\/p>\n","protected":false},"excerpt":{"rendered":"<p>&nbsp; &nbsp; M.S. 2012 YILINDA K\u00d6Y\u00dcM\u00dcZDE S\u00dcLALELER K\u00f6y\u00fcm\u00fcz\u00fcn kurulu\u015fundan g\u00fcn\u00fcm\u00fcze kadar \u00e7ok sular akt\u0131 k\u00f6pr\u00fclerin alt\u0131ndan. Binlerce, on binlerce insan do\u011fdu, ya\u015fad\u0131 ve g\u00f6\u00e7 etti k\u00f6y\u00fcm\u00fczden. Kimi ba\u015fka diyara, kimiyse As\u0131l Yar\u2019a. Emin olun bunlar\u0131n b\u00fcy\u00fck \u00e7o\u011funlu\u011fu da unutuldu gitti. B\u0131rak\u0131n\u0131z bireyleri koca s\u00fclaleler bile yok oldu, unutuldu. Hayat b\u00f6yledir; ac\u0131mas\u0131zd\u0131r! Kurallar\u0131n\u0131 uygular herkese. Sel [&hellip;]<\/p>\n","protected":false},"author":1,"featured_media":2157,"comment_status":"open","ping_status":"open","sticky":false,"template":"","format":"standard","meta":{"tdm_status":"","tdm_grid_status":"","footnotes":""},"categories":[30,29],"tags":[],"class_list":{"0":"post-4990","1":"post","2":"type-post","3":"status-publish","4":"format-standard","5":"has-post-thumbnail","7":"category-ahmet-mutluoglu","8":"category-yazarlar"},"_links":{"self":[{"href":"https:\/\/zeleka.com\/index.php?rest_route=\/wp\/v2\/posts\/4990","targetHints":{"allow":["GET"]}}],"collection":[{"href":"https:\/\/zeleka.com\/index.php?rest_route=\/wp\/v2\/posts"}],"about":[{"href":"https:\/\/zeleka.com\/index.php?rest_route=\/wp\/v2\/types\/post"}],"author":[{"embeddable":true,"href":"https:\/\/zeleka.com\/index.php?rest_route=\/wp\/v2\/users\/1"}],"replies":[{"embeddable":true,"href":"https:\/\/zeleka.com\/index.php?rest_route=%2Fwp%2Fv2%2Fcomments&post=4990"}],"version-history":[{"count":1,"href":"https:\/\/zeleka.com\/index.php?rest_route=\/wp\/v2\/posts\/4990\/revisions"}],"predecessor-version":[{"id":4991,"href":"https:\/\/zeleka.com\/index.php?rest_route=\/wp\/v2\/posts\/4990\/revisions\/4991"}],"wp:featuredmedia":[{"embeddable":true,"href":"https:\/\/zeleka.com\/index.php?rest_route=\/wp\/v2\/media\/2157"}],"wp:attachment":[{"href":"https:\/\/zeleka.com\/index.php?rest_route=%2Fwp%2Fv2%2Fmedia&parent=4990"}],"wp:term":[{"taxonomy":"category","embeddable":true,"href":"https:\/\/zeleka.com\/index.php?rest_route=%2Fwp%2Fv2%2Fcategories&post=4990"},{"taxonomy":"post_tag","embeddable":true,"href":"https:\/\/zeleka.com\/index.php?rest_route=%2Fwp%2Fv2%2Ftags&post=4990"}],"curies":[{"name":"wp","href":"https:\/\/api.w.org\/{rel}","templated":true}]}}