{"id":496,"date":"2025-01-06T15:44:00","date_gmt":"2025-01-06T12:44:00","guid":{"rendered":"https:\/\/zeleka.com\/?p=496"},"modified":"2025-01-06T15:44:00","modified_gmt":"2025-01-06T12:44:00","slug":"eski-meclis-uyesi-vefat-etti","status":"publish","type":"post","link":"https:\/\/zeleka.com\/?p=496","title":{"rendered":"Eski Meclis \u00dcyesi vefat etti"},"content":{"rendered":"<p><img width=\"1024\" height=\"617\" src=\"https:\/\/www.caykaragazetesi.com\/wp-content\/uploads\/2025\/01\/eski-meclis-uyesi-vefat-etti.jpg\" class=\"attachment-post-thumbnail size-post-thumbnail wp-post-image\" alt=\"Eski Meclis \u00dcyesi vefat etti 13\" decoding=\"async\" loading=\"lazy\" srcset=\"https:\/\/www.caykaragazetesi.com\/wp-content\/uploads\/2025\/01\/eski-meclis-uyesi-vefat-etti.jpg 1024w, https:\/\/www.caykaragazetesi.com\/wp-content\/uploads\/2025\/01\/eski-meclis-uyesi-vefat-etti-768x463.jpg 768w\" sizes=\"auto, (max-width: 1024px) 100vw, 1024px\" title=\"Eski Meclis \u00dcyesi vefat etti 13\"><\/p>\n<p>Atak\u00f6y\u2019de Bilal o\u011flu Mustafa Hac\u0131abdullaho\u011flu vefat etti.<\/p>\n<p>Babas\u0131 ve kendisi uzun y\u0131llard\u0131r Atak\u00f6y\u2019de esnafl\u0131k yapan, bir d\u00f6nem Atak\u00f6y muhtarl\u0131\u011f\u0131 g\u00f6revinde bulunan, eski \u0130l Genel Meclisi ve \u00c7aykara Belediye Meclisi \u00fcyesi Mustafa Hac\u0131abdullaho\u011flu, bug\u00fcn vefat etti.<\/p>\n<p>Edinilen bilgiye g\u00f6re 15 g\u00fcn kadar \u00f6nce fel\u00e7 ge\u00e7iren 69 ya\u015f\u0131ndaki Hac\u0131abdullaho\u011flu, tedavi alt\u0131ndayd\u0131. Bug\u00fcn fenala\u015farak hayata g\u00f6zlerini yumdu.<\/p>\n<p>Mustafa Hac\u0131abdullaho\u011flu, memleketine hizmetleriyle tan\u0131nm\u0131\u015f, k\u00f6y\u00fcne ve insanlara katk\u0131lar\u0131yla g\u00f6n\u00fcllerde yer etmi\u015f bir bir ki\u015fi olarak tan\u0131n\u0131yordu. Kendisi ayn\u0131 zamanda, hayat\u0131n\u0131 \u00c7aykara\u2019n\u0131n de\u011ferlerini korumaya ve topluma hizmet etmeye adam\u0131\u015f bir \u015fahsiyetti.<\/p>\n<p>Cenazesi, <strong>7 Ocak 2025 Sal\u0131 g\u00fcn\u00fc Atak\u00f6y Merkez Camii\u2019nde \u00f6\u011fle namaz\u0131na m\u00fcteakip<\/strong> k\u0131l\u0131nacak cenaze namaz\u0131n\u0131n ard\u0131ndan, aile kabristan\u0131na defnedilecek.<\/p>\n<p>Allah rahmet eylesin, mek\u00e2n\u0131 cennet olsun.<\/p>\n<p><a href=\"https:\/\/www.caykaragazetesi.com\/vefat-haberleri\/eski-meclis-uyesi-vefat-etti-71724\/attachment\/eski-meclis-uyesi-vefat-etti-2\/\"><img loading=\"lazy\" decoding=\"async\" width=\"300\" height=\"209\" src=\"https:\/\/www.caykaragazetesi.com\/wp-content\/uploads\/2025\/01\/eski-meclis-uyesi-vefat-etti-2.jpeg\" class=\"attachment-full size-full\" alt=\"Eski Meclis \u00dcyesi vefat etti 12\" title=\"Eski Meclis \u00dcyesi vefat etti 12\"><\/a><\/p>\n<p>\u00a0<\/p>\n<p>Bu icerik www.caykaragazetesi.com alintidir.<\/p>\n","protected":false},"excerpt":{"rendered":"<p>Atak\u00f6y\u2019de Bilal o\u011flu Mustafa Hac\u0131abdullaho\u011flu vefat etti. Babas\u0131 ve kendisi uzun y\u0131llard\u0131r Atak\u00f6y\u2019de esnafl\u0131k yapan, bir d\u00f6nem Atak\u00f6y muhtarl\u0131\u011f\u0131 g\u00f6revinde bulunan, eski \u0130l Genel Meclisi ve \u00c7aykara Belediye Meclisi \u00fcyesi Mustafa Hac\u0131abdullaho\u011flu, bug\u00fcn vefat etti. Edinilen bilgiye g\u00f6re 15 g\u00fcn kadar \u00f6nce fel\u00e7 ge\u00e7iren 69 ya\u015f\u0131ndaki Hac\u0131abdullaho\u011flu, tedavi alt\u0131ndayd\u0131. Bug\u00fcn fenala\u015farak hayata g\u00f6zlerini yumdu. Mustafa [&hellip;]<\/p>\n","protected":false},"author":2,"featured_media":497,"comment_status":"closed","ping_status":"open","sticky":false,"template":"","format":"standard","meta":{"tdm_status":"","tdm_grid_status":"","footnotes":""},"categories":[40],"tags":[],"class_list":{"0":"post-496","1":"post","2":"type-post","3":"status-publish","4":"format-standard","5":"has-post-thumbnail","7":"category-caykara"},"_links":{"self":[{"href":"https:\/\/zeleka.com\/index.php?rest_route=\/wp\/v2\/posts\/496","targetHints":{"allow":["GET"]}}],"collection":[{"href":"https:\/\/zeleka.com\/index.php?rest_route=\/wp\/v2\/posts"}],"about":[{"href":"https:\/\/zeleka.com\/index.php?rest_route=\/wp\/v2\/types\/post"}],"author":[{"embeddable":true,"href":"https:\/\/zeleka.com\/index.php?rest_route=\/wp\/v2\/users\/2"}],"replies":[{"embeddable":true,"href":"https:\/\/zeleka.com\/index.php?rest_route=%2Fwp%2Fv2%2Fcomments&post=496"}],"version-history":[{"count":0,"href":"https:\/\/zeleka.com\/index.php?rest_route=\/wp\/v2\/posts\/496\/revisions"}],"wp:featuredmedia":[{"embeddable":true,"href":"https:\/\/zeleka.com\/index.php?rest_route=\/wp\/v2\/media\/497"}],"wp:attachment":[{"href":"https:\/\/zeleka.com\/index.php?rest_route=%2Fwp%2Fv2%2Fmedia&parent=496"}],"wp:term":[{"taxonomy":"category","embeddable":true,"href":"https:\/\/zeleka.com\/index.php?rest_route=%2Fwp%2Fv2%2Fcategories&post=496"},{"taxonomy":"post_tag","embeddable":true,"href":"https:\/\/zeleka.com\/index.php?rest_route=%2Fwp%2Fv2%2Ftags&post=496"}],"curies":[{"name":"wp","href":"https:\/\/api.w.org\/{rel}","templated":true}]}}