{"id":4959,"date":"2025-10-11T19:30:26","date_gmt":"2025-10-11T16:30:26","guid":{"rendered":"https:\/\/zeleka.com\/?p=4959"},"modified":"2025-10-11T21:32:54","modified_gmt":"2025-10-11T18:32:54","slug":"4959","status":"publish","type":"post","link":"https:\/\/zeleka.com\/?p=4959","title":{"rendered":"Hald\u0131zen deresine yavru hakiki alabal\u0131k b\u0131rak\u0131ld\u0131.."},"content":{"rendered":"<div id=\"sayfacontent\" data-modulsure=\"17\" data-gs-x=\"0\" data-gs-y=\"0\" data-gs-width=\"36\" data-gs-height=\"100\" data-gs-autoh=\"1\" data-zeminrenk=\"-1\" data-spotrenk=\"0\" data-baslikrenk=\"0\" data-seritrenk=\"-1\" data-hoverrenk=\"-1\" data-font1=\"1\" data-baslikkalinlik=\"4\" data-spotkalinlik=\"2\" data-baslikbold=\"4\" data-spotbold=\"3\" data-cogaltx=\"0\" data-cogalty=\"0\" data-border=\"0\" data-borderrenk=\"0\" data-baslikls=\"0\" data-basliklh=\"0\" data-spotls=\"0\" data-spotlh=\"0\" data-sticky=\"0\">\n<div>\n<nav><a href=\"http:\/\/caykaragundem.com\/haber\/kategori\/bolgeden-16.html\">B\u00d6LGEDEN<\/a><\/nav>\n<div>\n<p><time>Tarih: 11.10.2025 13:02:00 <\/time> <time> 0 Yorum <\/time><\/p>\n<\/div>\n<div>\n<p><img decoding=\"async\" src=\"http:\/\/caykaragundem.com\/resimler\/2025-10\/11\/31679262744876.webp\" alt=\"Hald\u0131zen Deresine Yavru Alabal\u0131k B\u0131rak\u0131ld\u0131\" \/><\/p>\n<h2>Hald\u0131zen deresine yavru hakiki alabal\u0131k b\u0131rak\u0131ld\u0131..<\/h2>\n<div id=\"detaymetin\">\n<p>\u00a0 \u00a0 \u00a0 \u00a0 \u00a0Uzung\u00f6l &#8216;e Demirkap\u0131 mahallesinden, Arpa\u00f6z\u00fc mahallesinden ve Multat yaylas\u0131ndan gelen dere Haldizen deresi olarak bilinir.Haldizen deresi \u00e7evresindeki sa\u011fl\u0131 sollu \u00e7ok say\u0131da su kaynaklar\u0131ndan beslenir ve Uzung\u00f6l deki \u00a0g\u00f6le akar. Haldizen deresinin ana kaynaklar\u0131ndan biri 2.400 metre rak\u0131m\u0131ndaki \u00a0Bal\u0131kg\u00f6l\u00fc ve bal\u0131kg\u00f6l\u00fc deresidir. So\u011fanl\u0131 da\u011f\u0131 kuzey b\u00f6lgesinde 10 civar\u0131nda krater g\u00f6l bulunmas\u0131na ra\u011fmen sadece benekli alabal\u0131k Bal\u0131k g\u00f6l\u00fcnde yeti\u015fmektedir. Di\u011fer g\u00f6llerde bal\u0131k yeti\u015fmemektedir.Trabzon<br \/>\nDo\u011fa Koruma ve Milli Parklar M\u00fcd\u00fcrl\u00fc\u011f\u00fc taraf\u0131ndan d\u00fcn Haldizen deresine b\u0131rak\u0131lan yavru bal\u0131kland\u0131rma \u00e7al\u0131\u015fmas\u0131 vatanda\u015flar taraf\u0131ndan memnuniyetle kar\u015f\u0131land\u0131.\u0130lgili m\u00fcd\u00fcrl\u00fc\u011f\u00fcn daha \u00f6nce Ta\u015fk\u0131ran mahallesi -S\u00fcren deresinede binlerce \u00a0benekli \u00a0yavru bal\u0131k \u00a0b\u0131rak\u0131lm\u0131\u015ft\u0131.Benekli alabal\u0131klar y\u00f6re halk\u0131 taraf\u0131nda olta ile avlan\u0131lmaktat\u0131r.<\/p>\n<p>Kaynak : Osman Abanoz<\/p>\n<figure><\/figure>\n<figure><\/figure>\n<figure><\/figure>\n<p>&nbsp;<\/p>\n<\/div>\n<\/div>\n<\/div>\n<p>&nbsp;<\/p>\n<\/div>\n","protected":false},"excerpt":{"rendered":"<p>B\u00d6LGEDEN Tarih: 11.10.2025 13:02:00 0 Yorum Hald\u0131zen deresine yavru hakiki alabal\u0131k b\u0131rak\u0131ld\u0131.. \u00a0 \u00a0 \u00a0 \u00a0 \u00a0Uzung\u00f6l &#8216;e Demirkap\u0131 mahallesinden, Arpa\u00f6z\u00fc mahallesinden ve Multat yaylas\u0131ndan gelen dere Haldizen deresi olarak bilinir.Haldizen deresi \u00e7evresindeki sa\u011fl\u0131 sollu \u00e7ok say\u0131da su kaynaklar\u0131ndan beslenir ve Uzung\u00f6l deki \u00a0g\u00f6le akar. Haldizen deresinin ana kaynaklar\u0131ndan biri 2.400 metre rak\u0131m\u0131ndaki \u00a0Bal\u0131kg\u00f6l\u00fc ve [&hellip;]<\/p>\n","protected":false},"author":1,"featured_media":4960,"comment_status":"open","ping_status":"open","sticky":false,"template":"","format":"standard","meta":{"tdm_status":"","tdm_grid_status":"","footnotes":""},"categories":[40],"tags":[],"class_list":{"0":"post-4959","1":"post","2":"type-post","3":"status-publish","4":"format-standard","5":"has-post-thumbnail","7":"category-caykara"},"_links":{"self":[{"href":"https:\/\/zeleka.com\/index.php?rest_route=\/wp\/v2\/posts\/4959","targetHints":{"allow":["GET"]}}],"collection":[{"href":"https:\/\/zeleka.com\/index.php?rest_route=\/wp\/v2\/posts"}],"about":[{"href":"https:\/\/zeleka.com\/index.php?rest_route=\/wp\/v2\/types\/post"}],"author":[{"embeddable":true,"href":"https:\/\/zeleka.com\/index.php?rest_route=\/wp\/v2\/users\/1"}],"replies":[{"embeddable":true,"href":"https:\/\/zeleka.com\/index.php?rest_route=%2Fwp%2Fv2%2Fcomments&post=4959"}],"version-history":[{"count":2,"href":"https:\/\/zeleka.com\/index.php?rest_route=\/wp\/v2\/posts\/4959\/revisions"}],"predecessor-version":[{"id":4965,"href":"https:\/\/zeleka.com\/index.php?rest_route=\/wp\/v2\/posts\/4959\/revisions\/4965"}],"wp:featuredmedia":[{"embeddable":true,"href":"https:\/\/zeleka.com\/index.php?rest_route=\/wp\/v2\/media\/4960"}],"wp:attachment":[{"href":"https:\/\/zeleka.com\/index.php?rest_route=%2Fwp%2Fv2%2Fmedia&parent=4959"}],"wp:term":[{"taxonomy":"category","embeddable":true,"href":"https:\/\/zeleka.com\/index.php?rest_route=%2Fwp%2Fv2%2Fcategories&post=4959"},{"taxonomy":"post_tag","embeddable":true,"href":"https:\/\/zeleka.com\/index.php?rest_route=%2Fwp%2Fv2%2Ftags&post=4959"}],"curies":[{"name":"wp","href":"https:\/\/api.w.org\/{rel}","templated":true}]}}