{"id":4953,"date":"2025-10-08T16:32:28","date_gmt":"2025-10-08T13:32:28","guid":{"rendered":"https:\/\/zeleka.com\/?p=4953"},"modified":"2025-10-11T21:40:54","modified_gmt":"2025-10-11T18:40:54","slug":"trabzon-1-amator-kume-a-grubunda-mucadele-eden-caykaraspor-2025-2026-futbol-sezonunda-lige-firtina-gibi-baslayarak-ikide-iki-yapti-2025-yili-yaz-donemi-transfer-doneminde-g","status":"publish","type":"post","link":"https:\/\/zeleka.com\/?p=4953","title":{"rendered":"Trabzon 1.Amat\u00f6r K\u00fcme A Grubunda m\u00fccadele eden \u00c7aykaraspor"},"content":{"rendered":"<div id=\"detaymetin\">\n<p>Trabzon 1.Amat\u00f6r K\u00fcme A Grubunda m\u00fccadele eden \u00c7aykaraspor 2025-2026 Futbol sezonunda lige f\u0131rt\u0131na gibi ba\u015flayarak ikide iki yapt\u0131.<\/p>\n<p>2025 Y\u0131l\u0131 Yaz D\u00f6nemi transfer d\u00f6neminde ger\u00e7ekle\u015ftirmi\u015f oldu\u011fu fla\u015f transferler ile bir anda t\u00fcm otoriteler taraf\u0131ndan en b\u00fcy\u00fck \u015eampiyonluk adaylar\u0131 aras\u0131nda g\u00f6sterilen \u00c7aykaraspor,otoriteleri yan\u0131ltmad\u0131 ve lige f\u0131rt\u0131na gibi ba\u015flad\u0131.<\/p>\n<figure><img decoding=\"async\" src=\"https:\/\/caykaragundem.com\/resimler\/2025-10\/8\/1158481565064942.webp\" \/><\/figure>\n<p>\u00c7aykara \u0130l\u00e7e Stadyumunun tadilatta olmas\u0131 sebebi ile ma\u00e7lar\u0131n\u0131 s\u00fcrekli deplasmanda oynamak zorunda kalan \u00c7aykaraspor ligin ilk hafta ma\u00e7\u0131nda ge\u00e7ti\u011fimiz hafta Trabzon deplasman\u0131nda Alt\u0131n Ayaklar tak\u0131m\u0131 ile kar\u015f\u0131 kar\u015f\u0131ya gelmi\u015f ve kar\u015f\u0131la\u015fmadan 4-0 galip ayr\u0131larak ligin ilk haftas\u0131nda Liderlik koltu\u011funa oturmu\u015ftu.<\/p>\n<p>Ligin ikinci hafta ma\u00e7\u0131nda yine Trabzon deplasman\u0131nda K\u0131ratl\u0131spor ile kar\u015f\u0131la\u015fan k\u0131rm\u0131z\u0131 beyazl\u0131 ekibimiz Mercan Dilli\u2019nin 85.dakikada att\u0131\u011f\u0131 gol ile rakibini 1-0 yenmeyi ba\u015fard\u0131 ve ikinci ma\u00e7\u0131ndan da galibiyet ile ayr\u0131ld\u0131.<\/p>\n<p>K\u0131rm\u0131z\u0131 beyazl\u0131 ekibimiz ligin \u00fc\u00e7\u00fcnc\u00fc hafta kar\u015f\u0131la\u015fmas\u0131nda grubun g\u00fc\u00e7l\u00fc ekibi Yomraspor ile deplasmanda kar\u015f\u0131la\u015facak.<\/p>\n<p>GAL\u0130B\u0130YET\u0130 \u00d6ZG\u00dcR TANRIKULU\u2019NA HED\u0130YE ETT\u0130<\/p>\n<p>\u00c7AYKARASPOR Bas\u0131n s\u00f6zc\u00fcs\u00fc Yusuf KO\u00c7\u0130N gazetemize yapt\u0131\u011f\u0131 a\u00e7\u0131klamada 2025-2026 sezonuna \u00e7ok iyi ba\u015flad\u0131klar\u0131n\u0131 ifade ederek \u015fu c\u00fcmlelere yer verdi.<\/p>\n<p>K\u0131ratl\u0131spor kar\u015f\u0131s\u0131nda zor bir ma\u00e7 oynad\u0131k.Son dakikalarda buldu\u011fumuz gol ile kazanmas\u0131n\u0131 bildik.<\/p>\n<p>Bu galibiyeti k\u0131sa bir s\u00fcre \u00f6nce ge\u00e7irmi\u015f oldu\u011fu bir kaza sonucu hayat\u0131n\u0131 kaybeden Altyap\u0131 Hocam\u0131z Mustafa Tanr\u0131kulu\u2019nun o\u011flu \u00d6zg\u00fcr Tanr\u0131kulu\u2019na arma\u011fan ediyoruz.<\/p>\n<figure><img decoding=\"async\" src=\"https:\/\/caykaragundem.com\/resimler\/2025-10\/8\/11843457775986.webp\" \/><\/figure>\n<p>\u00c7AYKARASPOR HEN\u00dcZ GOL YEMED\u0130<\/p>\n<p>K\u0131rm\u0131z\u0131 beyazl\u0131 tak\u0131m\u0131m\u0131z oynad\u0131\u011f\u0131 ilk iki hafta ma\u00e7\u0131n\u0131 da kazan\u0131rken kalesinde gol g\u00f6rmeyerek ayr\u0131 bir ba\u015far\u0131n\u0131n da alt\u0131na imza atmay\u0131 ba\u015fard\u0131.<\/p>\n<p>TRABZON B\u0130R\u0130NC\u0130 AMAT\u00d6R K\u00dcME \u0130K\u0130NC\u0130 HAFTA SONU\u00c7LARI<\/p>\n<p>Trabzon 1.Amat\u00f6r K\u00fcmede ikinci hafta sonucunda \u015fu sonu\u00e7lar al\u0131nd\u0131.<\/p>\n<figure>\n<table>\n<tbody>\n<tr>\n<td>ALTIN AYAKLAR<\/td>\n<td><\/td>\n<td>3<\/td>\n<td>BE\u015e\u0130RL\u0130SPOR<\/td>\n<\/tr>\n<tr>\n<td>KAYMAKLIG\u00dcC\u00dc<\/td>\n<td>1<\/td>\n<td>1<\/td>\n<td>ORTAH\u0130SARSPOR<\/td>\n<\/tr>\n<tr>\n<td>YOMRASPOR<\/td>\n<td>3<\/td>\n<td>1<\/td>\n<td>ARAKLI 1961<\/td>\n<\/tr>\n<tr>\n<td>KIRATLISPOR<\/td>\n<td><\/td>\n<td>1<\/td>\n<td>\u00c7AYKARASPOR<\/td>\n<\/tr>\n<tr>\n<td>BE\u015e\u0130KD\u00dcZ\u00dc YE\u015e\u0130LK\u00d6YSPOR<\/td>\n<td colspan=\"2\">08.10.2025<\/td>\n<td>MA\u00c7KASPOR<\/td>\n<\/tr>\n<tr>\n<td>YILDIZLISPOR<\/td>\n<td colspan=\"2\">08.10.2025<\/td>\n<td>Trabzon karadeniz<\/td>\n<\/tr>\n<\/tbody>\n<\/table>\n<\/figure>\n<p>\u0130K\u0130NC\u0130 HAFTA SONUNDA OLU\u015eAN PUAN DURUMU<\/p>\n<p>Trabzon 1.Amat\u00f6r K\u00fcme A Grubunda iki ma\u00e7 d\u0131\u015f\u0131nda ikinci hafta sona erdi.<\/p>\n<p>\u015eu ana kadar oynanan ma\u00e7lara g\u00f6re \u00c7aykaraspor ligin ikinci haftas\u0131n\u0131 6 puan ve averaj ile ikinci s\u0131rada tamamlad\u0131<\/p>\n<p>Olu\u015fan puan durumu \u015fu \u015fekilde:<\/p>\n<figure>\n<table>\n<tbody>\n<tr>\n<td>SN<\/td>\n<td>TAKIM ADI<\/td>\n<td>OM<\/td>\n<td>G<\/td>\n<td>B<\/td>\n<td>M<\/td>\n<td>AG<\/td>\n<td>YG<\/td>\n<td>AV<\/td>\n<td>P<\/td>\n<\/tr>\n<tr>\n<td>1<\/td>\n<td>YOMRASPOR<\/td>\n<td>2<\/td>\n<td>2<\/td>\n<td><\/td>\n<td><\/td>\n<td>6<\/td>\n<td>1<\/td>\n<td>5<\/td>\n<td>6<\/td>\n<\/tr>\n<tr>\n<td>2<\/td>\n<td>\u00c7AYKARASPOR<\/td>\n<td>2<\/td>\n<td>2<\/td>\n<td><\/td>\n<td><\/td>\n<td>5<\/td>\n<td><\/td>\n<td>5<\/td>\n<td>6<\/td>\n<\/tr>\n<tr>\n<td>3<\/td>\n<td>BE\u015e\u0130RL\u0130SPOR<\/td>\n<td>2<\/td>\n<td>1<\/td>\n<td>1<\/td>\n<td><\/td>\n<td>4<\/td>\n<td>1<\/td>\n<td>3<\/td>\n<td>4<\/td>\n<\/tr>\n<tr>\n<td>4<\/td>\n<td>TRABZON KARADEN\u0130Z<\/td>\n<td>1<\/td>\n<td>1<\/td>\n<td><\/td>\n<td><\/td>\n<td>3<\/td>\n<td><\/td>\n<td>3<\/td>\n<td>3<\/td>\n<\/tr>\n<tr>\n<td>5<\/td>\n<td>BE\u015e\u0130KD\u00dcZ\u00dc YE\u015e\u0130LK\u00d6YSPOR<\/td>\n<td>1<\/td>\n<td>1<\/td>\n<td><\/td>\n<td><\/td>\n<td>2<\/td>\n<td><\/td>\n<td>2<\/td>\n<td>3<\/td>\n<\/tr>\n<tr>\n<td>6<\/td>\n<td>ARAKLI 1961 SPOR<\/td>\n<td>2<\/td>\n<td>1<\/td>\n<td><\/td>\n<td>1<\/td>\n<td>5<\/td>\n<td>4<\/td>\n<td>1<\/td>\n<td>3<\/td>\n<\/tr>\n<tr>\n<td>7<\/td>\n<td>YILDIZLISPOR<\/td>\n<td>1<\/td>\n<td><\/td>\n<td>1<\/td>\n<td><\/td>\n<td>1<\/td>\n<td>1<\/td>\n<td><\/td>\n<td>1<\/td>\n<\/tr>\n<tr>\n<td>8<\/td>\n<td>ORTAH\u0130SAR KANUN\u0130 FK<\/td>\n<td>2<\/td>\n<td><\/td>\n<td>1<\/td>\n<td>1<\/td>\n<td>1<\/td>\n<td>3<\/td>\n<td>-2<\/td>\n<td>1<\/td>\n<\/tr>\n<tr>\n<td>9<\/td>\n<td>KAYMAKLIG\u00dcC\u00dc<\/td>\n<td>2<\/td>\n<td><\/td>\n<td>1<\/td>\n<td>1<\/td>\n<td>1<\/td>\n<td>4<\/td>\n<td>-3<\/td>\n<td>1<\/td>\n<\/tr>\n<tr>\n<td>10<\/td>\n<td>MA\u00c7KASPOR<\/td>\n<td>1<\/td>\n<td><\/td>\n<td><\/td>\n<td>1<\/td>\n<td><\/td>\n<td>3<\/td>\n<td>-3<\/td>\n<td><\/td>\n<\/tr>\n<tr>\n<td>11<\/td>\n<td>KIRATLISPOR<\/td>\n<td>2<\/td>\n<td><\/td>\n<td><\/td>\n<td>2<\/td>\n<td>1<\/td>\n<td>5<\/td>\n<td>-4<\/td>\n<td><\/td>\n<\/tr>\n<tr>\n<td>12<\/td>\n<td>ALTINAYAKLAR<\/td>\n<td>2<\/td>\n<td><\/td>\n<td><\/td>\n<td>2<\/td>\n<td><\/td>\n<td>7<\/td>\n<td>-7<\/td>\n<td><\/td>\n<\/tr>\n<\/tbody>\n<\/table>\n<\/figure>\n<p>&nbsp;<\/p>\n<\/div>\n","protected":false},"excerpt":{"rendered":"<p>Trabzon 1.Amat\u00f6r K\u00fcme A Grubunda m\u00fccadele eden \u00c7aykaraspor 2025-2026 Futbol sezonunda lige f\u0131rt\u0131na gibi ba\u015flayarak ikide iki yapt\u0131. 2025 Y\u0131l\u0131 Yaz D\u00f6nemi transfer d\u00f6neminde ger\u00e7ekle\u015ftirmi\u015f oldu\u011fu fla\u015f transferler ile bir anda t\u00fcm otoriteler taraf\u0131ndan en b\u00fcy\u00fck \u015eampiyonluk adaylar\u0131 aras\u0131nda g\u00f6sterilen \u00c7aykaraspor,otoriteleri yan\u0131ltmad\u0131 ve lige f\u0131rt\u0131na gibi ba\u015flad\u0131. \u00c7aykara \u0130l\u00e7e Stadyumunun tadilatta olmas\u0131 sebebi ile ma\u00e7lar\u0131n\u0131 [&hellip;]<\/p>\n","protected":false},"author":1,"featured_media":4954,"comment_status":"open","ping_status":"open","sticky":false,"template":"","format":"standard","meta":{"tdm_status":"","tdm_grid_status":"","footnotes":""},"categories":[40],"tags":[],"class_list":{"0":"post-4953","1":"post","2":"type-post","3":"status-publish","4":"format-standard","5":"has-post-thumbnail","7":"category-caykara"},"_links":{"self":[{"href":"https:\/\/zeleka.com\/index.php?rest_route=\/wp\/v2\/posts\/4953","targetHints":{"allow":["GET"]}}],"collection":[{"href":"https:\/\/zeleka.com\/index.php?rest_route=\/wp\/v2\/posts"}],"about":[{"href":"https:\/\/zeleka.com\/index.php?rest_route=\/wp\/v2\/types\/post"}],"author":[{"embeddable":true,"href":"https:\/\/zeleka.com\/index.php?rest_route=\/wp\/v2\/users\/1"}],"replies":[{"embeddable":true,"href":"https:\/\/zeleka.com\/index.php?rest_route=%2Fwp%2Fv2%2Fcomments&post=4953"}],"version-history":[{"count":1,"href":"https:\/\/zeleka.com\/index.php?rest_route=\/wp\/v2\/posts\/4953\/revisions"}],"predecessor-version":[{"id":4970,"href":"https:\/\/zeleka.com\/index.php?rest_route=\/wp\/v2\/posts\/4953\/revisions\/4970"}],"wp:featuredmedia":[{"embeddable":true,"href":"https:\/\/zeleka.com\/index.php?rest_route=\/wp\/v2\/media\/4954"}],"wp:attachment":[{"href":"https:\/\/zeleka.com\/index.php?rest_route=%2Fwp%2Fv2%2Fmedia&parent=4953"}],"wp:term":[{"taxonomy":"category","embeddable":true,"href":"https:\/\/zeleka.com\/index.php?rest_route=%2Fwp%2Fv2%2Fcategories&post=4953"},{"taxonomy":"post_tag","embeddable":true,"href":"https:\/\/zeleka.com\/index.php?rest_route=%2Fwp%2Fv2%2Ftags&post=4953"}],"curies":[{"name":"wp","href":"https:\/\/api.w.org\/{rel}","templated":true}]}}