{"id":4947,"date":"2025-10-05T16:29:07","date_gmt":"2025-10-05T13:29:07","guid":{"rendered":"https:\/\/zeleka.com\/?p=4947"},"modified":"2025-10-11T21:43:47","modified_gmt":"2025-10-11T18:43:47","slug":"uzungol-elmali-mahallesinde-meydana-gelen-talihsiz-kazada-yunus-mutlu-hayatini-kaybetti-edinilen-bilgilere-gore-insaat-ustasi-olan-yunus-mutlu-elmali-mahallesinde-yolun-alt","status":"publish","type":"post","link":"https:\/\/zeleka.com\/?p=4947","title":{"rendered":"Uzung\u00f6l Elmal\u0131 Mahallesinde meydana gelen talihsiz kazada Yunus Mutlu hayat\u0131n\u0131 kaybetti."},"content":{"rendered":"<div id=\"detaymetin\">\n<p>Uzung\u00f6l Elmal\u0131 Mahallesinde meydana gelen talihsiz kazada Yunus Mutlu hayat\u0131n\u0131 kaybetti.<\/p>\n<p>Edinilen bilgilere g\u00f6re \u0130n\u015faat Ustas\u0131 olan Yunus Mutlu Elmal\u0131 Mahallesinde yolun alt k\u0131sm\u0131nda bulunan evinin \u00fcst kat\u0131na \u00e7\u0131kan d\u0131\u015f merdiveni yeniden yapmak isteyen Yunus Mutlu eski merdiveni k\u0131rmaya \u00e7al\u0131\u015f\u0131rken \u00fcstte bulunan merdivenin k\u0131r\u0131larak kafas\u0131n\u0131n \u00fcst\u00fcne d\u00fc\u015fmesi sonucunda boynunu\u00a0 k\u0131r\u0131lmas\u0131 sonucu hayat\u0131n\u0131 kaybetti.<\/p>\n<p>Kazan\u0131n haber verilmesi \u00fczerine kaza yerine gelen 112 Acil Sa\u011fl\u0131k Ekibi kaza yerinde ger\u00e7ekle\u015ftirmi\u015f oldu\u011fu incelemede Yunus Mutlu\u2019nun hayat\u0131n\u0131 kaybetti\u011fini tespit etti..<\/p>\n<figure><img decoding=\"async\" src=\"https:\/\/caykaragundem.com\/resimler\/2025-10\/4\/618011371655223.webp\" \/><\/figure>\n<p>\u00c7aykara Cumhuriyet Ba\u015fsavc\u0131s\u0131 taraf\u0131ndan ger\u00e7ekle\u015ftirilen incelemenin ard\u0131ndan Merhum Yunus Mutlu\u2019nun cans\u0131z bedeni Trabzon Adli T\u0131p Kurumuna kald\u0131r\u0131ld\u0131.<\/p>\n<p>Gen\u00e7 ya\u015fta hayat\u0131n\u0131 kaybeden merhum Yunus Mutlu,Sait ve Dursun Mutlu\u2019nun karde\u015fleri,Kemalettin ve Vahdettin Mutlu\u2019nun babalar\u0131yd\u0131.<\/p>\n<p>Sessiz sakin ki\u015fili\u011fi ve insanlar ile kurmu\u015f oldu\u011fu \u00f6rnek ve g\u00fczel ileti\u015fimi ile toplumda herkes taraf\u0131ndan b\u00fcy\u00fck bir takdir g\u00f6ren Yunus Mutlu\u2019nun gen\u00e7 ya\u015fta ani vefat\u0131 Uzung\u00f6l\u2019\u00fc ve Elmal\u0131 Mahallesini g\u00f6z ya\u015flar\u0131na bo\u011fdu.<\/p>\n<p>Merhum Yunus Mutlu\u2019nun cenazesi 5 Ekim 2025 Pazar g\u00fcn\u00fc \u00f6\u011fle namaz\u0131na m\u00fcteakip Elmal\u0131 Mahallesinde k\u0131l\u0131narak ayn\u0131 yerde bulunan aile kabristanl\u0131\u011f\u0131nda son yolculu\u011funa u\u011furlanacak.<\/p>\n<p>\u00c7aykara G\u00fcndem Gazetesi olarak merhum Yunus Mutlu\u2019ya Allah\u2019tan rahmet,kederli ailesine ba\u015f sa\u011fl\u0131\u011f\u0131 dileklerimizi iletiyoruz.<\/p>\n<p><strong>\u0130LET\u0130\u015e\u0130M<\/strong><\/p>\n<p><strong>Sait Mutlu \u00a0Mutlu-Abisi-0 <\/strong><a href=\"http:\/\/caykaragundem.com\/tel:536 2762300\"><strong>536 2762300<\/strong><\/a><strong>\u00a0<\/strong><\/p>\n<p><strong>Dursun Mutlu-Abisi-0 <\/strong><a href=\"http:\/\/caykaragundem.com\/tel:542 4351461\"><strong>542 4351461<\/strong><\/a><strong>\u00a0<\/strong><\/p>\n<p><strong>Kemalettin Mutlu-O\u011flu-0 <\/strong><a href=\"http:\/\/caykaragundem.com\/tel:537 051 12 41\"><strong>537 051 12 41<\/strong><\/a><strong>\u00a0<\/strong><\/p>\n<p><strong>Vahdettin Mutlu-O\u011flu-0 <\/strong><a href=\"http:\/\/caykaragundem.com\/tel:530 130 35 24\"><strong>530 130 35 24<\/strong><\/a><\/p>\n<p>&nbsp;<\/p>\n<\/div>\n","protected":false},"excerpt":{"rendered":"<p>Uzung\u00f6l Elmal\u0131 Mahallesinde meydana gelen talihsiz kazada Yunus Mutlu hayat\u0131n\u0131 kaybetti. Edinilen bilgilere g\u00f6re \u0130n\u015faat Ustas\u0131 olan Yunus Mutlu Elmal\u0131 Mahallesinde yolun alt k\u0131sm\u0131nda bulunan evinin \u00fcst kat\u0131na \u00e7\u0131kan d\u0131\u015f merdiveni yeniden yapmak isteyen Yunus Mutlu eski merdiveni k\u0131rmaya \u00e7al\u0131\u015f\u0131rken \u00fcstte bulunan merdivenin k\u0131r\u0131larak kafas\u0131n\u0131n \u00fcst\u00fcne d\u00fc\u015fmesi sonucunda boynunu\u00a0 k\u0131r\u0131lmas\u0131 sonucu hayat\u0131n\u0131 kaybetti. Kazan\u0131n haber [&hellip;]<\/p>\n","protected":false},"author":1,"featured_media":4948,"comment_status":"open","ping_status":"open","sticky":false,"template":"","format":"standard","meta":{"tdm_status":"","tdm_grid_status":"","footnotes":""},"categories":[40],"tags":[],"class_list":{"0":"post-4947","1":"post","2":"type-post","3":"status-publish","4":"format-standard","5":"has-post-thumbnail","7":"category-caykara"},"_links":{"self":[{"href":"https:\/\/zeleka.com\/index.php?rest_route=\/wp\/v2\/posts\/4947","targetHints":{"allow":["GET"]}}],"collection":[{"href":"https:\/\/zeleka.com\/index.php?rest_route=\/wp\/v2\/posts"}],"about":[{"href":"https:\/\/zeleka.com\/index.php?rest_route=\/wp\/v2\/types\/post"}],"author":[{"embeddable":true,"href":"https:\/\/zeleka.com\/index.php?rest_route=\/wp\/v2\/users\/1"}],"replies":[{"embeddable":true,"href":"https:\/\/zeleka.com\/index.php?rest_route=%2Fwp%2Fv2%2Fcomments&post=4947"}],"version-history":[{"count":1,"href":"https:\/\/zeleka.com\/index.php?rest_route=\/wp\/v2\/posts\/4947\/revisions"}],"predecessor-version":[{"id":4977,"href":"https:\/\/zeleka.com\/index.php?rest_route=\/wp\/v2\/posts\/4947\/revisions\/4977"}],"wp:featuredmedia":[{"embeddable":true,"href":"https:\/\/zeleka.com\/index.php?rest_route=\/wp\/v2\/media\/4948"}],"wp:attachment":[{"href":"https:\/\/zeleka.com\/index.php?rest_route=%2Fwp%2Fv2%2Fmedia&parent=4947"}],"wp:term":[{"taxonomy":"category","embeddable":true,"href":"https:\/\/zeleka.com\/index.php?rest_route=%2Fwp%2Fv2%2Fcategories&post=4947"},{"taxonomy":"post_tag","embeddable":true,"href":"https:\/\/zeleka.com\/index.php?rest_route=%2Fwp%2Fv2%2Ftags&post=4947"}],"curies":[{"name":"wp","href":"https:\/\/api.w.org\/{rel}","templated":true}]}}