{"id":4943,"date":"2025-10-03T16:29:07","date_gmt":"2025-10-03T13:29:07","guid":{"rendered":"https:\/\/zeleka.com\/?p=4943"},"modified":"2025-10-11T21:44:41","modified_gmt":"2025-10-11T18:44:41","slug":"trabzon-caykara-ilce-tarim-muduru-ersin-yavuz-birkan-tayininin-cikmasi-sebebi-ile-caykara-ilcesine-veda-etti-15-yildan-bu-yana-caykara-ilcesindetarim-ve-orman-ilce-muduru-o","status":"publish","type":"post","link":"https:\/\/zeleka.com\/?p=4943","title":{"rendered":"Trabzon \u00c7aykara \u0130l\u00e7e Tar\u0131m M\u00fcd\u00fcr\u00fc Ersin Yavuz"},"content":{"rendered":"<div id=\"detaymetin\">\n<p>Trabzon \u00c7aykara \u0130l\u00e7e Tar\u0131m M\u00fcd\u00fcr\u00fc Ersin Yavuz Birkan tayininin \u00e7\u0131kmas\u0131 sebebi ile \u00c7aykara \u0130l\u00e7esine veda etti.<\/p>\n<p>15 Y\u0131ldan bu yana \u00c7aykara \u0130l\u00e7esindeTar\u0131m ve Orman \u0130l\u00e7e M\u00fcd\u00fcr\u00fc olarak g\u00f6rev yapan Ersin Yavuz Birkan,Trabzon \u0130l Tar\u0131m ve Orman M\u00fcd\u00fcrl\u00fc\u011f\u00fc G\u0131da ve Yem \u015eube M\u00fcd\u00fcrl\u00fc\u011f\u00fc g\u00f6revine atanmas\u0131 sebebi ile \u00c7aykara \u0130l\u00e7esine veda etti.<\/p>\n<figure><img decoding=\"async\" src=\"https:\/\/caykaragundem.com\/resimler\/2025-10\/3\/79566467323629.webp\" \/><\/figure>\n<p>\u00c7aykara Kaymakam\u0131 Ali Sapmaz taraf\u0131ndan Birkan\u2019\u0131n \u00c7aykara \u0130l\u00e7esine veda edecek olmas\u0131 sebebi ile 2 Ekim 2025 tarihinde Uzung\u00f6l\u2019de bir Restaurant\u2019ta u\u011furlama t\u00f6reni ger\u00e7ekle\u015ftirildi.<\/p>\n<p>Ger\u00e7ekle\u015ftirilen u\u011furlama t\u00f6renine Trabzon Tar\u0131m ve Orman \u0130l M\u00fcd\u00fcr\u00fc \u0130sa Kaplan,\u00c7aykara Kaymakam\u0131 Ali Sapmaz,\u00c7aykara Belediye Ba\u015fkan\u0131 Hanefi Tok,\u00c7aykara \u0130l\u00e7e Emniyet Amiri Komiser Alparslan Albayrak,\u00c7aykara Muhtarlar Derne\u011fi Ba\u015fkan\u0131 Naci Kele\u015f,Muhtarlar,Kurum ve Daire Amirleri kat\u0131l\u0131m sa\u011flad\u0131.<\/p>\n<figure><img decoding=\"async\" src=\"https:\/\/caykaragundem.com\/resimler\/2025-10\/3\/962462113062350.webp\" \/><\/figure>\n<p>U\u011furlama program\u0131nda Trabzon Tar\u0131m ve Orman \u0130l M\u00fcd\u00fcr\u00fc \u0130sa Kaplan,\u00c7aykara Kaymakam\u0131 Ali Sapmaz ve \u00c7aykara Belediye Ba\u015fkan\u0131 Hanefi Tok taraf\u0131ndan birer selamlama konu\u015fmas\u0131 ger\u00e7ekle\u015ftirilirken M\u00fcd\u00fcr Ersin Yavuz Birkan taraf\u0131ndan ise \u00c7aykara \u0130l\u00e7esine Veda ile ilgili duygu dolu bir konu\u015fma ger\u00e7ekle\u015ftirildi.<\/p>\n<figure><img decoding=\"async\" src=\"https:\/\/caykaragundem.com\/resimler\/2025-10\/3\/106283748549203.webp\" \/><\/figure>\n<p>\u00c7aykara Kaymakam\u0131 Ali Sapmaz taraf\u0131ndan programda M\u00fcd\u00fcr Birkan\u2019a Ba\u015far\u0131 Belgesi takdimi ger\u00e7ekle\u015ftirilirken U\u011furlama program\u0131 Hediye Takdimi ile sona erdi.<\/p>\n<figure><img decoding=\"async\" src=\"https:\/\/caykaragundem.com\/resimler\/2025-10\/3\/903331488517131.webp\" \/><\/figure>\n<p>15 Y\u0131ldan bu yana \u00c7aykara \u0130l\u00e7esinde Tar\u0131m ve Orman \u0130l\u00e7e M\u00fcd\u00fcr\u00fc olarak g\u00f6rev yapan M\u00fcd\u00fcr Ersin Yavuz Birkan \u00c7aykara halk\u0131 ile kurmu\u015f oldu\u011fu m\u00fckemmel ileti\u015fim ve ba\u015far\u0131l\u0131 \u00e7al\u0131\u015fmalar\u0131 ile \u00c7aykara \u0130l\u00e7esinde herkes taraf\u0131ndan \u00e7ok sevilen ve sayg\u0131 duyulan bir y\u00f6netici olarak tan\u0131n\u0131yordu.<\/p>\n<figure><img decoding=\"async\" src=\"https:\/\/caykaragundem.com\/resimler\/2025-10\/3\/11471197424210.webp\" \/><\/figure>\n<p>Ba\u015far\u0131l\u0131 Y\u00f6neticili\u011finin yan\u0131 s\u0131ra \u00c7aykara \u0130l\u00e7esinde ger\u00e7ekle\u015ftirilen sosyal ve k\u00fclt\u00fcrel aktivitelere kat\u0131l\u0131m\u0131 ve \u00c7aykara \u0130l\u00e7esinde ger\u00e7ekle\u015ftirilen her etkinli\u011fe kat\u0131l\u0131m sa\u011flamas\u0131 ile \u00e7ok takdir edilen M\u00fcd\u00fcr Ersin Yavuz Birkan\u2019\u0131n \u00c7aykara \u0130l\u00e7esinden ayr\u0131lmas\u0131 \u00c7aykara halk\u0131 taraf\u0131ndan \u00fcz\u00fcnt\u00fc ile kar\u015f\u0131lan\u0131rken M\u00fcd\u00fcr Birkan\u2019\u0131n ba\u015far\u0131 kariyerine bir yenisini ekleyerek daha \u00fcst makamlara \u00e7\u0131kmas\u0131 bak\u0131m\u0131ndan ise gururla kar\u015f\u0131land\u0131.<\/p>\n<figure><img decoding=\"async\" src=\"https:\/\/caykaragundem.com\/resimler\/2025-10\/3\/79829140459670.webp\" \/><\/figure>\n<p>&nbsp;<\/p>\n<\/div>\n","protected":false},"excerpt":{"rendered":"<p>Trabzon \u00c7aykara \u0130l\u00e7e Tar\u0131m M\u00fcd\u00fcr\u00fc Ersin Yavuz Birkan tayininin \u00e7\u0131kmas\u0131 sebebi ile \u00c7aykara \u0130l\u00e7esine veda etti. 15 Y\u0131ldan bu yana \u00c7aykara \u0130l\u00e7esindeTar\u0131m ve Orman \u0130l\u00e7e M\u00fcd\u00fcr\u00fc olarak g\u00f6rev yapan Ersin Yavuz Birkan,Trabzon \u0130l Tar\u0131m ve Orman M\u00fcd\u00fcrl\u00fc\u011f\u00fc G\u0131da ve Yem \u015eube M\u00fcd\u00fcrl\u00fc\u011f\u00fc g\u00f6revine atanmas\u0131 sebebi ile \u00c7aykara \u0130l\u00e7esine veda etti. \u00c7aykara Kaymakam\u0131 Ali Sapmaz taraf\u0131ndan [&hellip;]<\/p>\n","protected":false},"author":1,"featured_media":4944,"comment_status":"open","ping_status":"open","sticky":false,"template":"","format":"standard","meta":{"tdm_status":"","tdm_grid_status":"","footnotes":""},"categories":[40],"tags":[],"class_list":{"0":"post-4943","1":"post","2":"type-post","3":"status-publish","4":"format-standard","5":"has-post-thumbnail","7":"category-caykara"},"_links":{"self":[{"href":"https:\/\/zeleka.com\/index.php?rest_route=\/wp\/v2\/posts\/4943","targetHints":{"allow":["GET"]}}],"collection":[{"href":"https:\/\/zeleka.com\/index.php?rest_route=\/wp\/v2\/posts"}],"about":[{"href":"https:\/\/zeleka.com\/index.php?rest_route=\/wp\/v2\/types\/post"}],"author":[{"embeddable":true,"href":"https:\/\/zeleka.com\/index.php?rest_route=\/wp\/v2\/users\/1"}],"replies":[{"embeddable":true,"href":"https:\/\/zeleka.com\/index.php?rest_route=%2Fwp%2Fv2%2Fcomments&post=4943"}],"version-history":[{"count":1,"href":"https:\/\/zeleka.com\/index.php?rest_route=\/wp\/v2\/posts\/4943\/revisions"}],"predecessor-version":[{"id":4978,"href":"https:\/\/zeleka.com\/index.php?rest_route=\/wp\/v2\/posts\/4943\/revisions\/4978"}],"wp:featuredmedia":[{"embeddable":true,"href":"https:\/\/zeleka.com\/index.php?rest_route=\/wp\/v2\/media\/4944"}],"wp:attachment":[{"href":"https:\/\/zeleka.com\/index.php?rest_route=%2Fwp%2Fv2%2Fmedia&parent=4943"}],"wp:term":[{"taxonomy":"category","embeddable":true,"href":"https:\/\/zeleka.com\/index.php?rest_route=%2Fwp%2Fv2%2Fcategories&post=4943"},{"taxonomy":"post_tag","embeddable":true,"href":"https:\/\/zeleka.com\/index.php?rest_route=%2Fwp%2Fv2%2Ftags&post=4943"}],"curies":[{"name":"wp","href":"https:\/\/api.w.org\/{rel}","templated":true}]}}