{"id":4941,"date":"2025-09-30T14:33:15","date_gmt":"2025-09-30T11:33:15","guid":{"rendered":"https:\/\/zeleka.com\/?p=4941"},"modified":"2025-10-11T21:45:28","modified_gmt":"2025-10-11T18:45:28","slug":"uzungol-turizmciler-dernegi-baskani-mehmet-keles-belgesel-yapimcisi-orkun-olgar-ve-samsun-il-kultur-ve-turizm-muduru-suleyman-demirtasin-uzungolun-dogasi","status":"publish","type":"post","link":"https:\/\/zeleka.com\/?p=4941","title":{"rendered":"Uzung\u00f6l Turizmciler Derne\u011fi Ba\u015fkan\u0131 Mehmet Kele\u015f,"},"content":{"rendered":"<div id=\"detaymetin\">\n<p>Uzung\u00f6l Turizmciler Derne\u011fi Ba\u015fkan\u0131 Mehmet Kele\u015f, belgesel yap\u0131mc\u0131s\u0131 Orkun Olgar ve Samsun \u0130l K\u00fclt\u00fcr ve Turizm M\u00fcd\u00fcr\u00fc S\u00fcleyman Demirta\u015f\u2019\u0131n Uzung\u00f6l\u2019\u00fcn do\u011fas\u0131n\u0131n bozuldu\u011funa y\u00f6nelik a\u00e7\u0131klamalar\u0131na sert tepki g\u00f6sterdi.<\/p>\n<p>Ba\u015fkan Mehmet Kele\u015f,ger\u00e7ekle\u015ftirmi\u015f oldu\u011fu Bas\u0131n a\u00e7\u0131klamas\u0131nda \u015fu ifadelere yer verdi.<\/p>\n<p>BASIN A\u00c7IKLAMASI<\/p>\n<p>Son g\u00fcnlerde belgesel yap\u0131mc\u0131s\u0131 Say\u0131n Orkun Olgar ve Samsun \u0130l K\u00fclt\u00fcr ve Turizm M\u00fcd\u00fcr\u00fc Say\u0131n S\u00fcleyman Demirta\u015f taraf\u0131ndan yap\u0131lan a\u00e7\u0131klamalarda, Uzung\u00f6l\u2019\u00fcn do\u011fas\u0131n\u0131n bozuldu\u011funa dair ger\u00e7e\u011fi yans\u0131tmayan ifadeler kullan\u0131lm\u0131\u015ft\u0131r. Bu t\u00fcr s\u00f6ylemleri \u015fiddetle reddediyoruz.<\/p>\n<p>\u00d6zellikle, bir devlet memuru s\u0131fat\u0131yla g\u00f6rev yapan Say\u0131n S\u00fcleyman Demirta\u015f\u2019\u0131n, kendi sorumluluk alan\u0131 d\u0131\u015f\u0131nda ba\u015fka bir ilin turizm destinasyonu hakk\u0131nda yorum yapmas\u0131n\u0131 \u015fiddetle k\u0131n\u0131yoruz. Kamu g\u00f6revlilerinin, g\u00f6revli olduklar\u0131 ilin turizmini geli\u015ftirmekle y\u00fck\u00fcml\u00fc olduklar\u0131n\u0131, ba\u015fka iller hakk\u0131nda olumsuz ve yan\u0131lt\u0131c\u0131 beyanlarda bulunmalar\u0131n\u0131n kamuoyunda gereksiz tart\u0131\u015fmalara yol a\u00e7t\u0131\u011f\u0131n\u0131 hat\u0131rlatmak isteriz.<\/p>\n<p>Say\u0131n Orkun Olgar\u2019\u0131n haz\u0131rlad\u0131\u011f\u0131 i\u00e7eriklerde ise, Uzung\u00f6l\u2019\u00fcn g\u00fcncel durumunu yans\u0131tmayan eski g\u00f6rseller kullan\u0131ld\u0131\u011f\u0131, b\u00f6lgedeki sivil toplum kurulu\u015flar\u0131yla, i\u015fletmecilerimizle ve y\u00f6re halk\u0131yla hi\u00e7bir g\u00f6r\u00fc\u015fme yap\u0131lmad\u0131\u011f\u0131 g\u00f6r\u00fclmektedir. Hatta kendisinin Uzung\u00f6l\u2019e gelmi\u015f oldu\u011funa dair dahi ciddi \u015f\u00fcphelerimiz vard\u0131r. Bu nedenle ortaya konulan s\u00f6ylemler, yaln\u0131zca eksik de\u011fil; ayn\u0131 zamanda mesnetsiz, sorumsuz ve kas\u0131tl\u0131 bir anlay\u0131\u015f\u0131n \u00fcr\u00fcn\u00fcd\u00fcr.<\/p>\n<p>Oysa Uzung\u00f6l, yaln\u0131zca Trabzon\u2019un de\u011fil, \u00fclkemizin ve d\u00fcnyan\u0131n en de\u011ferli do\u011fal turizm merkezlerinden biridir. 2022 y\u0131l\u0131nda \u00c7evre, \u015eehircilik ve \u0130klim De\u011fi\u015fikli\u011fi Bakanl\u0131\u011f\u0131 taraf\u0131ndan yap\u0131lan Uzung\u00f6l \u00d6zel \u00c7evre Koruma Alan\u0131 Plan Revizyon \u00c7al\u0131\u015fmas\u0131 sonucunda; Uzung\u00f6l\u2019\u00fcn %95 oran\u0131nda korundu\u011fu bilimsel verilerle ortaya konmu\u015ftur. Bu durum, b\u00f6lgemizin do\u011fas\u0131n\u0131n bozulmad\u0131\u011f\u0131n\u0131, aksine koruma-kullanma dengesi i\u00e7inde titizlikle ya\u015fat\u0131ld\u0131\u011f\u0131n\u0131 kan\u0131tlamaktad\u0131r.<\/p>\n<p>Her y\u0131l artan say\u0131da yerli ve yabanc\u0131 misafirin ilgisi, Uzung\u00f6l\u2019\u00fcn de\u011ferini ve cazibesini a\u00e7\u0131k\u00e7a ortaya koymaktad\u0131r. Ziyaret\u00e7i say\u0131lar\u0131ndaki bu art\u0131\u015f, b\u00f6lgemizin hem do\u011fal g\u00fczelliklerini hem de turizm potansiyelini koruyarak geli\u015ftirdi\u011fimizin en somut g\u00f6stergesidir.<\/p>\n<p>Ayr\u0131ca \u015funun alt\u0131n\u0131 \u00e7izmek isteriz ki; bu t\u00fcr a\u00e7\u0131klama ve beyanatlar Uzung\u00f6l\u2019e olan ilgiyi azaltmaz. \u00c7\u00fcnk\u00fc Uzung\u00f6l bir cevherdir. Cevheri veya alt\u0131n\u0131 \u00e7amura bat\u0131rsan\u0131z da de\u011feri hi\u00e7bir zaman de\u011fi\u015fmez. Uzung\u00f6l de ayn\u0131 \u015fekilde, t\u00fcm karalama \u00e7abalar\u0131na ra\u011fmen de\u011ferinden hi\u00e7bir \u015fey kaybetmez; aksine her ge\u00e7en g\u00fcn daha da parlamaya devam eder.<\/p>\n<p>Uzung\u00f6l Turizmciler Derne\u011fi olarak; b\u00f6lgemiz hakk\u0131nda eksik bilgiye dayal\u0131, tek tarafl\u0131, mesnetsiz ve yan\u0131lt\u0131c\u0131 a\u00e7\u0131klamalar\u0131n kamuoyunu yanl\u0131\u015f y\u00f6nlendirmesine izin vermeyece\u011fimizi ifade ediyoruz. Uzung\u00f6l, hem devletimizin ilgili kurumlar\u0131n\u0131n deste\u011fiyle hem de turizm sekt\u00f6r\u00fcnde emek veren i\u015fletmelerimizin gayretiyle, T\u00fcrkiye\u2019nin g\u00f6zde destinasyonlar\u0131ndan biri olmaya devam edecektir.<\/p>\n<p>Kamuoyuna sayg\u0131yla duyurulur.<\/p>\n<p>Hukuki haklar\u0131m\u0131z sakl\u0131d\u0131r.<\/p>\n<p>Mehmet Kele\u015f<\/p>\n<p>Uzung\u00f6l Turizmciler Derne\u011fi<\/p>\n<p>Y\u00f6netim Kurulu Ba\u015fkan\u0131<\/p>\n<p>&nbsp;<\/p>\n<\/div>\n","protected":false},"excerpt":{"rendered":"<p>Uzung\u00f6l Turizmciler Derne\u011fi Ba\u015fkan\u0131 Mehmet Kele\u015f, belgesel yap\u0131mc\u0131s\u0131 Orkun Olgar ve Samsun \u0130l K\u00fclt\u00fcr ve Turizm M\u00fcd\u00fcr\u00fc S\u00fcleyman Demirta\u015f\u2019\u0131n Uzung\u00f6l\u2019\u00fcn do\u011fas\u0131n\u0131n bozuldu\u011funa y\u00f6nelik a\u00e7\u0131klamalar\u0131na sert tepki g\u00f6sterdi. Ba\u015fkan Mehmet Kele\u015f,ger\u00e7ekle\u015ftirmi\u015f oldu\u011fu Bas\u0131n a\u00e7\u0131klamas\u0131nda \u015fu ifadelere yer verdi. BASIN A\u00c7IKLAMASI Son g\u00fcnlerde belgesel yap\u0131mc\u0131s\u0131 Say\u0131n Orkun Olgar ve Samsun \u0130l K\u00fclt\u00fcr ve Turizm M\u00fcd\u00fcr\u00fc Say\u0131n S\u00fcleyman [&hellip;]<\/p>\n","protected":false},"author":1,"featured_media":4942,"comment_status":"open","ping_status":"open","sticky":false,"template":"","format":"standard","meta":{"tdm_status":"","tdm_grid_status":"","footnotes":""},"categories":[40],"tags":[],"class_list":{"0":"post-4941","1":"post","2":"type-post","3":"status-publish","4":"format-standard","5":"has-post-thumbnail","7":"category-caykara"},"_links":{"self":[{"href":"https:\/\/zeleka.com\/index.php?rest_route=\/wp\/v2\/posts\/4941","targetHints":{"allow":["GET"]}}],"collection":[{"href":"https:\/\/zeleka.com\/index.php?rest_route=\/wp\/v2\/posts"}],"about":[{"href":"https:\/\/zeleka.com\/index.php?rest_route=\/wp\/v2\/types\/post"}],"author":[{"embeddable":true,"href":"https:\/\/zeleka.com\/index.php?rest_route=\/wp\/v2\/users\/1"}],"replies":[{"embeddable":true,"href":"https:\/\/zeleka.com\/index.php?rest_route=%2Fwp%2Fv2%2Fcomments&post=4941"}],"version-history":[{"count":1,"href":"https:\/\/zeleka.com\/index.php?rest_route=\/wp\/v2\/posts\/4941\/revisions"}],"predecessor-version":[{"id":4979,"href":"https:\/\/zeleka.com\/index.php?rest_route=\/wp\/v2\/posts\/4941\/revisions\/4979"}],"wp:featuredmedia":[{"embeddable":true,"href":"https:\/\/zeleka.com\/index.php?rest_route=\/wp\/v2\/media\/4942"}],"wp:attachment":[{"href":"https:\/\/zeleka.com\/index.php?rest_route=%2Fwp%2Fv2%2Fmedia&parent=4941"}],"wp:term":[{"taxonomy":"category","embeddable":true,"href":"https:\/\/zeleka.com\/index.php?rest_route=%2Fwp%2Fv2%2Fcategories&post=4941"},{"taxonomy":"post_tag","embeddable":true,"href":"https:\/\/zeleka.com\/index.php?rest_route=%2Fwp%2Fv2%2Ftags&post=4941"}],"curies":[{"name":"wp","href":"https:\/\/api.w.org\/{rel}","templated":true}]}}