{"id":4931,"date":"2025-09-22T12:31:37","date_gmt":"2025-09-22T09:31:37","guid":{"rendered":"https:\/\/zeleka.com\/?p=4931"},"modified":"2025-10-11T21:46:55","modified_gmt":"2025-10-11T18:46:55","slug":"caykara-demirkapi-mahallesindeki-gizli-hazine-krater-goller","status":"publish","type":"post","link":"https:\/\/zeleka.com\/?p=4931","title":{"rendered":"\u00c7AYKARA -DEM\u0130RKAPI MAHALLES\u0130NDEK\u0130 G\u0130ZL\u0130 HAZ\u0130NE KRATER G\u00d6LLER \u00a0 \u00a0 \u00a0 \u00a0 \u00a0 \u00a0 \u00a0 \u00a0 \u00a0 \u00a0 \u00a0 \u00a0 \u00a0 \u00a0 \u00a0 \u00a0 \u00a0 \u00a0 \u00a0 \u00a0 \u00a0 \u00a0 \u00a0 \u00a0 \u00a0 \u00c7aykara &#8211;<\/p><p>\u00c7aykara \u0130l\u00e7emizin topluma yeti\u015ftirmi\u015f"},"content":{"rendered":"<div id=\"detaymetin\">\n<p>\u00c7AYKARA -DEM\u0130RKAPI MAHALLES\u0130NDEK\u0130 G\u0130ZL\u0130 HAZ\u0130NE KRATER G\u00d6LLER \u00a0 \u00a0 \u00a0 \u00a0 \u00a0 \u00a0 \u00a0 \u00a0 \u00a0 \u00a0 \u00a0 \u00a0 \u00a0 \u00a0 \u00a0 \u00a0 \u00a0 \u00a0 \u00a0 \u00a0 \u00a0 \u00a0 \u00a0 \u00a0 \u00a0 \u00c7aykara &#8211;<\/p>\n<p>\u00c7aykara \u0130l\u00e7emizin topluma yeti\u015ftirmi\u015f oldu\u011fu \u00f6nemli B\u00fcrokratlardan Trabzon B\u00fcy\u00fck\u015fehir Belediyesi \u0130\u00e7 Deneticilerinden Osman ABANOZ taraf\u0131ndan kaleme al\u0131nan \u00c7aykara Demirkap\u0131 Mahallesinde Gizli Hazine Krater G\u00f6lleri isimli yaz\u0131y\u0131 sizlerle payla\u015f\u0131yoruz.<\/p>\n<figure><img decoding=\"async\" src=\"https:\/\/caykaragundem.com\/resimler\/2025-9\/21\/86856452075417.webp\" \/><\/figure>\n<p>Demirkap\u0131(Haldizen) mahallesinin g\u00fcneyinde, So\u011fanl\u0131 da\u011f\u0131 kuzeyinde \u00a0s\u0131ralanm\u0131\u015f \u00a0irili ufakl\u0131 7 \u00a0den fazla krater g\u00f6l bulunmaktad\u0131r.Son y\u0131llarda \u00c7ok say\u0131da \u00a0Arap turistin \u00a0\u00f6zellikle 2.400 metre rak\u0131ml\u0131 Bal\u0131kg\u00f6l\u00fcn\u00fc ve 2.740 metre rak\u0131ml\u0131 Ayg\u0131r g\u00f6l\u00fcn\u00fc ziyaret etti\u011fi g\u00f6zlenmektedir.Bu iki g\u00f6l\u00fcn yak\u0131n\u0131na ara\u00e7la gitmek m\u00fcmk\u00fcnd\u00fcr. Karag\u00f6l, Sar\u0131\u00e7i\u00e7ek g\u00f6l\u00fc, Pir\u00f6mer g\u00f6l\u00fc, \u00c7ifte g\u00f6llere ise yaya \u00a0olarak gidilebilmektedir.Gizli hazine olarak tan\u0131mlanan bu g\u00f6lleri daha aktif \u015fekilde turizme kazand\u0131rmak i\u00e7in \u00e7al\u0131\u015fma yap\u0131lmas\u0131 beklenilmektedir.<\/p>\n<figure><img decoding=\"async\" src=\"https:\/\/caykaragundem.com\/resimler\/2025-9\/21\/552611715140832.webp\" \/><\/figure>\n<p>So\u011fanl\u0131 da\u011f\u0131n\u0131n en y\u00fcksek tepesinde bulunan Karakaya olarak bilinen K\u0131rklar Mescidine( Ziyaret tepeye) \u015eekersu mahallesi taraf\u0131ndan ara\u00e7 yolu yap\u0131lm\u0131\u015ft\u0131r. K\u0131rklar camii(mescidi) kadasro da \u00a0Demirkap\u0131 mahallesi s\u0131n\u0131rlar\u0131 i\u00e7inde bulunmas\u0131 nedeniyle Ayg\u0131r g\u00f6l\u00fcnden Karag\u00f6l istikametine , oradanda K\u0131rklar mescidine yol yap\u0131lmas\u0131 halinde \u0130nan\u00e7 turizmine de \u00f6nemli bir katk\u0131 sa\u011flayacakt\u0131r. \u015eekersu \u00a0taraf\u0131ndan yap\u0131lan yola ba\u011flanmas\u0131 halinde bir ring olu\u015fmu\u015f olacakt\u0131r.Yani Uzung\u00f6l&#8217;den \u015eekersu yolunu kullanarak K\u0131rklar mescidini ziyaret edenler, d\u00f6n\u00fc\u015fte Karag\u00f6l, Ayg\u0131r g\u00f6l\u00fc, Bal\u0131kg\u00f6l\u00fc yolunu takip ederek Demirkap\u0131 mahalledinden Uzung\u00f6l&#8217;e d\u00f6nmeleri, Demirkap\u0131 mahalle istikametinden K\u0131rklar mescidine giden ziyaret\u00e7ilerinde \u015eekersu \u00a0yolu \u00a0istikametinden Uzung\u00f6l&#8217;e \u00a0d\u00f6nmeleri de m\u00fcmk\u00fcn olacakt\u0131r.Halk\u0131n ve turistlerin bu taleninin ger\u00e7ekle\u015fmesi i\u00e7in yetkililerin \u00e7al\u0131\u015fma yapmas\u0131 beklenilmektedir.G\u00f6ller den Haldizen deredine akan sular b\u00f6lgenin ye\u015fil kalmas\u0131na b\u00fcy\u00fck katk\u0131 sa\u011flamaktad\u0131r.Arap turislerin \u00e7ok \u00a0tercih etti\u011fi bu b\u00f6lge de turizm ad\u0131na baz\u0131 farkl\u0131 \u00e7al\u0131\u015fmalar yap\u0131lmas\u0131 turizmin geli\u015fmesine \u00f6nemli katk\u0131lar sa\u011flayacakt\u0131r. 7.09.2025 Osman ABANOZ<\/p>\n<p>&nbsp;<\/p>\n<\/div>\n","protected":false},"excerpt":{"rendered":"<p>\u00c7AYKARA -DEM\u0130RKAPI MAHALLES\u0130NDEK\u0130 G\u0130ZL\u0130 HAZ\u0130NE KRATER G\u00d6LLER \u00a0 \u00a0 \u00a0 \u00a0 \u00a0 \u00a0 \u00a0 \u00a0 \u00a0 \u00a0 \u00a0 \u00a0 \u00a0 \u00a0 \u00a0 \u00a0 \u00a0 \u00a0 \u00a0 \u00a0 \u00a0 \u00a0 \u00a0 \u00a0 \u00a0 \u00c7aykara &#8211; \u00c7aykara \u0130l\u00e7emizin topluma yeti\u015ftirmi\u015f oldu\u011fu \u00f6nemli B\u00fcrokratlardan Trabzon B\u00fcy\u00fck\u015fehir Belediyesi \u0130\u00e7 Deneticilerinden Osman ABANOZ taraf\u0131ndan kaleme al\u0131nan \u00c7aykara Demirkap\u0131 Mahallesinde Gizli [&hellip;]<\/p>\n","protected":false},"author":1,"featured_media":4932,"comment_status":"open","ping_status":"open","sticky":false,"template":"","format":"standard","meta":{"tdm_status":"","tdm_grid_status":"","footnotes":""},"categories":[40],"tags":[],"class_list":{"0":"post-4931","1":"post","2":"type-post","3":"status-publish","4":"format-standard","5":"has-post-thumbnail","7":"category-caykara"},"_links":{"self":[{"href":"https:\/\/zeleka.com\/index.php?rest_route=\/wp\/v2\/posts\/4931","targetHints":{"allow":["GET"]}}],"collection":[{"href":"https:\/\/zeleka.com\/index.php?rest_route=\/wp\/v2\/posts"}],"about":[{"href":"https:\/\/zeleka.com\/index.php?rest_route=\/wp\/v2\/types\/post"}],"author":[{"embeddable":true,"href":"https:\/\/zeleka.com\/index.php?rest_route=\/wp\/v2\/users\/1"}],"replies":[{"embeddable":true,"href":"https:\/\/zeleka.com\/index.php?rest_route=%2Fwp%2Fv2%2Fcomments&post=4931"}],"version-history":[{"count":1,"href":"https:\/\/zeleka.com\/index.php?rest_route=\/wp\/v2\/posts\/4931\/revisions"}],"predecessor-version":[{"id":4985,"href":"https:\/\/zeleka.com\/index.php?rest_route=\/wp\/v2\/posts\/4931\/revisions\/4985"}],"wp:featuredmedia":[{"embeddable":true,"href":"https:\/\/zeleka.com\/index.php?rest_route=\/wp\/v2\/media\/4932"}],"wp:attachment":[{"href":"https:\/\/zeleka.com\/index.php?rest_route=%2Fwp%2Fv2%2Fmedia&parent=4931"}],"wp:term":[{"taxonomy":"category","embeddable":true,"href":"https:\/\/zeleka.com\/index.php?rest_route=%2Fwp%2Fv2%2Fcategories&post=4931"},{"taxonomy":"post_tag","embeddable":true,"href":"https:\/\/zeleka.com\/index.php?rest_route=%2Fwp%2Fv2%2Ftags&post=4931"}],"curies":[{"name":"wp","href":"https:\/\/api.w.org\/{rel}","templated":true}]}}