{"id":4927,"date":"2025-09-21T11:32:26","date_gmt":"2025-09-21T08:32:26","guid":{"rendered":"https:\/\/zeleka.com\/?p=4927"},"modified":"2025-10-11T21:36:50","modified_gmt":"2025-10-11T18:36:50","slug":"uzungolun-genc-turizm-isletmecilerinden-esra-akyuz-ile-giresundan-mucahit-kirca-bu-hafta-sonu-gerceklestirecekleri-kina-ve-dugun-torenleri-ile-bir-o","status":"publish","type":"post","link":"https:\/\/zeleka.com\/?p=4927","title":{"rendered":"Uzung\u00f6l\u2019\u00fcn Gen\u00e7 Turizm \u0130\u015fletmecilerinden&#8230;"},"content":{"rendered":"<div id=\"detaymetin\">\n<p>Uzung\u00f6l\u2019\u00fcn Gen\u00e7 Turizm \u0130\u015fletmecilerinden Esra Aky\u00fcz ile Giresun\u2019dan M\u00fccahit K\u0131rca bu hafta sonu ger\u00e7ekle\u015ftirecekleri K\u0131na ve D\u00fc\u011f\u00fcn t\u00f6renleri \u00a0ile bir \u00f6m\u00fcr boyu birlikteli\u011fe imza atmaya haz\u0131rlan\u0131yorlar.<\/p>\n<p>Uzung\u00f6l\u2019\u00fcn Gen\u00e7 Turizm \u0130\u015fletmecilerinden Aynur &amp;Recep Aky\u00fcz\u2019\u00fcn d\u00fcnyalar g\u00fczeli k\u0131zlar\u0131 Esra ile Giresun Eynesil\u2019den Song\u00fcl &amp; Mehmet K\u0131rca \u00e7iftinin yak\u0131\u015f\u0131kl\u0131 delikanl\u0131lar\u0131ndan M\u00fccahit K\u0131rca 19 Eyl\u00fcl 2025 tarihinde Uzung\u00f6l Sezgin Otel Restaurant\u2019ta ger\u00e7ekle\u015ftirilen k\u0131na ve d\u00fc\u011f\u00fcn t\u00f6renlerinin ard\u0131ndan 21 Eyl\u00fcl 2025 Pazar ak\u015fam\u0131 ise Giresun Espiye Grand Karadere D\u00fc\u011f\u00fcn Salonunda ger\u00e7ekle\u015ftirecekleri d\u00fc\u011f\u00fcn t\u00f6renleri ile bir \u00f6m\u00fcr boyu birlikteli\u011fe ad\u0131m atmaya haz\u0131rlan\u0131yorlar.<\/p>\n<p>Gen\u00e7 \u00e7iftlerin ilk d\u00fc\u011f\u00fcn t\u00f6renleri ile gelin Esra Aky\u00fcz\u2019\u00fcn K\u0131na merasimi 19 Eyl\u00fcl 2025 Cuma ak\u015fam\u0131 Uzung\u00f6l Sezgin Otel Restaurant\u2019ta ger\u00e7ekle\u015ftirildi.<\/p>\n<figure><img decoding=\"async\" src=\"https:\/\/caykaragundem.com\/resimler\/2025-9\/20\/96426377463420.webp\" \/><\/figure>\n<p>Gen\u00e7 \u00e7iftlerin D\u00fc\u011f\u00fcn T\u00f6renlerine \u00c7aykara Belediye Ba\u015fkan\u0131 Hanefi Tok,Uzung\u00f6l Turizminin Ba\u015f Mimar\u0131 Dursun Ali \u0130nan,Uzung\u00f6l Muhtar\u0131 Selman Dilek,Uzung\u00f6l Turizmciler Derne\u011fi Ba\u015fkan\u0131 ve \u00c7aykara Belediyesi Meclis \u00dcyesi Mehmet Kele\u015f ile \u00e7ok say\u0131da misafir kat\u0131l\u0131m sa\u011flad\u0131.<\/p>\n<p>Damat taraf\u0131n\u0131n Giresun Eynesil\u2019den gelen misafirlerinin de yo\u011fun bir kat\u0131l\u0131m g\u00f6sterdikleri d\u00fc\u011f\u00fcn t\u00f6reni tabiri caiz ise mah\u015feri bir kalabal\u0131\u011f\u0131n kat\u0131l\u0131mlar\u0131 ile ger\u00e7ekle\u015ftirildi.<\/p>\n<p>Gelinin babas\u0131 Recep Aky\u00fcz ile Damad\u0131n babas\u0131 Mehmet K\u0131rca\u2019n\u0131n tatl\u0131 heyecanlar\u0131 y\u00fczlerinden okunurken d\u00fc\u011f\u00fcn t\u00f6reni \u00f6ncesinde misafirleri kap\u0131da kar\u015f\u0131lamalar\u0131 ve u\u011furlamalar\u0131 ve d\u00fc\u011f\u00fcn t\u00f6reni esnas\u0131nda misafirler ile yak\u0131ndan ilgilenmeleri misafirler taraf\u0131ndan b\u00fcy\u00fck bir takdir ile kar\u015f\u0131land\u0131.<\/p>\n<figure><img decoding=\"async\" src=\"https:\/\/caykaragundem.com\/resimler\/2025-9\/20\/114177483392039.webp\" \/><\/figure>\n<p>Gen\u00e7 \u00e7iftlerin d\u00fc\u011f\u00fcn merasimlerinde Uzung\u00f6l D\u00fc\u011f\u00fcnlerinin vaz ge\u00e7ilmez ismi Erol Aky\u00fcz ile Kemen\u00e7ede Hasan Ya\u011f\u0131z misafirlere unutulmaz bir ak\u015fam ya\u015fat\u0131rken Karadeniz M\u00fczi\u011finin Dev ismi Nurettin Kahveci ise muhte\u015fem kaval dinletisi ile misafirlere unutamayacaklar\u0131 muhte\u015fem bir ak\u015fam ya\u015fatt\u0131lar.<\/p>\n<p>Ya\u015f pasta ve tak\u0131 t\u00f6reni ile devam eden gen\u00e7 \u00e7iftlerin d\u00fc\u011f\u00fcn t\u00f6reninde \u00f6zellikle tak\u0131 t\u00f6rfeni esnas\u0131nda misafirler uzun kuyruklar olu\u015fturarak gelin ve damad\u0131 hem tebrik ettiler hem de mutluluklar\u0131n\u0131 payla\u015ft\u0131lar.<\/p>\n<p>Tak\u0131 t\u00f6reninin ard\u0131ndan K\u0131na merasimi ger\u00e7ekle\u015ftirildi.<\/p>\n<figure><img decoding=\"async\" src=\"https:\/\/caykaragundem.com\/resimler\/2025-9\/20\/712871067102977.webp\" \/><\/figure>\n<p>Trabzon Mim Organizasyon ekibi haz\u0131rlam\u0131\u015f olduklar\u0131 muhte\u015fem bir program ile Gelin Esra Aky\u00fcz i\u00e7in muhte\u015fem bir K\u0131na Organizasyonu ger\u00e7ekle\u015ftirdiler.<\/p>\n<p>K\u0131na Merasiminin son b\u00f6l\u00fcm\u00fcnde Damat M\u00fccahit K\u0131rca\u2019n\u0131n davul ile salona girerek temsili olarak gelini almas\u0131 salonda bulunan misafirler taraf\u0131ndan b\u00fcy\u00fck bir ilgi ve alk\u0131\u015f ile izlendi.<\/p>\n<p>D\u00fc\u011f\u00fcn T\u00f6renine kat\u0131l\u0131m sa\u011flayan misafirlerin g\u00f6n\u00fcllerince e\u011flendikleri muhte\u015fem K\u0131na ve D\u00fc\u011f\u00fcn merasimi gecenin ilerleyen saatlerine kadar devam etti.<\/p>\n<figure><img decoding=\"async\" src=\"https:\/\/caykaragundem.com\/resimler\/2025-9\/20\/873381486713778.webp\" \/><\/figure>\n<p>Gen\u00e7 \u00c7iftlerin Turizm Merkezi Uzung\u00f6l\u2019deki K\u0131na ve D\u00fc\u011f\u00fcn merasimleri aile foto\u011fraflar\u0131n\u0131n \u00e7ekilmesi ile sona erdi.<\/p>\n<p>Gen\u00e7 \u00c7iftlerin D\u00fc\u011f\u00fcn T\u00f6renleri 21 Eyl\u00fcl 2025 Pazar ak\u015fam\u0131 saat 19.00\u2019da Giresun Espiye Grand Karadere D\u00fc\u011f\u00fcn Salonunda ger\u00e7ekle\u015ftirilecek.<\/p>\n<p>D\u00fc\u011f\u00fcn T\u00f6reni i\u00e7in 21 Eyl\u00fcl Pazar G\u00fcn\u00fc saat 14.30-15.00 aras\u0131 Uzung\u00f6l Ak\u0131p\u0131nar Otel\u2019in \u00f6n\u00fcnden minib\u00fcsler hareket edecek olup d\u00fc\u011f\u00fcn t\u00f6renine kat\u0131l\u0131m sa\u011flamak isteyen misafirlerin bu saatte otelin \u00f6n\u00fcnde haz\u0131r bulunmalar\u0131 gerekiyor.<\/p>\n<p>\u00c7aykara G\u00fcndem Gazetesi olarak evlilik karar\u0131 ile \u00f6m\u00fcrlerinin en g\u00fczel,en anlaml\u0131 ve do\u011fru kararlar\u0131n\u0131 veren Esra &amp; M\u00fccahit K\u0131rca \u00e7iftini bu anlaml\u0131 ve g\u00fczel kararlar\u0131ndan dolay\u0131 tebrik ediyor,gen\u00e7 \u00e7iftlerimize sa\u011fl\u0131k,mutluluk ve de ba\u015far\u0131 dolu uzun bir ya\u015fam diliyoruz.<\/p>\n<p>&nbsp;<\/p>\n<\/div>\n","protected":false},"excerpt":{"rendered":"<p>Uzung\u00f6l\u2019\u00fcn Gen\u00e7 Turizm \u0130\u015fletmecilerinden Esra Aky\u00fcz ile Giresun\u2019dan M\u00fccahit K\u0131rca bu hafta sonu ger\u00e7ekle\u015ftirecekleri K\u0131na ve D\u00fc\u011f\u00fcn t\u00f6renleri \u00a0ile bir \u00f6m\u00fcr boyu birlikteli\u011fe imza atmaya haz\u0131rlan\u0131yorlar. Uzung\u00f6l\u2019\u00fcn Gen\u00e7 Turizm \u0130\u015fletmecilerinden Aynur &amp;Recep Aky\u00fcz\u2019\u00fcn d\u00fcnyalar g\u00fczeli k\u0131zlar\u0131 Esra ile Giresun Eynesil\u2019den Song\u00fcl &amp; Mehmet K\u0131rca \u00e7iftinin yak\u0131\u015f\u0131kl\u0131 delikanl\u0131lar\u0131ndan M\u00fccahit K\u0131rca 19 Eyl\u00fcl 2025 tarihinde Uzung\u00f6l Sezgin [&hellip;]<\/p>\n","protected":false},"author":1,"featured_media":4928,"comment_status":"open","ping_status":"open","sticky":false,"template":"","format":"standard","meta":{"tdm_status":"","tdm_grid_status":"","footnotes":""},"categories":[40],"tags":[],"class_list":{"0":"post-4927","1":"post","2":"type-post","3":"status-publish","4":"format-standard","5":"has-post-thumbnail","7":"category-caykara"},"_links":{"self":[{"href":"https:\/\/zeleka.com\/index.php?rest_route=\/wp\/v2\/posts\/4927","targetHints":{"allow":["GET"]}}],"collection":[{"href":"https:\/\/zeleka.com\/index.php?rest_route=\/wp\/v2\/posts"}],"about":[{"href":"https:\/\/zeleka.com\/index.php?rest_route=\/wp\/v2\/types\/post"}],"author":[{"embeddable":true,"href":"https:\/\/zeleka.com\/index.php?rest_route=\/wp\/v2\/users\/1"}],"replies":[{"embeddable":true,"href":"https:\/\/zeleka.com\/index.php?rest_route=%2Fwp%2Fv2%2Fcomments&post=4927"}],"version-history":[{"count":2,"href":"https:\/\/zeleka.com\/index.php?rest_route=\/wp\/v2\/posts\/4927\/revisions"}],"predecessor-version":[{"id":4967,"href":"https:\/\/zeleka.com\/index.php?rest_route=\/wp\/v2\/posts\/4927\/revisions\/4967"}],"wp:featuredmedia":[{"embeddable":true,"href":"https:\/\/zeleka.com\/index.php?rest_route=\/wp\/v2\/media\/4928"}],"wp:attachment":[{"href":"https:\/\/zeleka.com\/index.php?rest_route=%2Fwp%2Fv2%2Fmedia&parent=4927"}],"wp:term":[{"taxonomy":"category","embeddable":true,"href":"https:\/\/zeleka.com\/index.php?rest_route=%2Fwp%2Fv2%2Fcategories&post=4927"},{"taxonomy":"post_tag","embeddable":true,"href":"https:\/\/zeleka.com\/index.php?rest_route=%2Fwp%2Fv2%2Ftags&post=4927"}],"curies":[{"name":"wp","href":"https:\/\/api.w.org\/{rel}","templated":true}]}}