{"id":4925,"date":"2025-09-21T11:32:27","date_gmt":"2025-09-21T08:32:27","guid":{"rendered":"https:\/\/zeleka.com\/?p=4925"},"modified":"2025-10-11T22:37:42","modified_gmt":"2025-10-11T19:37:42","slug":"caykara-atakoy-ruh-ve-sinir-hastaliklari-hastanesinde-gorev-yapan-uzman-doktor-ahmet-faruk-yuksel-hastane-bashekimi-olarak-goreve-basladi-4-yildir-psikiyatri-uzman","status":"publish","type":"post","link":"https:\/\/zeleka.com\/?p=4925","title":{"rendered":"\u00c7aykara Atak\u00f6y Ruh ve Sinir Hastal\u0131klar\u0131 Hastanesinde g\u00f6rev yapan Uzman Doktor Ahmet Faruk Y\u00fcksel Hastane Ba\u015fhekimi olarak g\u00f6reve ba\u015flad\u0131."},"content":{"rendered":"<div id=\"detaymetin\">\n<p>\u00c7aykara Atak\u00f6y Ruh ve Sinir Hastal\u0131klar\u0131 Hastanesinde g\u00f6rev yapan Uzman Doktor Ahmet Faruk Y\u00fcksel Hastane Ba\u015fhekimi olarak g\u00f6reve ba\u015flad\u0131.<\/p>\n<p>4 y\u0131ld\u0131r Psikiyatri Uzman\u0131 olarak g\u00f6rev yapmakta olan Uzm. Dr. Ahmet Faruk Y\u00fcksel 2025 y\u0131l\u0131 , may\u0131s ay\u0131 itibariyle ba\u015fhekimlik g\u00f6revini de \u00fcstlendi.<\/p>\n<p>Uzman Doktor Ahmet Faruk Y\u00dcKSEL ayn\u0131 zamanda e\u015fzamanl\u0131 olarak hasta kabul etmeye devam edecektir.<\/p>\n<figure><img decoding=\"async\" src=\"https:\/\/caykaragundem.com\/resimler\/2025-9\/20\/707521202226802.webp\" \/><\/figure>\n<p><strong>BA\u015eHEK\u0130M AHMET FARUK Y\u00dcKSEL\u2019\u0130 TANIYALIM<\/strong><\/p>\n<p>1989&#8217;da Kastamonu&#8217;da d\u00fcnyaya geldi. \u00b7 2007&#8217;de Kastamonu Fen Lisesi&#8217;ni dereceyle bitirdi. \u00b7 2013&#8217;te Hacettepe T\u0131p Fak\u00fcltesi&#8217;nden mezun oldu. \u00b7 2013-2016 aras\u0131nda DHY kapsam\u0131nda Kastamonu Toplum Sa\u011fl\u0131\u011f\u0131 Merkezi ve Verem Sava\u015f Dispanseri&#8217;nde g\u00f6rev yapt\u0131.<\/p>\n<p><strong>E\u011fitim ve \u0130\u015f Tecr\u00fcbesi<\/strong><\/p>\n<p>\u00b7\u00a0\u00a0\u00a0\u00a0\u00a0\u00a0\u00a0\u00a0 1989\u2019da Kastamonu\u2019da d\u00fcnyaya geldi.<\/p>\n<p>\u00b7\u00a0\u00a0\u00a0\u00a0\u00a0\u00a0\u00a0\u00a0 2007\u2019de Kastamonu Fen Lisesi\u2019ni dereceyle bitirdi.<\/p>\n<p>\u00b7\u00a0\u00a0\u00a0\u00a0\u00a0\u00a0\u00a0\u00a0 2013\u2019te Hacettepe T\u0131p Fak\u00fcltesi\u2019nden mezun oldu.<\/p>\n<p>\u00b7\u00a0\u00a0\u00a0\u00a0\u00a0\u00a0\u00a0\u00a0 2013-2016 aras\u0131nda DHY kapsam\u0131nda Kastamonu Toplum Sa\u011fl\u0131\u011f\u0131 Merkezi ve Verem Sava\u015f Dispanseri\u2019nde g\u00f6rev yapt\u0131.<\/p>\n<p>\u00b7\u00a0\u00a0\u00a0\u00a0\u00a0\u00a0\u00a0\u00a0 2016-2021 aras\u0131nda K\u0131r\u0131kkale \u00dcniversitesi Psikiyatri Anabilim Dal\u0131nda uzmanl\u0131k e\u011fitimi ald\u0131.<\/p>\n<p>\u00b7\u00a0\u00a0\u00a0\u00a0\u00a0\u00a0\u00a0\u00a0 2021 y\u0131l\u0131ndan itibaren Trabzon Atak\u00f6y Ruh ve Sinir Hastal\u0131klar\u0131 Hastanesi\u2019nde psikiyatri uzman\u0131 olarak g\u00f6rev yapmaktad\u0131r.<\/p>\n<p>\u00b7\u00a0\u00a0\u00a0\u00a0\u00a0\u00a0\u00a0\u00a0 May\u0131s 2025\u2019ten itibaren ek olarak ba\u015fhekimlik g\u00f6revini \u00fcstlenmi\u015ftir.<\/p>\n<p>\u00b7\u00a0\u00a0\u00a0\u00a0\u00a0\u00a0\u00a0\u00a0 Kastamonu \u00dcniversitesi\u2019nde Genetik ve Biyom\u00fchendislik alan\u0131nda tezli y\u00fcksek lisans program\u0131na devam etmektedir.<\/p>\n<p><strong>Akademik \u00c7al\u0131\u015fma\u00a0 ve E\u011fitimler<\/strong><\/p>\n<p>\u00b7\u00a0\u00a0\u00a0\u00a0\u00a0\u00a0\u00a0\u00a0 \u0130nternet Oyun Oynama Bozuklu\u011fu\u2019nda Ba\u011flanma, Karakter ve Miza\u00e7 \u00d6zellikleri (Tez)\u2013 K\u0131r\u0131kkale \u00dcni. 2021<\/p>\n<p>\u00b7\u00a0\u00a0\u00a0\u00a0\u00a0\u00a0\u00a0\u00a0 Geschwind Sendromu, Poster Sunumu \u2013 KES 2017<\/p>\n<p>\u00b7\u00a0\u00a0\u00a0\u00a0\u00a0\u00a0\u00a0\u00a0 Nevrotik Ki\u015fili\u011fe Sahip Gen\u00e7lerde Yayg\u0131n Polimorfizm Analizi (Genetik ve Biyom\u00fchendislik Y\u00fcksek Lisans Tezi \u2013 Devam ediyor)<\/p>\n<p>\u00b7\u00a0\u00a0\u00a0\u00a0\u00a0\u00a0\u00a0\u00a0 Bili\u015fsel Davran\u0131\u015f\u00e7\u0131 Terapi \u2013 Temel Beceri E\u011fitimi \u2013 Hakan T\u00fcrk\u00e7apar (2020)<\/p>\n<p>\u00b7\u00a0\u00a0\u00a0\u00a0\u00a0\u00a0\u00a0\u00a0 Bili\u015fsel Davran\u0131\u015f\u00e7\u0131 Terapi \u2013 Yetenek E\u011fitimi \u2013 Hakan T\u00fcrk\u00e7apar (2021)<\/p>\n<p>\u00b7\u00a0\u00a0\u00a0\u00a0\u00a0\u00a0\u00a0\u00a0 Cinsel Terapi E\u011fitimi &#8211; CETAD (2021)<\/p>\n<p><strong>Yabanc\u0131 Diller<\/strong><\/p>\n<p><strong>\u0130ngilizce:<\/strong>\u00a0IELTS (2021): 7.5<\/p>\n<p>&nbsp;<\/p>\n<\/div>\n","protected":false},"excerpt":{"rendered":"<p>\u00c7aykara Atak\u00f6y Ruh ve Sinir Hastal\u0131klar\u0131 Hastanesinde g\u00f6rev yapan Uzman Doktor Ahmet Faruk Y\u00fcksel Hastane Ba\u015fhekimi olarak g\u00f6reve ba\u015flad\u0131. 4 y\u0131ld\u0131r Psikiyatri Uzman\u0131 olarak g\u00f6rev yapmakta olan Uzm. Dr. Ahmet Faruk Y\u00fcksel 2025 y\u0131l\u0131 , may\u0131s ay\u0131 itibariyle ba\u015fhekimlik g\u00f6revini de \u00fcstlendi. Uzman Doktor Ahmet Faruk Y\u00dcKSEL ayn\u0131 zamanda e\u015fzamanl\u0131 olarak hasta kabul etmeye devam [&hellip;]<\/p>\n","protected":false},"author":1,"featured_media":4926,"comment_status":"open","ping_status":"open","sticky":false,"template":"","format":"standard","meta":{"tdm_status":"","tdm_grid_status":"","footnotes":""},"categories":[40],"tags":[],"class_list":{"0":"post-4925","1":"post","2":"type-post","3":"status-publish","4":"format-standard","5":"has-post-thumbnail","7":"category-caykara"},"_links":{"self":[{"href":"https:\/\/zeleka.com\/index.php?rest_route=\/wp\/v2\/posts\/4925","targetHints":{"allow":["GET"]}}],"collection":[{"href":"https:\/\/zeleka.com\/index.php?rest_route=\/wp\/v2\/posts"}],"about":[{"href":"https:\/\/zeleka.com\/index.php?rest_route=\/wp\/v2\/types\/post"}],"author":[{"embeddable":true,"href":"https:\/\/zeleka.com\/index.php?rest_route=\/wp\/v2\/users\/1"}],"replies":[{"embeddable":true,"href":"https:\/\/zeleka.com\/index.php?rest_route=%2Fwp%2Fv2%2Fcomments&post=4925"}],"version-history":[{"count":1,"href":"https:\/\/zeleka.com\/index.php?rest_route=\/wp\/v2\/posts\/4925\/revisions"}],"predecessor-version":[{"id":5004,"href":"https:\/\/zeleka.com\/index.php?rest_route=\/wp\/v2\/posts\/4925\/revisions\/5004"}],"wp:featuredmedia":[{"embeddable":true,"href":"https:\/\/zeleka.com\/index.php?rest_route=\/wp\/v2\/media\/4926"}],"wp:attachment":[{"href":"https:\/\/zeleka.com\/index.php?rest_route=%2Fwp%2Fv2%2Fmedia&parent=4925"}],"wp:term":[{"taxonomy":"category","embeddable":true,"href":"https:\/\/zeleka.com\/index.php?rest_route=%2Fwp%2Fv2%2Fcategories&post=4925"},{"taxonomy":"post_tag","embeddable":true,"href":"https:\/\/zeleka.com\/index.php?rest_route=%2Fwp%2Fv2%2Ftags&post=4925"}],"curies":[{"name":"wp","href":"https:\/\/api.w.org\/{rel}","templated":true}]}}