{"id":4921,"date":"2025-09-21T11:32:29","date_gmt":"2025-09-21T08:32:29","guid":{"rendered":"https:\/\/zeleka.com\/?p=4921"},"modified":"2025-10-11T21:37:52","modified_gmt":"2025-10-11T18:37:52","slug":"caykara-ilcesinin-onemli-sairlerinden-mehmet-ibrahimagaoglu-sonbahar-mevsimi-dolayisi-ile-kaleme-aldigi-yayladan-goc-siiri-okuyucular-tarafindan-cok-buyuk-bir-ilgi-goruyor","status":"publish","type":"post","link":"https:\/\/zeleka.com\/?p=4921","title":{"rendered":"\u00c7aykara \u0130l\u00e7esinin \u00f6nemli \u015eairlerinden Mehmet \u0130brahima\u011fao\u011flu"},"content":{"rendered":"<div id=\"detaymetin\">\n<p>\u00c7aykara \u0130l\u00e7esinin \u00f6nemli \u015eairlerinden Mehmet \u0130brahima\u011fao\u011flu sonbahar mevsimi dolay\u0131s\u0131 ile kaleme ald\u0131\u011f\u0131 Yayladan G\u00f6\u00e7 \u015fiiri okuyucular taraf\u0131ndan \u00e7ok b\u00fcy\u00fck bir ilgi g\u00f6r\u00fcyor.<\/p>\n<p>Sosyal ve Toplumsal konulardaki duyarl\u0131l\u0131\u011f\u0131 ile bilinen \u015eair \u0130brahima\u011fao\u011flu son g\u00fcnlerde b\u00f6lgemizde devam etmekte olan so\u011fuk ve elveri\u015fsiz hava dolay\u0131s\u0131 ile yaylalar\u0131n kar alt\u0131nda kalmas\u0131 ve bu sebepten dolay\u0131 yaylac\u0131lar\u0131n hayvanlar\u0131 ile birlikte at\u0131k yayladan ayr\u0131larak k\u00f6ylerine hareket etmesi sebebi ile yazm\u0131\u015f oldu\u011fu \u015fiir ile duygular\u0131n\u0131 dile getirdi.<\/p>\n<p>\u015eiirinde Sonbahar Mevsimi dolay\u0131s\u0131 ile \u00a0yaylalar\u0131n yaln\u0131zl\u0131\u011f\u0131n\u0131 ve terk edilmi\u015fli\u011fin ac\u0131s\u0131n\u0131 ya\u015fad\u0131\u011f\u0131n\u0131 vurgulayan \u015eair \u0130brahima\u011fao\u011flu ayn\u0131 zamanda her yaylam\u0131z\u0131 ayr\u0131 ayr\u0131 \u015fiirine i\u015fleyerek Toplumu e\u011fitme konusundaki duyarl\u0131l\u0131\u011f\u0131n\u0131 bir kere daha ortaya koydu.<\/p>\n<p>\u015eair Mehmet \u0130brahima\u011fao\u011flu\u2019nun o g\u00fczel \u015fiirini sizlerle payla\u015f\u0131yoruz.<\/p>\n<p>Bitti yaz\u0131n kura\u011f\u0131<\/p>\n<p>Me\u015fhurdur Ku\u015fmer ya\u011f\u0131<\/p>\n<p>Karland\u0131 Kemer da\u011f\u0131<\/p>\n<p>\u00dc\u015f\u00fcd\u00fc yaylac\u0131lar.<\/p>\n<p>Da\u011flar\u0131n olmaz nemi<\/p>\n<p>Bunda sakl\u0131 \u00f6nemi<\/p>\n<p>Bitti yayla d\u00f6nemi<\/p>\n<p>Kalsunler d\u00fckanc\u0131lar<\/p>\n<p>Doldurun kavranlar\u0131<\/p>\n<p>Peynir ile ya\u011flar\u0131<\/p>\n<p>G\u00f6t\u00fcrs\u00fcn s\u0131\u011f\u0131rlar\u0131<\/p>\n<p>K\u0131zlar ile bac\u0131lar.<\/p>\n<p>Eski yollar\u0131 bilen<\/p>\n<p>Kalmad\u0131 yaya gelen<\/p>\n<p>Ne \u00e7e\u015fme var,ne sulen<\/p>\n<p>Nerden i\u00e7sun yolcular<\/p>\n<p>Ku\u015fmerden girin yola<\/p>\n<p>Hayden u\u011furlar ola<\/p>\n<p>Arada verin mola<\/p>\n<p>Bekleyurler hancilar<\/p>\n<p>So\u011fuk eyleyur t\u0131ra\u015f<\/p>\n<p>Banduki ,Anemoras<\/p>\n<p>G\u00f6r\u00fcnd\u00fc m\u00fc Mavreyas<\/p>\n<p>Ordadur Holalilar<\/p>\n<p>\u015eehitler tepesine<\/p>\n<p>Okuyun\u00a0 hepisine<\/p>\n<p>Arpal\u0131 deresine<\/p>\n<p>\u0130nerler bal\u0131k\u00e7\u0131lar<\/p>\n<p>Vartan Parma aras\u0131<\/p>\n<p>Hep ini\u015ftir buras\u0131<\/p>\n<p>G\u00f6rnek daha arkas\u0131<\/p>\n<p>Nerde eski \u00e7ayc\u0131lar<\/p>\n<p>Oksodi Kazank\u0131ran<\/p>\n<p>Yaylalar garip viran<\/p>\n<p>Bu manileri kuran<\/p>\n<p>Mehmet \u0130brahima\u011fao\u011flu.<\/p>\n<p>&nbsp;<\/p>\n<\/div>\n","protected":false},"excerpt":{"rendered":"<p>\u00c7aykara \u0130l\u00e7esinin \u00f6nemli \u015eairlerinden Mehmet \u0130brahima\u011fao\u011flu sonbahar mevsimi dolay\u0131s\u0131 ile kaleme ald\u0131\u011f\u0131 Yayladan G\u00f6\u00e7 \u015fiiri okuyucular taraf\u0131ndan \u00e7ok b\u00fcy\u00fck bir ilgi g\u00f6r\u00fcyor. Sosyal ve Toplumsal konulardaki duyarl\u0131l\u0131\u011f\u0131 ile bilinen \u015eair \u0130brahima\u011fao\u011flu son g\u00fcnlerde b\u00f6lgemizde devam etmekte olan so\u011fuk ve elveri\u015fsiz hava dolay\u0131s\u0131 ile yaylalar\u0131n kar alt\u0131nda kalmas\u0131 ve bu sebepten dolay\u0131 yaylac\u0131lar\u0131n hayvanlar\u0131 ile birlikte [&hellip;]<\/p>\n","protected":false},"author":1,"featured_media":4922,"comment_status":"open","ping_status":"open","sticky":false,"template":"","format":"standard","meta":{"tdm_status":"","tdm_grid_status":"","footnotes":""},"categories":[40],"tags":[],"class_list":{"0":"post-4921","1":"post","2":"type-post","3":"status-publish","4":"format-standard","5":"has-post-thumbnail","7":"category-caykara"},"_links":{"self":[{"href":"https:\/\/zeleka.com\/index.php?rest_route=\/wp\/v2\/posts\/4921","targetHints":{"allow":["GET"]}}],"collection":[{"href":"https:\/\/zeleka.com\/index.php?rest_route=\/wp\/v2\/posts"}],"about":[{"href":"https:\/\/zeleka.com\/index.php?rest_route=\/wp\/v2\/types\/post"}],"author":[{"embeddable":true,"href":"https:\/\/zeleka.com\/index.php?rest_route=\/wp\/v2\/users\/1"}],"replies":[{"embeddable":true,"href":"https:\/\/zeleka.com\/index.php?rest_route=%2Fwp%2Fv2%2Fcomments&post=4921"}],"version-history":[{"count":2,"href":"https:\/\/zeleka.com\/index.php?rest_route=\/wp\/v2\/posts\/4921\/revisions"}],"predecessor-version":[{"id":4969,"href":"https:\/\/zeleka.com\/index.php?rest_route=\/wp\/v2\/posts\/4921\/revisions\/4969"}],"wp:featuredmedia":[{"embeddable":true,"href":"https:\/\/zeleka.com\/index.php?rest_route=\/wp\/v2\/media\/4922"}],"wp:attachment":[{"href":"https:\/\/zeleka.com\/index.php?rest_route=%2Fwp%2Fv2%2Fmedia&parent=4921"}],"wp:term":[{"taxonomy":"category","embeddable":true,"href":"https:\/\/zeleka.com\/index.php?rest_route=%2Fwp%2Fv2%2Fcategories&post=4921"},{"taxonomy":"post_tag","embeddable":true,"href":"https:\/\/zeleka.com\/index.php?rest_route=%2Fwp%2Fv2%2Ftags&post=4921"}],"curies":[{"name":"wp","href":"https:\/\/api.w.org\/{rel}","templated":true}]}}