{"id":4919,"date":"2025-09-18T10:32:11","date_gmt":"2025-09-18T07:32:11","guid":{"rendered":"https:\/\/zeleka.com\/?p=4919"},"modified":"2025-10-11T22:38:49","modified_gmt":"2025-10-11T19:38:49","slug":"4919","status":"publish","type":"post","link":"https:\/\/zeleka.com\/?p=4919","title":{"rendered":"Esra ve M\u00fccahit\u2019ten K\u0131na ve D\u00fc\u011f\u00fcn T\u00f6renlerine Davet"},"content":{"rendered":"<div id=\"sayfacontent\" data-modulsure=\"20\" data-gs-x=\"0\" data-gs-y=\"0\" data-gs-width=\"36\" data-gs-height=\"100\" data-gs-autoh=\"1\" data-zeminrenk=\"-1\" data-spotrenk=\"0\" data-baslikrenk=\"0\" data-seritrenk=\"-1\" data-hoverrenk=\"-1\" data-font1=\"0\" data-baslikkalinlik=\"0\" data-spotkalinlik=\"0\" data-baslikbold=\"0\" data-spotbold=\"0\" data-cogaltx=\"0\" data-cogalty=\"0\" data-border=\"0\" data-borderrenk=\"0\" data-baslikls=\"0\" data-basliklh=\"0\" data-spotls=\"0\" data-spotlh=\"0\" data-sticky=\"0\">\n<div>\n<nav><a href=\"http:\/\/caykaragundem.com\/haber\/kategori\/guncel-22.html\">G\u00dcNCEL<\/a><\/nav>\n<div>\n<p><time>Tarih: 17.09.2025 19:31:00 <\/time> <time> 0 Yorum <\/time><\/p>\n<\/div>\n<div>\n<p><img decoding=\"async\" src=\"http:\/\/caykaragundem.com\/resimler\/2025-9\/17\/731441399750150.webp\" alt=\"Esra ve M\u00fccahit\u2019ten K\u0131na ve D\u00fc\u011f\u00fcn T\u00f6renlerine Davet\" \/><\/p>\n<h2>Esra ve M\u00fccahit\u2019ten K\u0131na ve D\u00fc\u011f\u00fcn T\u00f6renlerine Davet<\/h2>\n<div id=\"detaymetin\">\n<p>ESRA VE M\u00dcCAH\u0130T\u2019TEN KINA VE D\u00dc\u011e\u00dcN T\u00d6RENLER\u0130NE DAVET<br \/>\nUzung\u00f6l\u2019\u00fcn Gen\u00e7 Turizm \u0130\u015fletmecilerinden Esra Aky\u00fcz ile Giresun\u2019dan M\u00fccahit K\u0131rca bu hafta sonu ger\u00e7ekle\u015ftirecekleri K\u0131na ve D\u00fc\u011f\u00fcn t\u00f6renleri \u00f6ncesinde g\u00f6n\u00fcl dostlar\u0131na \u015fu \u015fekilde sesleniyorlar.<br \/>\n\u201cBir \u00f6m\u00fcr boyu birlikteli\u011fe imza ataca\u011f\u0131m\u0131z hayat\u0131m\u0131z\u0131n en \u00f6nemli g\u00fcnleri olan K\u0131na ve D\u00fc\u011f\u00fcn T\u00f6renlerimizde siz g\u00f6n\u00fcl dostlar\u0131m\u0131z\u0131 yan\u0131m\u0131zda g\u00f6rmek mutlulu\u011fumuzu ikiye katlayacakt\u0131r.<br \/>\nHaberi okuyan t\u00fcm G\u00f6n\u00fcl Dostlar\u0131m\u0131z\u0131 K\u0131na ve D\u00fc\u011f\u00fcn t\u00f6renlerimize davet ediyoruz.<br \/>\nUzung\u00f6l\u2019\u00fcn Gen\u00e7 Turizm \u0130\u015fletmecilerinden Aynur &amp;Recep Aky\u00fcz\u2019\u00fcn d\u00fcnyalar g\u00fczeli k\u0131zlar\u0131 Esra ile Giresun Eynesil\u2019den Song\u00fcl &amp; Mehmet K\u0131rca \u00e7iftinin yak\u0131\u015f\u0131kl\u0131 delikanl\u0131lar\u0131ndan M\u00fccahit K\u0131rca 19 Eyl\u00fcl 2025 tarihinde Uzung\u00f6l Sezgin Otel Restaurant\u2019ta ve 21 Eyl\u00fcl 2025 Pazar ak\u015fam\u0131 ise Giresun Espiye Grand Karadere D\u00fc\u011f\u00fcn Salonunda ger\u00e7ekle\u015ftirecekleri K\u0131na ve d\u00fc\u011f\u00fcn t\u00f6renleri ile bir \u00f6m\u00fcr boyu birlikteli\u011fe ad\u0131m atmaya haz\u0131rlan\u0131yorlar.<br \/>\nGelinin babas\u0131,Uzung\u00f6l\u2019\u00fcn sevilen Gen\u00e7 \u0130\u015f adamlar\u0131ndan Recep Aky\u00fcz ile Damad\u0131n babas\u0131 Mehmet K\u0131rca gazetemize yapm\u0131\u015f olduklar\u0131 a\u00e7\u0131klamada \u015fu ifadelere yer verdiler.<br \/>\nAky\u00fcz ve K\u0131rca aileleri olarak gen\u00e7lerimizin alm\u0131\u015f olduklar\u0131 bu anlaml\u0131 ve g\u00fczel karar sebebi ile aylard\u0131r tatl\u0131 bir tela\u015f ve ko\u015fu\u015fturma s\u00fcreci i\u00e7erisindeyiz.Her iki aile olarak butatl\u0131 ko\u015fu\u015fturma s\u00fcreci i\u00e7erisinde m\u00fcmk\u00fcn oldu\u011fu kadar t\u00fcm g\u00f6n\u00fcl dostlar\u0131m\u0131za ula\u015fma ve gen\u00e7lerimizin mutlulu\u011funu payla\u015fmalar\u0131n\u0131 sa\u011flama gayreti i\u00e7erisinde olduk.<br \/>\nAncak,sizler de takdir edersiniz ki mutlaka g\u00f6zden ka\u00e7an ya da unutmu\u015f olabilece\u011fimiz isimler olabilir.<br \/>\nBU vesile ile \u00c7aykara G\u00fcndem Gazetesinde yay\u0131nlanm\u0131\u015f olan bu d\u00fc\u011f\u00fcn haberinin t\u00fcm g\u00f6n\u00fcl dostlar\u0131m\u0131z taraf\u0131ndan bir d\u00fc\u011f\u00fcn davetiyesi kabul edilmesini ve bu g\u00fczel haberi okuyan t\u00fcm g\u00f6n\u00fcl dostlar\u0131m\u0131z\u0131n gen\u00e7lerimizin d\u00fc\u011f\u00fcn t\u00f6renlerine davetli olduklar\u0131n\u0131n bilinmesini belirtmek istiyoruz.<br \/>\nESP\u0130YE\u2019DEK\u0130 D\u00dc\u011e\u00dcN T\u00d6REN\u0130NDE SANAT\u00c7I \u00d6ZG\u00dcR KARADUMAN SAHNE ALACAK<br \/>\n21 A\u011fustos 2025 Pazar ak\u015fam\u0131 Giresun Espiye\u2019de ger\u00e7ekle\u015ftirilecek olan Gen\u00e7 \u00c7iftlerin D\u00fc\u011f\u00fcn T\u00f6renlerinde Sanat\u00e7\u0131 \u00d6zg\u00fcr Karaduman sahne alacak.<br \/>\nKINA-D\u00dc\u011e\u00dcN<br \/>\nTAR\u0130H:19.09.2025-CUMA<br \/>\nSAAT:19.00<br \/>\nYER:SEZG\u0130N OTEL RESTAURANT<br \/>\nUZUNG\u00d6L \u00c7AYKARA\/TRABZON<br \/>\nD\u00dc\u011e\u00dcN<br \/>\nTAR\u0130H:21 EYL\u00dcL 2025-PAZAR<br \/>\nSAAT:19.00<br \/>\nYER:GRAND KARADERE D\u00dc\u011e\u00dcN SALONU<br \/>\nESENTEPE MAHALLES\u0130 CEVDET SUNAY CADDES\u0130 SOKAK NO:1 ESP\u0130YE\/G\u0130RESUN<\/p>\n<p>&nbsp;<\/p>\n<\/div>\n<\/div>\n<\/div>\n<p>&nbsp;<\/p>\n<\/div>\n","protected":false},"excerpt":{"rendered":"<p>G\u00dcNCEL Tarih: 17.09.2025 19:31:00 0 Yorum Esra ve M\u00fccahit\u2019ten K\u0131na ve D\u00fc\u011f\u00fcn T\u00f6renlerine Davet ESRA VE M\u00dcCAH\u0130T\u2019TEN KINA VE D\u00dc\u011e\u00dcN T\u00d6RENLER\u0130NE DAVET Uzung\u00f6l\u2019\u00fcn Gen\u00e7 Turizm \u0130\u015fletmecilerinden Esra Aky\u00fcz ile Giresun\u2019dan M\u00fccahit K\u0131rca bu hafta sonu ger\u00e7ekle\u015ftirecekleri K\u0131na ve D\u00fc\u011f\u00fcn t\u00f6renleri \u00f6ncesinde g\u00f6n\u00fcl dostlar\u0131na \u015fu \u015fekilde sesleniyorlar. \u201cBir \u00f6m\u00fcr boyu birlikteli\u011fe imza ataca\u011f\u0131m\u0131z hayat\u0131m\u0131z\u0131n en \u00f6nemli [&hellip;]<\/p>\n","protected":false},"author":1,"featured_media":4920,"comment_status":"open","ping_status":"open","sticky":false,"template":"","format":"standard","meta":{"tdm_status":"","tdm_grid_status":"","footnotes":""},"categories":[40],"tags":[],"class_list":{"0":"post-4919","1":"post","2":"type-post","3":"status-publish","4":"format-standard","5":"has-post-thumbnail","7":"category-caykara"},"_links":{"self":[{"href":"https:\/\/zeleka.com\/index.php?rest_route=\/wp\/v2\/posts\/4919","targetHints":{"allow":["GET"]}}],"collection":[{"href":"https:\/\/zeleka.com\/index.php?rest_route=\/wp\/v2\/posts"}],"about":[{"href":"https:\/\/zeleka.com\/index.php?rest_route=\/wp\/v2\/types\/post"}],"author":[{"embeddable":true,"href":"https:\/\/zeleka.com\/index.php?rest_route=\/wp\/v2\/users\/1"}],"replies":[{"embeddable":true,"href":"https:\/\/zeleka.com\/index.php?rest_route=%2Fwp%2Fv2%2Fcomments&post=4919"}],"version-history":[{"count":1,"href":"https:\/\/zeleka.com\/index.php?rest_route=\/wp\/v2\/posts\/4919\/revisions"}],"predecessor-version":[{"id":5005,"href":"https:\/\/zeleka.com\/index.php?rest_route=\/wp\/v2\/posts\/4919\/revisions\/5005"}],"wp:featuredmedia":[{"embeddable":true,"href":"https:\/\/zeleka.com\/index.php?rest_route=\/wp\/v2\/media\/4920"}],"wp:attachment":[{"href":"https:\/\/zeleka.com\/index.php?rest_route=%2Fwp%2Fv2%2Fmedia&parent=4919"}],"wp:term":[{"taxonomy":"category","embeddable":true,"href":"https:\/\/zeleka.com\/index.php?rest_route=%2Fwp%2Fv2%2Fcategories&post=4919"},{"taxonomy":"post_tag","embeddable":true,"href":"https:\/\/zeleka.com\/index.php?rest_route=%2Fwp%2Fv2%2Ftags&post=4919"}],"curies":[{"name":"wp","href":"https:\/\/api.w.org\/{rel}","templated":true}]}}