{"id":4917,"date":"2025-09-17T09:32:34","date_gmt":"2025-09-17T06:32:34","guid":{"rendered":"https:\/\/zeleka.com\/?p=4917"},"modified":"2025-09-17T09:32:34","modified_gmt":"2025-09-17T06:32:34","slug":"uzungolun-yasayan-cinari-sise-incipempega-uzungolde-son-yolculuguna-ugurlandi-uzungolun-yasayan-cinarlarindan-sise-inci-yakalandigi-amans","status":"publish","type":"post","link":"https:\/\/zeleka.com\/?p=4917","title":{"rendered":"<div id=\"detaymetin\">                            <p>Uzung\u00f6l\u2019\u00fcn Ya\u015fayan \u00c7\u0131nar\u0131 \u00a0\u015ei\u015fe \u0130nci(Pempega) Uzung\u00f6l\u2019de son yolculu\u011funa u\u011furland\u0131.<\/p><p>Uzung\u00f6l\u2019\u00fcn ya\u015fayan \u00c7\u0131narlar\u0131ndan \u015ei\u015fe \u0130nci yakaland\u0131\u011f\u0131 amans\u0131z hastal\u0131ktan kurt"},"content":{"rendered":"<div id=\"detaymetin\">\n<p>Uzung\u00f6l\u2019\u00fcn Ya\u015fayan \u00c7\u0131nar\u0131 \u00a0\u015ei\u015fe \u0130nci(Pempega) Uzung\u00f6l\u2019de son yolculu\u011funa u\u011furland\u0131.<\/p>\n<p>Uzung\u00f6l\u2019\u00fcn ya\u015fayan \u00c7\u0131narlar\u0131ndan \u015ei\u015fe \u0130nci yakaland\u0131\u011f\u0131 amans\u0131z hastal\u0131ktan kurtulamayarak tedavi g\u00f6rd\u00fc\u011f\u00fc hastanede hayat\u0131n\u0131 kaybetmi\u015fti.<\/p>\n<p>Bir s\u00fcreden bu yana \u0130zmit\u2019te bulunan merhume \u015ei\u015fe \u0130nci yakla\u015f\u0131k 3 ay \u00f6nce hastaneye g\u00f6t\u00fcr\u00fclerek yo\u011fun bak\u0131m servisine al\u0131nm\u0131\u015ft\u0131.<\/p>\n<figure><img decoding=\"async\" src=\"https:\/\/caykaragundem.com\/resimler\/2025-9\/16\/57783409775626.webp\"><\/figure>\n<p>3 Aydan bu yana hastanede ya\u015fam sava\u015f\u0131 veren merhume \u015ei\u015fe \u0130nci 15 Eyl\u00fcl 2025 Pazartesi g\u00fcn\u00fc amans\u0131z hastal\u0131\u011fa daha fazla direnemeyerek hayat\u0131n\u0131 kaybetti.<\/p>\n<p>Toplum taraf\u0131ndan \u00e7ok sevilen,\u00f6rnek bir toplum insan\u0131 olarak g\u00f6sterilen,sevecenli\u011fi,merhameti ve her zaman g\u00fclen y\u00fcz\u00fc ve \u015fakalar\u0131 ile toplumda \u00f6rnek g\u00f6sterilen \u015ei\u015fe \u0130nci\u2019nin ani \u00f6l\u00fcm\u00fc Uzung\u00f6l\u2019\u00fc g\u00f6z ya\u015flar\u0131na bo\u011fdu.<\/p>\n<figure><img decoding=\"async\" src=\"https:\/\/caykaragundem.com\/resimler\/2025-9\/16\/267681590875029.webp\"><\/figure>\n<p>Merhume \u015ei\u015fe \u0130nci Uzung\u00f6l Muhtarlar\u0131ndan ve \u00e7ok sevilen isimlerinden \u0130smail \u0130nci((DAVUT)\u2019un e\u015fi,Yusuf,Dursun Ali,Recep ve Davut \u0130nci\u2019nin anneleri,\u0130neg\u00f6l\u2019de ikamet eden \u0130smail \u015eakar\u2019\u0131n ablas\u0131,Ya\u015far \u0130nci\u2019nin kay\u0131nvalidesiydi.<\/p>\n<p>Merhume \u015ei\u015fe \u0130nci,16 Eyl\u00fcl 2025 Sal\u0131 g\u00fcn\u00fc ikindi namaz\u0131na m\u00fcteakip Uzung\u00f6l Merkez Camiinde k\u0131l\u0131nan cenaze namaz\u0131n\u0131n ard\u0131ndan Kaplanoz Mahallesinde bulunan aile kabristanl\u0131\u011f\u0131nda son yolculu\u011funa u\u011furland\u0131.<\/p>\n<figure><img decoding=\"async\" src=\"https:\/\/caykaragundem.com\/resimler\/2025-9\/16\/68267840412922.webp\"><\/figure>\n<p>Merhume \u015ei\u015fe \u0130nci\u2019nin cenaze namaz\u0131na \u00c7aykara Belediye Ba\u015fkan\u0131 Hanefi Tok,Uzung\u00f6l Muhtar\u0131 Selman Dilek ve kalabal\u0131k bir vatanda\u015f toplulu\u011fu kat\u0131l\u0131m sa\u011flad\u0131.<\/p>\n<p>\u00c7aykara G\u00fcndem gazetesi olarak merhume \u015ei\u015fe \u0130nci\u2019ye Allah\u2019tan rahmet,kederli ailesine ba\u015f sa\u011fl\u0131\u011f\u0131 dileklerimizi iletiyoruz.<\/p>\n<p><strong>\u0130LET\u0130\u015e\u0130M<\/strong><\/p>\n<p><strong>\u0130smail \u015eAKAR-Karde\u015fi-05 30 544 43 69<\/strong><\/p>\n<p><strong>Yusuf \u0130nci- O\u011flu&#8211;0 536 8839165<\/strong><\/p>\n<p><strong>Dursun Ali \u0130nci-O\u011flu-05340888595<\/strong><\/p>\n<p><strong>Recep \u0130NC\u0130-O\u011flu-+30 694 728 39 79<\/strong><\/p>\n<p><strong>Davut \u0130nci-O\u011flu-0 533 5227164<\/strong><\/p>\n<p><strong>Ya\u015far \u0130NC\u0130-Damad\u0131-0 505 7912401<\/strong><\/p>\n<p><strong>\u015eeref KO\u00c7-Damad\u0131-0532 401 40 61<\/strong><\/p>\n<p>          <\/div>\n","protected":false},"excerpt":{"rendered":"<p>Uzung\u00f6l\u2019\u00fcn Ya\u015fayan \u00c7\u0131nar\u0131 \u00a0\u015ei\u015fe \u0130nci(Pempega) Uzung\u00f6l\u2019de son yolculu\u011funa u\u011furland\u0131. Uzung\u00f6l\u2019\u00fcn ya\u015fayan \u00c7\u0131narlar\u0131ndan \u015ei\u015fe \u0130nci yakaland\u0131\u011f\u0131 amans\u0131z hastal\u0131ktan kurtulamayarak tedavi g\u00f6rd\u00fc\u011f\u00fc hastanede hayat\u0131n\u0131 kaybetmi\u015fti. Bir s\u00fcreden bu yana \u0130zmit\u2019te bulunan merhume \u015ei\u015fe \u0130nci yakla\u015f\u0131k 3 ay \u00f6nce hastaneye g\u00f6t\u00fcr\u00fclerek yo\u011fun bak\u0131m servisine al\u0131nm\u0131\u015ft\u0131. 3 Aydan bu yana hastanede ya\u015fam sava\u015f\u0131 veren merhume \u015ei\u015fe \u0130nci 15 Eyl\u00fcl [&hellip;]<\/p>\n","protected":false},"author":1,"featured_media":4918,"comment_status":"open","ping_status":"open","sticky":false,"template":"","format":"standard","meta":{"tdm_status":"","tdm_grid_status":"","footnotes":""},"categories":[40],"tags":[],"class_list":{"0":"post-4917","1":"post","2":"type-post","3":"status-publish","4":"format-standard","5":"has-post-thumbnail","7":"category-caykara"},"_links":{"self":[{"href":"https:\/\/zeleka.com\/index.php?rest_route=\/wp\/v2\/posts\/4917","targetHints":{"allow":["GET"]}}],"collection":[{"href":"https:\/\/zeleka.com\/index.php?rest_route=\/wp\/v2\/posts"}],"about":[{"href":"https:\/\/zeleka.com\/index.php?rest_route=\/wp\/v2\/types\/post"}],"author":[{"embeddable":true,"href":"https:\/\/zeleka.com\/index.php?rest_route=\/wp\/v2\/users\/1"}],"replies":[{"embeddable":true,"href":"https:\/\/zeleka.com\/index.php?rest_route=%2Fwp%2Fv2%2Fcomments&post=4917"}],"version-history":[{"count":0,"href":"https:\/\/zeleka.com\/index.php?rest_route=\/wp\/v2\/posts\/4917\/revisions"}],"wp:featuredmedia":[{"embeddable":true,"href":"https:\/\/zeleka.com\/index.php?rest_route=\/wp\/v2\/media\/4918"}],"wp:attachment":[{"href":"https:\/\/zeleka.com\/index.php?rest_route=%2Fwp%2Fv2%2Fmedia&parent=4917"}],"wp:term":[{"taxonomy":"category","embeddable":true,"href":"https:\/\/zeleka.com\/index.php?rest_route=%2Fwp%2Fv2%2Fcategories&post=4917"},{"taxonomy":"post_tag","embeddable":true,"href":"https:\/\/zeleka.com\/index.php?rest_route=%2Fwp%2Fv2%2Ftags&post=4917"}],"curies":[{"name":"wp","href":"https:\/\/api.w.org\/{rel}","templated":true}]}}