{"id":4915,"date":"2025-09-17T09:32:35","date_gmt":"2025-09-17T06:32:35","guid":{"rendered":"https:\/\/zeleka.com\/?p=4915"},"modified":"2025-09-17T09:32:35","modified_gmt":"2025-09-17T06:32:35","slug":"avrupa-taskiran-ve-cevre-koyleri-almanya-dernegi-dernek-baskani-yilmaz-agirman-ankara-ziyaretleri-kapsaminda-caykarali-hemserimiz-yusuf-sevki-hakyemezi-ma","status":"publish","type":"post","link":"https:\/\/zeleka.com\/?p=4915","title":{"rendered":"<div id=\"detaymetin\">                            <p>Avrupa Ta\u015fk\u0131ran ve \u00c7evre K\u00f6yleri Almanya Derne\u011fi Dernek Ba\u015fkan\u0131 Y\u0131lmaz A\u011f\u0131rman Ankara ziyaretleri kapsam\u0131nda \u00c7aykara\u2019l\u0131 Hem\u015ferimiz Yusuf \u015eevki Hakyemez\u2019i makam\u0131nda ziyaret etti.<\/p><p"},"content":{"rendered":"<div id=\"detaymetin\">\n<p>Avrupa Ta\u015fk\u0131ran ve \u00c7evre K\u00f6yleri Almanya Derne\u011fi Dernek Ba\u015fkan\u0131 Y\u0131lmaz A\u011f\u0131rman Ankara ziyaretleri kapsam\u0131nda \u00c7aykara\u2019l\u0131 Hem\u015ferimiz Yusuf \u015eevki Hakyemez\u2019i makam\u0131nda ziyaret etti.<\/p>\n<p>Anayasa Mahkemesi Ba\u015fkan\u0131 Yusuf \u015eevki Hakyemez,16-17 May\u0131s 2025 tarihlerinde Almanya\u2019da ger\u00e7ekle\u015ftirilen Avrupa Ta\u015fk\u0131ran ve \u00c7evre K\u00f6yleri K\u00fclt\u00fcr ve Dayan\u0131\u015fma Derne\u011fi taraf\u0131ndan organize edilen \u015e\u00f6lene kat\u0131l\u0131m sa\u011flayarak hem\u015ferilerimizin memleket \u00f6zlemini ve \u015f\u00f6len co\u015fkusunu payla\u015fm\u0131\u015ft\u0131.<\/p>\n<figure><img decoding=\"async\" src=\"https:\/\/caykaragundem.com\/resimler\/2025-9\/16\/993691593185164.webp\"><\/figure>\n<p>Dernek Ba\u015fkan\u0131 Y\u0131lmaz A\u011f\u0131rman iadei ziyaret kapsam\u0131nda ger\u00e7ekle\u015ftirmi\u015f oldu\u011fu ziyaret ile \u00c7aykara\u2019l\u0131 Hem\u015ferimiz Hakyemez\u2019i makam\u0131nda ziyaret ederek Ta\u015fk\u0131ran ve \u00c7evre Halk\u0131n\u0131n te\u015fekk\u00fcrlerini iletti.<\/p>\n<p>Dernek Ba\u015fkan\u0131 Y\u0131lmaz\u00a0A\u011f\u0131rman Ger\u00e7ekle\u015ftirilen ziyaret ile ilgili olarak \u00a0ger\u00e7ekle\u015ftirdi\u011fi a\u00e7\u0131klamada \u015fu ifadelere yer verdi.<\/p>\n<p>Bug\u00fcn Anayasa Mahkemesi\u2019nde, k\u0131ymetli hocam\u0131z Prof. Dr. Yusuf \u015eevki Hakyemez\u2019i ziyaret etme imk\u00e2n\u0131 bulduk. 16-17 May\u0131s 2025 tarihlerinde Avrupa Ta\u015fk\u0131ran ve \u00c7evresi Birli\u011fi olarak d\u00fczenledi\u011fimiz \u015f\u00f6lenimizde vermi\u015f oldu\u011fumuz s\u00f6z\u00fc yerine getirerek bu ziyareti ger\u00e7ekle\u015ftirdik.<\/p>\n<p>Sayg\u0131de\u011fer hocam\u0131z bizleri en \u00fcst d\u00fczeyde misafir ederek, s\u0131cak ve samimi sohbetiyle b\u00fcy\u00fck bir mutluluk ya\u015fatt\u0131. Sohbetimizde, \u015f\u00f6lenimizin \u00e7ok ba\u015far\u0131l\u0131 ve muhte\u015fem ge\u00e7ti\u011fini ifade ederek, orada bulunmaktan b\u00fcy\u00fck keyif ve moral buldu\u011funu dile getirdi. Ayr\u0131ca \u015f\u00f6lenimizde kendisine takdim etti\u011fimiz plaketi, verilen s\u00f6z\u00fcn bir ni\u015fanesi olarak odas\u0131n\u0131n ba\u015f k\u00f6\u015fesinde yer verdi\u011fini g\u00f6rmek bizleri son derece onurland\u0131rd\u0131 ve mutlu etti.<\/p>\n<figure><img decoding=\"async\" src=\"https:\/\/caykaragundem.com\/resimler\/2025-9\/16\/75982860840485.webp\"><\/figure>\n<p>Ziyaretimiz s\u0131ras\u0131nda y\u00f6netim arkada\u015flar\u0131m\u0131z\u0131n selamlar\u0131n\u0131 da kendilerine ilettik. Bizleri onurland\u0131ran bu i\u00e7ten ve nezaket dolu misafirperverli\u011fi i\u00e7in de\u011ferli hocam\u0131z Prof. Dr. Yusuf \u015eevki Hakyemez\u2019e en derin \u015f\u00fckranlar\u0131m\u0131z\u0131 sunuyor, g\u00f6sterdi\u011fi ilgi ve nazik kabullerinden dolay\u0131 te\u015fekk\u00fcr ediyoruz.<\/p>\n<p>          <\/div>\n","protected":false},"excerpt":{"rendered":"<p>Avrupa Ta\u015fk\u0131ran ve \u00c7evre K\u00f6yleri Almanya Derne\u011fi Dernek Ba\u015fkan\u0131 Y\u0131lmaz A\u011f\u0131rman Ankara ziyaretleri kapsam\u0131nda \u00c7aykara\u2019l\u0131 Hem\u015ferimiz Yusuf \u015eevki Hakyemez\u2019i makam\u0131nda ziyaret etti. Anayasa Mahkemesi Ba\u015fkan\u0131 Yusuf \u015eevki Hakyemez,16-17 May\u0131s 2025 tarihlerinde Almanya\u2019da ger\u00e7ekle\u015ftirilen Avrupa Ta\u015fk\u0131ran ve \u00c7evre K\u00f6yleri K\u00fclt\u00fcr ve Dayan\u0131\u015fma Derne\u011fi taraf\u0131ndan organize edilen \u015e\u00f6lene kat\u0131l\u0131m sa\u011flayarak hem\u015ferilerimizin memleket \u00f6zlemini ve \u015f\u00f6len co\u015fkusunu payla\u015fm\u0131\u015ft\u0131. [&hellip;]<\/p>\n","protected":false},"author":1,"featured_media":4916,"comment_status":"open","ping_status":"open","sticky":false,"template":"","format":"standard","meta":{"tdm_status":"","tdm_grid_status":"","footnotes":""},"categories":[40],"tags":[],"class_list":{"0":"post-4915","1":"post","2":"type-post","3":"status-publish","4":"format-standard","5":"has-post-thumbnail","7":"category-caykara"},"_links":{"self":[{"href":"https:\/\/zeleka.com\/index.php?rest_route=\/wp\/v2\/posts\/4915","targetHints":{"allow":["GET"]}}],"collection":[{"href":"https:\/\/zeleka.com\/index.php?rest_route=\/wp\/v2\/posts"}],"about":[{"href":"https:\/\/zeleka.com\/index.php?rest_route=\/wp\/v2\/types\/post"}],"author":[{"embeddable":true,"href":"https:\/\/zeleka.com\/index.php?rest_route=\/wp\/v2\/users\/1"}],"replies":[{"embeddable":true,"href":"https:\/\/zeleka.com\/index.php?rest_route=%2Fwp%2Fv2%2Fcomments&post=4915"}],"version-history":[{"count":0,"href":"https:\/\/zeleka.com\/index.php?rest_route=\/wp\/v2\/posts\/4915\/revisions"}],"wp:featuredmedia":[{"embeddable":true,"href":"https:\/\/zeleka.com\/index.php?rest_route=\/wp\/v2\/media\/4916"}],"wp:attachment":[{"href":"https:\/\/zeleka.com\/index.php?rest_route=%2Fwp%2Fv2%2Fmedia&parent=4915"}],"wp:term":[{"taxonomy":"category","embeddable":true,"href":"https:\/\/zeleka.com\/index.php?rest_route=%2Fwp%2Fv2%2Fcategories&post=4915"},{"taxonomy":"post_tag","embeddable":true,"href":"https:\/\/zeleka.com\/index.php?rest_route=%2Fwp%2Fv2%2Ftags&post=4915"}],"curies":[{"name":"wp","href":"https:\/\/api.w.org\/{rel}","templated":true}]}}