{"id":4913,"date":"2025-09-16T09:29:16","date_gmt":"2025-09-16T06:29:16","guid":{"rendered":"https:\/\/zeleka.com\/?p=4913"},"modified":"2025-09-16T09:29:16","modified_gmt":"2025-09-16T06:29:16","slug":"uzungolun-yasayan-cinarlarindan-sise-inci-yakalandigi-amansiz-hastaliktan-kurtulamayarak-tedavi-gordugu-hastanede-hayatini-kaybetti-bir-sureden-bu-yana-izmit","status":"publish","type":"post","link":"https:\/\/zeleka.com\/?p=4913","title":{"rendered":"<div id=\"detaymetin\">                            <p>Uzung\u00f6l\u2019\u00fcn ya\u015fayan \u00c7\u0131narlar\u0131ndan \u015ei\u015fe \u0130nci yakaland\u0131\u011f\u0131 amans\u0131z hastal\u0131ktan kurtulamayarak tedavi g\u00f6rd\u00fc\u011f\u00fc hastanede hayat\u0131n\u0131 kaybetti.<\/p><p>Bir s\u00fcreden bu yana \u0130zmit\u2019te bulunan"},"content":{"rendered":"<div id=\"detaymetin\">\n<p>Uzung\u00f6l\u2019\u00fcn ya\u015fayan \u00c7\u0131narlar\u0131ndan \u015ei\u015fe \u0130nci yakaland\u0131\u011f\u0131 amans\u0131z hastal\u0131ktan kurtulamayarak tedavi g\u00f6rd\u00fc\u011f\u00fc hastanede hayat\u0131n\u0131 kaybetti.<\/p>\n<p>Bir s\u00fcreden bu yana \u0130zmit\u2019te bulunan merhume \u015ei\u015fe \u0130nci yakla\u015f\u0131k 3 ay \u00f6nce hastaneye g\u00f6t\u00fcr\u00fclerek yo\u011fun bak\u0131m servisine al\u0131nm\u0131\u015ft\u0131.<\/p>\n<p>3 Aydan bu yana hastanede ya\u015fam sava\u015f\u0131 veren merhume \u015ei\u015fe \u0130nci 15 Eyl\u00fcl 2025 Pazartesi g\u00fcn\u00fc amans\u0131z hastal\u0131\u011fa daha fazla direnemeyerek hayat\u0131n\u0131 kaybetti.<\/p>\n<p>Toplum taraf\u0131ndan \u00e7ok sevilen,\u00f6rnek bir toplum insan\u0131 olarak g\u00f6sterilen,sevecenli\u011fi,merhameti ve her zaman g\u00fclen y\u00fcz\u00fc ve \u015fakalar\u0131 ile toplumda \u00f6rnek g\u00f6sterilen \u015ei\u015fe \u0130nci\u2019nin ani \u00f6l\u00fcm\u00fc Uzung\u00f6l\u2019\u00fc g\u00f6z ya\u015flar\u0131na bo\u011fdu.<\/p>\n<p>Merhume \u015ei\u015fe \u0130nci Uzung\u00f6l Muhtarlar\u0131ndan ve \u00e7ok sevilen isimlerinden \u0130smail \u0130nci((DAVUT)\u2019un e\u015fi,Yusuf,Dursun Ali,Recep ve Davut \u0130nci\u2019nin anneleri,Ya\u015far \u0130nci\u2019nin kay\u0131nvalidesiydi.<\/p>\n<p>Merhume \u015ei\u015fe \u0130nci\u2019nin cenazesi bu gece \u0130stanbul\u2019dan Trabzon\u2019a getiriliyor.<\/p>\n<p>16 Eyl\u00fcl 2025 Sal\u0131 g\u00fcn\u00fc ikindi namaz\u0131na m\u00fcteakip Uzung\u00f6l Merkez Camiinde k\u0131l\u0131nacak olan cenaze namaz\u0131n\u0131n ard\u0131ndan Kaplanoz Mahallesinde bulunan aile kabristanl\u0131\u011f\u0131nda son yolculu\u011funa u\u011furlanacak.<\/p>\n<p>\u00c7aykara G\u00fcndem gazetesi olarak merhume \u015ei\u015fe \u0130nci\u2019ye Allah\u2019tan rahmet,kederli ailesine ba\u015f sa\u011fl\u0131\u011f\u0131 dileklerimizi iletiyoruz.<\/p>\n<p>\u0130LET\u0130\u015e\u0130M<\/p>\n<p>Yusuf \u0130nci- O\u011flu&#8211;0 536 8839165<\/p>\n<p>Dursun Ali \u0130nci-O\u011flu-05340888595<\/p>\n<p>Davut \u0130nci-O\u011flu-0 533 5227164<\/p>\n<p>Ya\u015far \u0130NC\u0130-Damad\u0131-0 505 7912401<\/p>\n<p>          <\/div>\n","protected":false},"excerpt":{"rendered":"<p>Uzung\u00f6l\u2019\u00fcn ya\u015fayan \u00c7\u0131narlar\u0131ndan \u015ei\u015fe \u0130nci yakaland\u0131\u011f\u0131 amans\u0131z hastal\u0131ktan kurtulamayarak tedavi g\u00f6rd\u00fc\u011f\u00fc hastanede hayat\u0131n\u0131 kaybetti. Bir s\u00fcreden bu yana \u0130zmit\u2019te bulunan merhume \u015ei\u015fe \u0130nci yakla\u015f\u0131k 3 ay \u00f6nce hastaneye g\u00f6t\u00fcr\u00fclerek yo\u011fun bak\u0131m servisine al\u0131nm\u0131\u015ft\u0131. 3 Aydan bu yana hastanede ya\u015fam sava\u015f\u0131 veren merhume \u015ei\u015fe \u0130nci 15 Eyl\u00fcl 2025 Pazartesi g\u00fcn\u00fc amans\u0131z hastal\u0131\u011fa daha fazla direnemeyerek hayat\u0131n\u0131 [&hellip;]<\/p>\n","protected":false},"author":1,"featured_media":4914,"comment_status":"open","ping_status":"open","sticky":false,"template":"","format":"standard","meta":{"tdm_status":"","tdm_grid_status":"","footnotes":""},"categories":[40],"tags":[],"class_list":{"0":"post-4913","1":"post","2":"type-post","3":"status-publish","4":"format-standard","5":"has-post-thumbnail","7":"category-caykara"},"_links":{"self":[{"href":"https:\/\/zeleka.com\/index.php?rest_route=\/wp\/v2\/posts\/4913","targetHints":{"allow":["GET"]}}],"collection":[{"href":"https:\/\/zeleka.com\/index.php?rest_route=\/wp\/v2\/posts"}],"about":[{"href":"https:\/\/zeleka.com\/index.php?rest_route=\/wp\/v2\/types\/post"}],"author":[{"embeddable":true,"href":"https:\/\/zeleka.com\/index.php?rest_route=\/wp\/v2\/users\/1"}],"replies":[{"embeddable":true,"href":"https:\/\/zeleka.com\/index.php?rest_route=%2Fwp%2Fv2%2Fcomments&post=4913"}],"version-history":[{"count":0,"href":"https:\/\/zeleka.com\/index.php?rest_route=\/wp\/v2\/posts\/4913\/revisions"}],"wp:featuredmedia":[{"embeddable":true,"href":"https:\/\/zeleka.com\/index.php?rest_route=\/wp\/v2\/media\/4914"}],"wp:attachment":[{"href":"https:\/\/zeleka.com\/index.php?rest_route=%2Fwp%2Fv2%2Fmedia&parent=4913"}],"wp:term":[{"taxonomy":"category","embeddable":true,"href":"https:\/\/zeleka.com\/index.php?rest_route=%2Fwp%2Fv2%2Fcategories&post=4913"},{"taxonomy":"post_tag","embeddable":true,"href":"https:\/\/zeleka.com\/index.php?rest_route=%2Fwp%2Fv2%2Ftags&post=4913"}],"curies":[{"name":"wp","href":"https:\/\/api.w.org\/{rel}","templated":true}]}}