{"id":4911,"date":"2025-09-15T08:33:23","date_gmt":"2025-09-15T05:33:23","guid":{"rendered":"https:\/\/zeleka.com\/?p=4911"},"modified":"2025-09-15T08:33:23","modified_gmt":"2025-09-15T05:33:23","slug":"trabzon-genclik-ve-spor-il-mudurlugu-caykara-kaymakamligi-caykara-belediye-baskanligi-ve-turkiye-bisiklet-federasyonu-is-birligiyle-duzenlenen-hasan-terzi-marato","status":"publish","type":"post","link":"https:\/\/zeleka.com\/?p=4911","title":{"rendered":"<div id=\"detaymetin\">                            <p>Trabzon Gen\u00e7lik ve Spor \u0130l M\u00fcd\u00fcrl\u00fc\u011f\u00fc, \u00c7aykara Kaymakaml\u0131\u011f\u0131, \u00c7aykara Belediye Ba\u015fkanl\u0131\u011f\u0131 ve T\u00fcrkiye Bisiklet Federasyonu i\u015f birli\u011fiyle d\u00fczenlenen \u201cHasan Terzi Maratonu Bisiklet T\u00fcrk"},"content":{"rendered":"<div id=\"detaymetin\">\n<p>Trabzon Gen\u00e7lik ve Spor \u0130l M\u00fcd\u00fcrl\u00fc\u011f\u00fc, \u00c7aykara Kaymakaml\u0131\u011f\u0131, \u00c7aykara Belediye Ba\u015fkanl\u0131\u011f\u0131 ve T\u00fcrkiye Bisiklet Federasyonu i\u015f birli\u011fiyle d\u00fczenlenen \u201cHasan Terzi Maratonu Bisiklet T\u00fcrkiye \u015eampiyonas\u0131\u201d 14 Eyl\u00fcl 2025 Pazar g\u00fcn\u00fc Trabzon\u2019da ger\u00e7ekle\u015ftirildi.<\/p>\n<p>Uzung\u00f6l\u2019\u00fcn e\u015fsiz do\u011fas\u0131 e\u015fli\u011finde ba\u015flayan maraton, b\u00fcy\u00fck \u00e7eki\u015fmeye sahne oldu. Sporcular, hem performanslar\u0131yla hem de centilmence m\u00fccadeleleriyle alk\u0131\u015f toplad\u0131. Yakla\u015f\u0131k \u00fc\u00e7 saat s\u00fcren maratonun ard\u0131ndan dereceye giren sporcular i\u00e7in \u00f6d\u00fcl t\u00f6reni d\u00fczenlendi.<\/p>\n<p>\u015eampiyonan\u0131n Ba\u015flang\u0131\u00e7 start\u0131 \u00c7aykara Kaynmakam\u0131 Ali Sapmaz,\u00c7aykara Belediye Ba\u015fkan\u0131 Hanefi Tok ve Trabzon Gen\u00e7lik ve Spor \u0130l M\u00fcd\u00fcr\u00fc Lokman Ar\u0131c\u0131o\u011flu taraf\u0131ndan verilirken,\u00d6d\u00fcl t\u00f6renine \u00c7aykara Kaymakam\u0131 Ali Sapmaz, \u00c7aykara Belediye Ba\u015fkan\u0131 Hanefi Tok, Gen\u00e7lik ve Spor \u0130l M\u00fcd\u00fcr\u00fc Lokman Ar\u0131c\u0131o\u011flu ,Uzung\u00f6l Turizminin Ba\u015f Mimar\u0131 Dursun Ali \u0130nan,Uzung\u00f6l Muhtar\u0131 Selman Dilek,Uzung\u00f6l Turizmciler Derne\u011fi Ba\u015fkan\u0131 Mehmet Kele\u015f,ve il\u00e7e protokol\u00fc kat\u0131ld\u0131.<\/p>\n<p>\u00c7aykara Kaymakam\u0131 Ali Sapmaz konu\u015fmas\u0131nda \u015funlar\u0131 ifade etti:<\/p>\n<figure><img decoding=\"async\" src=\"https:\/\/caykaragundem.com\/resimler\/2025-9\/14\/79826662094329.webp\"><\/figure>\n<p>\u201cUzung\u00f6l turizm ile \u00f6n plana \u00e7\u0131k\u0131yor ama art\u0131k bu tarz sportif faaliyetlere de ev sahipli\u011fi yap\u0131yor. Bundan yakla\u015f\u0131k iki ay \u00f6nce de da\u011fc\u0131l\u0131k \u015fenli\u011fi d\u00fczenlenmi\u015fti. \u0130n\u015fallah bu etkinliklerin devam etmesi i\u00e7in elimizden gelen gayreti g\u00f6sterece\u011fiz. Bu yar\u0131\u015fmaya kat\u0131lan t\u00fcm sporcu arkada\u015flar\u0131m\u0131za te\u015fekk\u00fcr ediyorum, \u015f\u00fckranlar\u0131m\u0131 sunuyorum. Maratonun burada icra edilmesinde eme\u011fi ge\u00e7en ba\u015fta Valili\u011fimize, Gen\u00e7lik ve Spor \u0130l M\u00fcd\u00fcrl\u00fc\u011f\u00fcm\u00fcze, Federasyonumuza ve destek veren il\u00e7e belediyelerimize te\u015fekk\u00fcr ediyorum.\u201d<\/p>\n<p>\u00c7aykara Belediye Ba\u015fkan\u0131 Hanefi Tok da organizasyonun \u00f6nemine dikkat \u00e7ekerek \u015f\u00f6yle konu\u015ftu:<\/p>\n<figure><img decoding=\"async\" src=\"https:\/\/caykaragundem.com\/resimler\/2025-9\/14\/568131330629200.webp\"><\/figure>\n<p>\u201cZorlu bir adrenalinin ard\u0131ndan finali yapt\u0131k. Kat\u0131lan t\u00fcm sporcular\u0131m\u0131za il\u00e7emiz ad\u0131na te\u015fekk\u00fcr ediyor, hepsini tebrik ediyorum. 81 ilden gelen sporcular\u0131m\u0131zla adeta bir armoni, bir mozaik olu\u015ftu. Ger\u00e7ekten Uzung\u00f6l\u2019\u00fcm\u00fcz bu anlamda farkl\u0131 sportif organizasyonlar\u0131n odak noktas\u0131 olacak. Ba\u015fta Valili\u011fimiz olmak \u00fczere Gen\u00e7lik ve Spor \u0130l M\u00fcd\u00fcrl\u00fc\u011f\u00fcm\u00fcze, Federasyonumuza, il\u00e7e belediyelerimize ve derneklerimize te\u015fekk\u00fcr ediyorum.\u201d<\/p>\n<p>Trabzon Gen\u00e7lik ve Spor \u0130l M\u00fcd\u00fcr\u00fc Lokman Ar\u0131c\u0131o\u011flu, organizasyonun Trabzon i\u00e7in b\u00fcy\u00fck bir de\u011fer ta\u015f\u0131d\u0131\u011f\u0131n\u0131 belirterek \u015funlar\u0131 s\u00f6yledi:<\/p>\n<figure><img decoding=\"async\" src=\"https:\/\/caykaragundem.com\/resimler\/2025-9\/14\/842291568110787.webp\"><\/figure>\n<p>\u201cDo\u011fas\u0131yla ve tarihiyle \u00fclkemizin en \u00f6zel yerlerinden biri olan Uzung\u00f6l\u2019de b\u00f6yle anlaml\u0131 bir \u015fampiyonaya ev sahipli\u011fi yapmaktan b\u00fcy\u00fck mutluluk duyuyoruz. Trabzonlu Milli Sporcu rahmetli Hasan Terzi\u2019nin ad\u0131n\u0131 ta\u015f\u0131yan bu maraton, sadece bir spor etkinli\u011fi de\u011fil; ayn\u0131 zamanda sporun birle\u015ftirici g\u00fcc\u00fcn\u00fc ortaya koyan \u00f6nemli bir bulu\u015fmad\u0131r. Kat\u0131l\u0131m g\u00f6steren t\u00fcm sporcular\u0131m\u0131za, eme\u011fi ge\u00e7en antren\u00f6rlerimize , organizasyonumuza \u00a0destek veren kurumlar\u0131m\u0131za \u00a0ve derneklerimize te\u015fekk\u00fcr ediyorum.\u201d\u00a0 dedi.<\/p>\n<p>Hasan Terzi Maratonu \u00a0Bisiklet T\u00fcrkiye \u015eampiyonas\u0131\u2019na \u00fclkenin farkl\u0131 illerinden gelen \u00e7ok say\u0131da sporcu kat\u0131ld\u0131. Organizasyon; sporcular, hakemler, federasyon yetkilileri ve sporseverlerin yo\u011fun ilgisiyle ba\u015far\u0131yla tamamland\u0131.<\/p>\n<figure><img decoding=\"async\" src=\"https:\/\/caykaragundem.com\/resimler\/2025-9\/14\/103750470341688.webp\"><\/figure>\n<p>Yar\u0131\u015fma 6 ayr\u0131 kategoride ger\u00e7ekle\u015ftirilirken yar\u0131\u015fma sonunda dereceye giren sporculara kupa \u00f6d\u00fcl ve madalyalar\u0131 \u00c7aykara Kaymakam\u0131 Ali Sapmaz,\u00c7aykara Belediye Ba\u015fkan\u0131 Hanefi Tok ve Trabzon Gen\u00e7lik ve Spor \u0130l M\u00fcd\u00fcr\u00fc Lokman Ar\u0131c\u0131o\u011flu taraf\u0131ndan takdim edildi.<\/p>\n<p>          <\/div>\n","protected":false},"excerpt":{"rendered":"<p>Trabzon Gen\u00e7lik ve Spor \u0130l M\u00fcd\u00fcrl\u00fc\u011f\u00fc, \u00c7aykara Kaymakaml\u0131\u011f\u0131, \u00c7aykara Belediye Ba\u015fkanl\u0131\u011f\u0131 ve T\u00fcrkiye Bisiklet Federasyonu i\u015f birli\u011fiyle d\u00fczenlenen \u201cHasan Terzi Maratonu Bisiklet T\u00fcrkiye \u015eampiyonas\u0131\u201d 14 Eyl\u00fcl 2025 Pazar g\u00fcn\u00fc Trabzon\u2019da ger\u00e7ekle\u015ftirildi. Uzung\u00f6l\u2019\u00fcn e\u015fsiz do\u011fas\u0131 e\u015fli\u011finde ba\u015flayan maraton, b\u00fcy\u00fck \u00e7eki\u015fmeye sahne oldu. Sporcular, hem performanslar\u0131yla hem de centilmence m\u00fccadeleleriyle alk\u0131\u015f toplad\u0131. Yakla\u015f\u0131k \u00fc\u00e7 saat s\u00fcren maratonun [&hellip;]<\/p>\n","protected":false},"author":1,"featured_media":4912,"comment_status":"open","ping_status":"open","sticky":false,"template":"","format":"standard","meta":{"tdm_status":"","tdm_grid_status":"","footnotes":""},"categories":[40],"tags":[],"class_list":{"0":"post-4911","1":"post","2":"type-post","3":"status-publish","4":"format-standard","5":"has-post-thumbnail","7":"category-caykara"},"_links":{"self":[{"href":"https:\/\/zeleka.com\/index.php?rest_route=\/wp\/v2\/posts\/4911","targetHints":{"allow":["GET"]}}],"collection":[{"href":"https:\/\/zeleka.com\/index.php?rest_route=\/wp\/v2\/posts"}],"about":[{"href":"https:\/\/zeleka.com\/index.php?rest_route=\/wp\/v2\/types\/post"}],"author":[{"embeddable":true,"href":"https:\/\/zeleka.com\/index.php?rest_route=\/wp\/v2\/users\/1"}],"replies":[{"embeddable":true,"href":"https:\/\/zeleka.com\/index.php?rest_route=%2Fwp%2Fv2%2Fcomments&post=4911"}],"version-history":[{"count":0,"href":"https:\/\/zeleka.com\/index.php?rest_route=\/wp\/v2\/posts\/4911\/revisions"}],"wp:featuredmedia":[{"embeddable":true,"href":"https:\/\/zeleka.com\/index.php?rest_route=\/wp\/v2\/media\/4912"}],"wp:attachment":[{"href":"https:\/\/zeleka.com\/index.php?rest_route=%2Fwp%2Fv2%2Fmedia&parent=4911"}],"wp:term":[{"taxonomy":"category","embeddable":true,"href":"https:\/\/zeleka.com\/index.php?rest_route=%2Fwp%2Fv2%2Fcategories&post=4911"},{"taxonomy":"post_tag","embeddable":true,"href":"https:\/\/zeleka.com\/index.php?rest_route=%2Fwp%2Fv2%2Ftags&post=4911"}],"curies":[{"name":"wp","href":"https:\/\/api.w.org\/{rel}","templated":true}]}}