{"id":4907,"date":"2025-09-04T03:30:00","date_gmt":"2025-09-04T00:30:00","guid":{"rendered":"https:\/\/zeleka.com\/?p=4907"},"modified":"2025-09-04T03:30:00","modified_gmt":"2025-09-04T00:30:00","slug":"trabzonun-caykara-ilcesinde-demirkapi-mahallesi-yaz-kuran-kursu-acilisi-29-agustos-2025-cumartesi-gunu-gerceklestirildi","status":"publish","type":"post","link":"https:\/\/zeleka.com\/?p=4907","title":{"rendered":"<div id=\"detaymetin\">                            <p>Trabzon\u2019un \u00c7aykara \u0130l\u00e7esinde Demirkap\u0131 Mahallesi Yaz Kur\u2019an Kursu a\u00e7\u0131l\u0131\u015f\u0131 29 A\u011fustos 2025 Cumartesi g\u00fcn\u00fc ger\u00e7ekle\u015ftirildi.\u00a0 \u00a0 \u00a0 \u00a0 \u00a0 \u00a0 \u00a0 \u00a0<\/p><p>\u00a0Demirkap\u0131 mahallesi Yukar\u0131 ma"},"content":{"rendered":"<div id=\"detaymetin\">\n<p>Trabzon\u2019un \u00c7aykara \u0130l\u00e7esinde Demirkap\u0131 Mahallesi Yaz Kur\u2019an Kursu a\u00e7\u0131l\u0131\u015f\u0131 29 A\u011fustos 2025 Cumartesi g\u00fcn\u00fc ger\u00e7ekle\u015ftirildi.\u00a0 \u00a0 \u00a0 \u00a0 \u00a0 \u00a0 \u00a0 \u00a0<\/p>\n<p>\u00a0Demirkap\u0131 mahallesi Yukar\u0131 mahalle caminin yan\u0131nda bulunan 3 katl\u0131 olan ve toplam alan\u0131 550 metrekare olan Kuran Kursunu Mardin-K\u0131z\u0131ltepe il\u00e7esindeki Kuran Kursundan\u00a0 16 ki\u015filik\u00a0haf\u0131z ve Arap\u00e7a e\u011fitimi alm\u0131\u015f\u00a0 \u00a0\u00f6\u011frenci\u00a0 grubu Birinci E\u011fitim Kamp\u0131na kat\u0131ld\u0131.<\/p>\n<figure><img decoding=\"async\" src=\"https:\/\/caykaragundem.com\/resimler\/2025-9\/3\/422601349550036.webp\"><\/figure>\n<p>\u00a0A\u00e7\u0131l\u0131\u015f merasimine \u00c7aykara Kaymakam\u0131 Ali Sapmaz, Trabzon \u0130lahiyat Fak\u00fclresi \u00f6\u011fretim \u00fcyesi( Samsun Eski M\u00fcft\u00fcs\u00fc) Prf Dr\u00a0 Hayrettin \u00d6zt\u00fcrk,\u0130stanbul\u00a0 Fatih Camii Ba\u015f inam Hatibi Metin \u00c7akar,\u00a0 \u0130stanbul \u015ei\u015fli Mecidiyek\u00f6y Camii Ba\u015f imam\u0131\u00a0 Hatibi\u00a0 Ali Derman,, Trabzon Din G\u00f6revlileri Derne\u011fi Ba\u015fkan\u0131 Mehmet Polat, Trabzon Merkez Kuran Kursu M\u00fcd\u00fcr\u00fc \u00d6mer A\u00e7ar, Trabzon Merkez Y\u0131ld\u0131r\u0131mlar camii imam Hatibi Selim Abanoz hoca ve \u00e7ok say\u0131da mahalle halk\u0131 kat\u0131ld\u0131.\u00a0<\/p>\n<figure><img decoding=\"async\" src=\"https:\/\/caykaragundem.com\/resimler\/2025-9\/3\/65527807009605.webp\"><\/figure>\n<p>\u00c7aykara -Demirkap\u0131\u00a0Haf\u0131zlar i\u00e7in yaz yat\u0131l\u0131 Kuran Kursu ve lojmanlar\u0131<\/p>\n<p>Cami \u00f6l\u00fcndeki \u015fad\u0131rvanlar yeniden yap\u0131ld\u0131. Bay-bayan wc ve \u015fad\u0131rvanlar yeniden yap\u0131ld\u0131.Minare boyat\u0131ld\u0131. 2 lojman i\u00e7i yap\u0131ld\u0131. T\u00fcm hal\u0131lar yeni al\u0131nd\u0131. Cami arkas\u0131na bir odunluk yap\u0131ld\u0131. Jenerat\u00f6r, klima ve Tv al\u0131nd\u0131. Kitapl\u0131k-k\u00fct\u00fcphane\u00a0 yap\u0131ld\u0131.Ayr\u0131ca cami alt\u0131ndaki odaya\u00a0 misafir i\u00e7in 2 adet yeni yatakl\u0131 kanepe konuldu.<\/p>\n<figure><img decoding=\"async\" src=\"https:\/\/caykaragundem.com\/resimler\/2025-9\/3\/8858301822657.webp\"><\/figure>\n<p>Bina i\u00e7inde camii imam hatibi\u00a0 lojman\u0131 d\u0131\u015f\u0131nda\u00a0 misafir hoca lojman\u0131, 2 \u00f6\u011frenci yatakhanesi, 3 dershane, 40 ki\u015filik yemekhane a\u015f\u00e7\u0131 odas\u0131, kiler,\u00a0 mutfak, cemaat oturma yeri, Kitapl\u0131k, , 3\u00a0 ad ayr\u0131 ayr\u0131 misafir yeri bay ve bayan wc ve \u015fad\u0131rvanlar yap\u0131ld\u0131.<\/p>\n<p>Lojman ve dershaneler baza yerle\u015ftirilerek \u00f6\u011frenciler i\u00e7in rahat bir e\u011fitim ortam\u0131 olu\u015fturuldu.<\/p>\n<figure><img decoding=\"async\" src=\"https:\/\/caykaragundem.com\/resimler\/2025-9\/3\/496931119821035.webp\"><\/figure>\n<p>\u00a0Binan\u0131n\u00a0 yang\u0131n alarm sistemi, yedek\u00a0 su deposu, klimas\u0131,jenerat\u00f6t\u00fcr\u00fc de bulunmaktad\u0131r. Toplam 25 yatak kapasiteli\u00a0 yaz yat\u0131l\u0131 Kuran Kursunda yaz d\u00f6neminde Diyanet \u0130\u015flerine ba\u011fl\u0131 Kuran Kurslar\u0131nda okuyup haf\u0131z olan \u00f6\u011frenciler hocalar\u0131 ile birlikte gelip, d\u00f6nem d\u00f6nem\u00a0 kalabilecek ve haf\u0131zl\u0131klar\u0131n\u0131 geli\u015ftirecekler.<\/p>\n<p>Mardin K\u0131z\u0131ltepe Kuran Kursu hocalar\u0131ndan Kas\u0131m \u00d6zg\u00fc\u00e7 hocan\u0131n ba\u015f\u0131nda oldu\u011fu haf\u0131z \u00f6\u011frenci grubu Demirkap\u0131 Kuran Kursunda kald\u0131klar\u0131 s\u00fcrece Kuran E\u011fitimi yan\u0131 s\u0131ra Hatimler yapt\u0131lar. Kuran Kursuna yard\u0131m edenlerin ge\u00e7mi\u015flerinin ruhu i\u00e7in\u00a0 Camide 2 kez Kur&#8217;an\u0131 Kerim ve Mevlidi \u015eerif okudular.<\/p>\n<p>          <\/div>\n","protected":false},"excerpt":{"rendered":"<p>Trabzon\u2019un \u00c7aykara \u0130l\u00e7esinde Demirkap\u0131 Mahallesi Yaz Kur\u2019an Kursu a\u00e7\u0131l\u0131\u015f\u0131 29 A\u011fustos 2025 Cumartesi g\u00fcn\u00fc ger\u00e7ekle\u015ftirildi.\u00a0 \u00a0 \u00a0 \u00a0 \u00a0 \u00a0 \u00a0 \u00a0 \u00a0Demirkap\u0131 mahallesi Yukar\u0131 mahalle caminin yan\u0131nda bulunan 3 katl\u0131 olan ve toplam alan\u0131 550 metrekare olan Kuran Kursunu Mardin-K\u0131z\u0131ltepe il\u00e7esindeki Kuran Kursundan\u00a0 16 ki\u015filik\u00a0haf\u0131z ve Arap\u00e7a e\u011fitimi alm\u0131\u015f\u00a0 \u00a0\u00f6\u011frenci\u00a0 grubu Birinci E\u011fitim Kamp\u0131na [&hellip;]<\/p>\n","protected":false},"author":1,"featured_media":4908,"comment_status":"open","ping_status":"open","sticky":false,"template":"","format":"standard","meta":{"tdm_status":"","tdm_grid_status":"","footnotes":""},"categories":[40],"tags":[],"class_list":{"0":"post-4907","1":"post","2":"type-post","3":"status-publish","4":"format-standard","5":"has-post-thumbnail","7":"category-caykara"},"_links":{"self":[{"href":"https:\/\/zeleka.com\/index.php?rest_route=\/wp\/v2\/posts\/4907","targetHints":{"allow":["GET"]}}],"collection":[{"href":"https:\/\/zeleka.com\/index.php?rest_route=\/wp\/v2\/posts"}],"about":[{"href":"https:\/\/zeleka.com\/index.php?rest_route=\/wp\/v2\/types\/post"}],"author":[{"embeddable":true,"href":"https:\/\/zeleka.com\/index.php?rest_route=\/wp\/v2\/users\/1"}],"replies":[{"embeddable":true,"href":"https:\/\/zeleka.com\/index.php?rest_route=%2Fwp%2Fv2%2Fcomments&post=4907"}],"version-history":[{"count":0,"href":"https:\/\/zeleka.com\/index.php?rest_route=\/wp\/v2\/posts\/4907\/revisions"}],"wp:featuredmedia":[{"embeddable":true,"href":"https:\/\/zeleka.com\/index.php?rest_route=\/wp\/v2\/media\/4908"}],"wp:attachment":[{"href":"https:\/\/zeleka.com\/index.php?rest_route=%2Fwp%2Fv2%2Fmedia&parent=4907"}],"wp:term":[{"taxonomy":"category","embeddable":true,"href":"https:\/\/zeleka.com\/index.php?rest_route=%2Fwp%2Fv2%2Fcategories&post=4907"},{"taxonomy":"post_tag","embeddable":true,"href":"https:\/\/zeleka.com\/index.php?rest_route=%2Fwp%2Fv2%2Ftags&post=4907"}],"curies":[{"name":"wp","href":"https:\/\/api.w.org\/{rel}","templated":true}]}}