{"id":4905,"date":"2025-09-04T03:30:01","date_gmt":"2025-09-04T00:30:01","guid":{"rendered":"https:\/\/zeleka.com\/?p=4905"},"modified":"2025-09-04T03:30:01","modified_gmt":"2025-09-04T00:30:01","slug":"4905","status":"publish","type":"post","link":"https:\/\/zeleka.com\/?p=4905","title":{"rendered":""},"content":{"rendered":"<div id=\"detaymetin\">\n<p><span>Trabzon B\u00fcy\u00fck\u015fehir Belediyesi Emekli Kamu \u0130\u00e7 Deneticisi Osman Abanoz taraf\u0131ndan kaleme al\u0131nan \u00c7aykara K\u0131rjklar Mescidi isimli yaz\u0131y\u0131 sizlerle payla\u015f\u0131yoruz.<\/span><\/p>\n<p><span>Demirkap\u0131(Haldizen) mahallesi \u00a0kadastro s\u0131n\u0131rlar\u0131 i\u00e7inde bulunan K\u0131rklar mescidi ( Ziyaret tepe) halk taraf\u0131ndan K\u0131rklar camii veya Karakaya tepesi olarak ifade edilir. Bayburt \u0130line ba\u011fl\u0131 Ardu\u00e7g\u00f6ze k\u00f6y\u00fcn\u00fcn en \u00fcst tepesinde ve Demirkap\u0131 mahallesi \u00a0s\u0131n\u0131rlar\u0131 ile birle\u015fti\u011fi en y\u00fcksek tepe olan ve deniz seviyesinden \u00a0 3.200 y\u00fckselikte bir \u00a0noktadad\u0131r. Eski y\u0131llarda \u00f6zellikle Temmuz-A\u011fustos aylar\u0131nda Cuma g\u00fcnleri Demirkap\u0131(Hadizen) k\u00f6y\u00fc \u00e7evresindeki Arpa\u00f6z\u00fc, \u00c7ay\u0131roba, ,\u015eekersu ,Ball\u0131k\u00f6y, ve multat yaylas\u0131ndan \u00a0ayr\u0131ca So\u011fanl\u0131 da\u011f\u0131 arkas\u0131ndaki Bayburt iline bal\u0131 \u00a0\u00dczengili k\u00f6y\u00fc, Armutlu k\u00f6y\u00fc, Ko\u00e7b\u0131y\u0131k k\u00f6y\u00fc, Sar\u0131me\u015fe k\u00f6y\u00fc , Ardu\u00e7g\u00f6ze k\u00f6y\u00fcnden grup grup vatanda\u015flar bazen atlarla bazen de yaya olarak \u00a0bahsi ge\u00e7en K\u0131rklar mescidine gelir namaz k\u0131lar, dualar ederlerdi. \u0130klim durumuna g\u00f6re baz\u0131lar\u0131 da \u00a0 sabaha kadar bu tepede kal\u0131rlard\u0131. Psikolojik rahats\u0131zl\u0131\u011f\u0131 olan insanlarda &#8220;maraz&#8221; rahats\u0131zl\u0131\u011f\u0131 varl\u0131\u011f\u0131 d\u00fc\u015f\u00fcn\u00fclerek burada dua edilmesi halinde bu hastal\u0131\u011fa iyi gelece\u011fi ve \u00e7are olaca\u011f\u0131 farzedilirdi.Uzun s\u00fcre evli olup \u00e7ocu\u011fu olmayan bayanlar ziyaret tepeye gider bir an \u00f6nce \u00e7ocuklar\u0131n\u0131n olmas\u0131 i\u00e7in dua ederlerdi.<\/span><\/p>\n<figure><img decoding=\"async\" src=\"https:\/\/caykaragundem.com\/resimler\/2025-9\/3\/467372127748731.webp\"><\/figure>\n<p><span>Birka\u00e7 y\u0131l \u00f6nce Uzung\u00f6l mahallesinden \u00a0emekli imam olan Ya\u015far Sezgin \u00a0hoca ve bir grup hay\u0131rsever ile masraflar\u0131 \u00fcstlenilerek \u00a0\u015eekersu yaylas\u0131ndan \u00a0bu mescide stabilize yol yapm\u0131\u015f \u00c7aykara Belediyesi de yolda iyile\u015ftirme \u00e7al\u0131\u015fmas\u0131 yapm\u0131\u015ft\u0131r. \u00a0Do\u011fal ta\u015ftan etraf\u0131 \u00e7evrili ve \u00fcst\u00fc a\u00e7\u0131k olan bu yere ah\u015faptan mescit yap\u0131lm\u0131\u015ft\u0131r. Yan taraf\u0131ndan da gelip gidenlerin yiyip i\u00e7meleri i\u00e7in bir mutfak ve k\u00fc\u00e7\u00fck bir konaklama yeri de yap\u0131lm\u0131\u015ft\u0131r. Yol yap\u0131ld\u0131ktan sonra \u00a0gerek Bayburt ilinden gerekse \u00c7aykara il\u00e7esinin \u00a0Uzung\u00f6l, Ta\u015fk\u0131ran, \u00c7amba\u015f\u0131, Ta\u015fl\u0131gedik mahalle sakinlerinin \u00f6zellikle cuma g\u00fcnlerinde ziyaret\u00e7i say\u0131s\u0131n\u0131n \u00e7o\u011fald\u0131\u011f\u0131n\u0131 g\u00f6zlemekteyiz. Son y\u0131llarda Uzung\u00f6l ve \u00e7evresinde artan turizm hareketli\u011fi buraya da yans\u0131m\u0131\u015f oldu\u011funu ve daha \u00e7ok tan\u0131t\u0131lmas\u0131 halinde inan\u00e7 turizmine daha fazla katk\u0131 yapaca\u011f\u0131 muhakkakt\u0131r.<\/span><\/p>\n<p><span>K\u0131rklar mescidinin halk taraf\u0131ndan kulaktan kula\u011fa s\u00f6ylenen ve s\u00f6zl\u00fc k\u00fclt\u00fcrdeki bilinen hikayesi \u015f\u00f6yledir; K\u0131rk ki\u015fiden olu\u015fan Erenlerin( Ermi\u015fin)<\/span><br \/><span>\u00a0burada gelip uzun s\u00fcre kald\u0131\u011f\u0131, b\u00f6lgenin en y\u00fcksek tepesi olan bu yerde \u00a0yabani hayvanlardan kendilerini \u00a0korunmak amac\u0131 ile \u00a0koruma duvar\u0131 yaparak bir s\u00fcre burada \u00a0kal\u0131p ibadet yapt\u0131klar\u0131 ve onlar\u0131 g\u00f6ren \u00e7evre k\u00f6y ve yaylalardaki \u00a0halk ile toplu ibadet ve dua ettikleri ifade edilir.<\/span><\/p>\n<figure><img decoding=\"async\" src=\"https:\/\/caykaragundem.com\/resimler\/2025-9\/3\/578552088278742.webp\"><\/figure>\n<p><span>Yap\u0131lan bu mescide Demirkap\u0131 mahalle muhtarl\u0131\u011f\u0131 ad\u0131na berat belgesi de al\u0131nm\u0131\u015ft\u0131r.(E k: 1) \u00a0 \u00a030.08.2025 \u00a0 \u00a0 \u00a0 \u00a0 \u00a0 \u00a0 \u00a0 \u00a0 \u00a0 \u00a0 \u00a0 \u00a0Osman Abanoz -Trabzon \u00a0B\u00fcy\u00fck\u015fehir Belediyesi \u00a0Emekli Kamu \u0130\u00e7 Denet\u00e7isi ( Demirkap\u0131 mahalle sakini)<\/span><\/p>\n<p>          <\/div>\n","protected":false},"excerpt":{"rendered":"<p>Trabzon B\u00fcy\u00fck\u015fehir Belediyesi Emekli Kamu \u0130\u00e7 Deneticisi Osman Abanoz taraf\u0131ndan kaleme al\u0131nan \u00c7aykara K\u0131rjklar Mescidi isimli yaz\u0131y\u0131 sizlerle payla\u015f\u0131yoruz. Demirkap\u0131(Haldizen) mahallesi \u00a0kadastro s\u0131n\u0131rlar\u0131 i\u00e7inde bulunan K\u0131rklar mescidi ( Ziyaret tepe) halk taraf\u0131ndan K\u0131rklar camii veya Karakaya tepesi olarak ifade edilir. Bayburt \u0130line ba\u011fl\u0131 Ardu\u00e7g\u00f6ze k\u00f6y\u00fcn\u00fcn en \u00fcst tepesinde ve Demirkap\u0131 mahallesi \u00a0s\u0131n\u0131rlar\u0131 ile birle\u015fti\u011fi en [&hellip;]<\/p>\n","protected":false},"author":1,"featured_media":4906,"comment_status":"open","ping_status":"open","sticky":false,"template":"","format":"standard","meta":{"tdm_status":"","tdm_grid_status":"","footnotes":""},"categories":[40],"tags":[],"class_list":{"0":"post-4905","1":"post","2":"type-post","3":"status-publish","4":"format-standard","5":"has-post-thumbnail","7":"category-caykara"},"_links":{"self":[{"href":"https:\/\/zeleka.com\/index.php?rest_route=\/wp\/v2\/posts\/4905","targetHints":{"allow":["GET"]}}],"collection":[{"href":"https:\/\/zeleka.com\/index.php?rest_route=\/wp\/v2\/posts"}],"about":[{"href":"https:\/\/zeleka.com\/index.php?rest_route=\/wp\/v2\/types\/post"}],"author":[{"embeddable":true,"href":"https:\/\/zeleka.com\/index.php?rest_route=\/wp\/v2\/users\/1"}],"replies":[{"embeddable":true,"href":"https:\/\/zeleka.com\/index.php?rest_route=%2Fwp%2Fv2%2Fcomments&post=4905"}],"version-history":[{"count":0,"href":"https:\/\/zeleka.com\/index.php?rest_route=\/wp\/v2\/posts\/4905\/revisions"}],"wp:featuredmedia":[{"embeddable":true,"href":"https:\/\/zeleka.com\/index.php?rest_route=\/wp\/v2\/media\/4906"}],"wp:attachment":[{"href":"https:\/\/zeleka.com\/index.php?rest_route=%2Fwp%2Fv2%2Fmedia&parent=4905"}],"wp:term":[{"taxonomy":"category","embeddable":true,"href":"https:\/\/zeleka.com\/index.php?rest_route=%2Fwp%2Fv2%2Fcategories&post=4905"},{"taxonomy":"post_tag","embeddable":true,"href":"https:\/\/zeleka.com\/index.php?rest_route=%2Fwp%2Fv2%2Ftags&post=4905"}],"curies":[{"name":"wp","href":"https:\/\/api.w.org\/{rel}","templated":true}]}}