{"id":4903,"date":"2025-09-02T13:26:36","date_gmt":"2025-09-02T10:26:36","guid":{"rendered":"https:\/\/zeleka.com\/?p=4903"},"modified":"2025-09-02T13:26:36","modified_gmt":"2025-09-02T10:26:36","slug":"yaylamizin-tarihi-2-25","status":"publish","type":"post","link":"https:\/\/zeleka.com\/?p=4903","title":{"rendered":"YAYLAMIZIN TAR\u0130H\u0130 2 (25)"},"content":{"rendered":"<p><strong>YAYLAMIZIN TAR\u0130H\u0130 2<\/strong><\/p>\n<p><strong>\u00a0<\/strong><\/p>\n<p>Yaylalar\u0131m\u0131z\u0131n tarihinin \u00e7ok yeni oldu\u011funu, Fetih (M.S.1461)\u2019den sonra kurulduklar\u0131n\u0131, \u00e7evremizde; \u00f6nce Dumanl\u0131 (Evo\u015fk\u00e2), sonra Yeditepe (\u00c7ahmut),daha sonra da Bayrakl\u0131 (Mahakambos), \u00c7ukur\u00e7ay\u0131r (Tufa), en sonra da Kurtda\u011f\u0131 (E\u011fridere \u00c7ahmutu) yaylalar\u0131n\u0131n kuruldu\u011funu; Kurtda\u011f\u0131 Yaylas\u0131\u2019n\u0131n \u00e7ok yeni oldu\u011funu ve 75 y\u0131l \u00f6nce kuruldu\u011funu belirtmi\u015ftik. Canl\u0131 kaynaklarla sabit olan bu tarih, daha sonra irdelemeye \u00e7al\u0131\u015faca\u011f\u0131m\u0131z \u00e7evremizin ge\u00e7mi\u015fine, ge\u00e7irdi\u011fi de\u011fi\u015fime, k\u00fclt\u00fcr\u00fcm\u00fcz\u00fcn k\u00f6kenlerine ve y\u00f6remizde rastlanan Arkaik L\u00e2tin ve Grek dillerinin kelime a\u011f\u0131rl\u0131kl\u0131 kal\u0131nt\u0131lar\u0131na \u0131\u015f\u0131k tutmas\u0131 bak\u0131m\u0131ndan \u00e7ok \u00f6nemlidir.<\/p>\n<p>&nbsp;<\/p>\n<p>Bu yaz\u0131m\u0131zda konunun bu y\u00f6n\u00fcnden ziyade, Bayrakl\u0131 Yaylam\u0131z\u0131n kendi i\u00e7inde ge\u00e7irdi\u011fi tarihi de\u011fi\u015fim ve geli\u015fim \u00fczerinde durmaya \u00e7al\u0131\u015faca\u011f\u0131z. \u00d6zellikle m\u00fclkiyetin evrimini, el de\u011fi\u015ftirmesini belirterek tarihe not d\u00fc\u015fmeye \u00e7al\u0131\u015faca\u011f\u0131z.<\/p>\n<p>&nbsp;<\/p>\n<p>Bayrakl\u0131 Yaylam\u0131z da kendisinden \u00f6nce kurulan Dumanl\u0131 ve Yeditepe Yaylalar\u0131 gibi karma bir \u015fekilde kurulmu\u015f, daha sonra ise Dumanl\u0131 Yaylas\u0131ndakilerle Bayrakl\u0131 Yaylas\u0131ndakiler aras\u0131nda adeta trampa (de\u011fi\u015ftirme) yap\u0131lmas\u0131 suretiyle bug\u00fcnk\u00fc hallerini alm\u0131\u015flard\u0131r.<\/p>\n<p>&nbsp;<\/p>\n<p>Bu durumu yaylam\u0131z\u0131n evlerini tek tek ele alarak \u015f\u00f6yle belirtebiliriz:<\/p>\n<p>&nbsp;<\/p>\n<p><u>NO<\/u>\u00a0 <u>\u015e\u0130MD\u0130K\u0130 SAH\u0130B\u0130<\/u>\u00a0\u00a0\u00a0\u00a0\u00a0\u00a0\u00a0\u00a0\u00a0\u00a0\u00a0\u00a0\u00a0\u00a0\u00a0\u00a0\u00a0\u00a0\u00a0\u00a0 <u>\u00d6NCEK\u0130 SAH\u0130B\u0130-SAH\u0130PLER\u0130<\/u><\/p>\n<p>01\u00a0\u00a0 Fatma Aky\u00fcz (Keskin)\u00a0\u00a0\u00a0\u00a0\u00a0\u00a0\u00a0\u00a0\u00a0\u00a0 Mando\u011flar\u0131ndan miras olarak Yusuf Aky\u00fcz\u2019\u00fcn annesine ge\u00e7mi\u015ftir.<\/p>\n<p>02\u00a0\u00a0 Yusuf Aky\u00fcz\u00a0\u00a0\u00a0\u00a0\u00a0\u00a0\u00a0\u00a0\u00a0\u00a0\u00a0\u00a0\u00a0\u00a0\u00a0\u00a0\u00a0\u00a0\u00a0\u00a0\u00a0\u00a0\u00a0\u00a0\u00a0 Bu hane ba\u015f\u0131ndan itibaren Aky\u00fcz (\u015eerifo\u011fullar\u0131) Ailesi\u2019ne aittir.<\/p>\n<p>03\u00a0\u00a0 Bahad\u0131r Aky\u00fcz\u00a0\u00a0\u00a0\u00a0\u00a0\u00a0\u00a0\u00a0\u00a0\u00a0\u00a0\u00a0\u00a0\u00a0\u00a0\u00a0\u00a0\u00a0\u00a0\u00a0\u00a0 Bu hane de di\u011ferine biti\u015fik olarak kurulu\u015ftan beri Aky\u00fczlerindir.<\/p>\n<p>04\u00a0\u00a0 Gavu\u015fo\u011fullar\u0131\u00a0\u00a0\u00a0\u00a0\u00a0\u00a0\u00a0\u00a0\u00a0\u00a0\u00a0\u00a0\u00a0\u00a0\u00a0\u00a0\u00a0\u00a0\u00a0\u00a0\u00a0\u00a0 Mehmet ve \u0130smail Arslant\u00fcrklerin eski yaylalar\u0131 da el de\u011fi\u015ftirmemi\u015ftir. Ba\u015f\u0131ndan beri Gavu\u015fo\u011fullar\u0131na aittir.<\/p>\n<p>05\u00a0\u00a0 Alay Arslant\u00fcrk\u00a0\u00a0\u00a0\u00a0\u00a0\u00a0\u00a0\u00a0\u00a0\u00a0\u00a0\u00a0\u00a0\u00a0\u00a0\u00a0\u00a0\u00a0\u00a0\u00a0 Di\u015flio\u011fullar\u0131ndan Fadimeden Arslant\u00fcrklere ge\u00e7mi\u015ftir.<\/p>\n<p>06\u00a0\u00a0 Emrullah\u00a0\u00a0\u00a0\u00a0\u00a0\u00a0\u00a0\u00a0\u00a0\u00a0\u00a0\u00a0\u00a0\u00a0\u00a0\u00a0\u00a0\u00a0\u00a0\u00a0\u00a0\u00a0\u00a0\u00a0\u00a0\u00a0\u00a0\u00a0\u00a0 Bilindi\u011fi kadar\u0131yla Emrullah Mehmet Atalay\u2019\u0131n m\u00fclk\u00fc de el de\u011fi\u015ftirmemi\u015ftir.<\/p>\n<p>07\u00a0\u00a0 Ahmet Aky\u00fcz\u00a0\u00a0\u00a0\u00a0\u00a0\u00a0\u00a0\u00a0\u00a0\u00a0\u00a0\u00a0\u00a0\u00a0\u00a0\u00a0\u00a0\u00a0\u00a0\u00a0\u00a0\u00a0\u00a0 Buras\u0131 di\u011fer arazilerine biti\u015fik olarak ba\u015f\u0131ndan beri Aky\u00fczlerindir.<\/p>\n<p>08\u00a0\u00a0 Bekir Y\u0131lmaz\u00a0\u00a0\u00a0\u00a0\u00a0\u00a0\u00a0\u00a0\u00a0\u00a0\u00a0\u00a0\u00a0\u00a0\u00a0\u00a0\u00a0\u00a0\u00a0\u00a0\u00a0\u00a0\u00a0\u00a0 Telli Arif\u2019in k\u0131z\u0131 e\u015finden, miras yolu ile Aziz Y\u0131lmaz (Yunus)\u2019a ge\u00e7mi\u015ftir.<\/p>\n<p>09\u00a0\u00a0 Talip Ayd\u0131n\u00a0\u00a0\u00a0\u00a0\u00a0\u00a0\u00a0\u00a0\u00a0\u00a0\u00a0\u00a0\u00a0\u00a0\u00a0\u00a0\u00a0\u00a0\u00a0\u00a0\u00a0\u00a0\u00a0\u00a0\u00a0\u00a0 Kurulu\u015fta Kofalilar\u0131n iken 1960 l\u0131 y\u0131llarda Talip Ayd\u0131n taraf\u0131ndan sat\u0131n al\u0131nm\u0131\u015ft\u0131r.<\/p>\n<p>10\u00a0\u00a0 Ali Ayd\u0131n (Haf\u0131z O\u011flu)\u00a0\u00a0\u00a0\u00a0\u00a0\u00a0\u00a0\u00a0\u00a0\u00a0 Keski S\u00fcleyman\u2019dan sat\u0131\u015f yolu ile Talip Ayd\u0131n ge\u00e7mi\u015ftir.<\/p>\n<p>11\u00a0\u00a0 Mustafa Arslant\u00fcrk\u00a0\u00a0\u00a0\u00a0\u00a0\u00a0\u00a0\u00a0\u00a0\u00a0\u00a0\u00a0\u00a0 Cincilerden Keskilere ge\u00e7mi\u015ftir.<\/p>\n<p>12\u00a0\u00a0 Mustafa Keski\u00a0\u00a0\u00a0\u00a0\u00a0\u00a0\u00a0\u00a0\u00a0\u00a0\u00a0\u00a0\u00a0\u00a0\u00a0\u00a0\u00a0\u00a0\u00a0\u00a0\u00a0\u00a0 Cincilerden Keskilere onlardan miras yolu ile Zekeriya O\u011flu Mehmet Taka\u2019ya\u00a0\u00a0\u00a0\u00a0\u00a0\u00a0\u00a0\u00a0 O\u2019ndan da\u00a0\u00a0\u00a0\u00a0\u00a0\u00a0 sat\u0131\u015fla tekrar Mustafa Keski\u2019ye ge\u00e7mi\u015ftir.<\/p>\n<p>13\u00a0\u00a0 Mehmet Tuncer\u00a0\u00a0\u00a0\u00a0\u00a0\u00a0\u00a0\u00a0\u00a0\u00a0\u00a0\u00a0\u00a0\u00a0\u00a0\u00a0\u00a0\u00a0 Kay\u0131npederi Mustafa Keskinin yerinde ev yapm\u0131\u015ft\u0131r.<\/p>\n<p>14\u00a0\u00a0 S\u00fcleyman Keski\u00a0\u00a0\u00a0\u00a0\u00a0\u00a0\u00a0\u00a0\u00a0\u00a0\u00a0\u00a0\u00a0\u00a0\u00a0\u00a0\u00a0\u00a0\u00a0 Telli \u0130brahim\u2019den Keskilere ge\u00e7mi\u015ftir.<\/p>\n<p>15\u00a0\u00a0 Abidin Ba\u015ft\u00fcrk\u00a0\u00a0\u00a0\u00a0\u00a0\u00a0\u00a0\u00a0\u00a0\u00a0\u00a0\u00a0\u00a0\u00a0\u00a0\u00a0\u00a0\u00a0\u00a0\u00a0\u00a0 K\u0131b\u0131l\u0131ko\u011flu Kamile G\u00fcrsoy\u2019dan sat\u0131n al\u0131nm\u0131\u015ft\u0131r.<\/p>\n<p>15\u00a0\u00a0 Mustafa G\u00fcrsoy\u00a0\u00a0\u00a0\u00a0\u00a0\u00a0\u00a0\u00a0\u00a0\u00a0\u00a0\u00a0\u00a0\u00a0\u00a0\u00a0\u00a0\u00a0\u00a0 Yaylan\u0131n kurulu\u015fundan beri G\u00fcrsoylara aittir.<\/p>\n<p>16\u00a0\u00a0 Ahmet Ba\u015fo\u011flu\u00a0\u00a0\u00a0\u00a0\u00a0\u00a0\u00a0\u00a0\u00a0\u00a0\u00a0\u00a0\u00a0\u00a0\u00a0\u00a0\u00a0\u00a0\u00a0\u00a0 Kayran K\u00f6y\u00fcnden Mollar\u2019dan sat\u0131nal\u0131nm\u0131\u015ft\u0131r.<\/p>\n<p>17\u00a0\u00a0 Mehmet Ba\u015fo\u011flu\u00a0\u00a0\u00a0\u00a0\u00a0\u00a0\u00a0\u00a0\u00a0\u00a0\u00a0\u00a0\u00a0\u00a0\u00a0\u00a0 Yaylan\u0131n kurulr\u015fundan itibaren kendilerinin (Mollaismaillerin) d\u0131r.<\/p>\n<p>18\u00a0\u00a0 \u0130hsan Ba\u015fo\u011flu\u00a0\u00a0\u00a0\u00a0\u00a0\u00a0\u00a0\u00a0\u00a0\u00a0\u00a0\u00a0\u00a0\u00a0\u00a0\u00a0\u00a0\u00a0\u00a0\u00a0\u00a0\u00a0 Buras\u0131 da s\u00fcrekli Ba\u015fo\u011fullar\u0131n\u0131n (Mollaismailo\u011fullar\u0131n\u0131n) d\u0131r.<\/p>\n<p>19\u00a0\u00a0 Yakup Takao\u011flu\u00a0\u00a0\u00a0\u00a0\u00a0\u00a0\u00a0\u00a0\u00a0\u00a0\u00a0\u00a0\u00a0\u00a0\u00a0\u00a0\u00a0\u00a0\u00a0 Dede mal\u0131d\u0131r, el de\u011fi\u015ftirmemi\u015ftir.<\/p>\n<p>20\u00a0\u00a0 S\u00fcleyman Taka\u00a0\u00a0\u00a0\u00a0\u00a0\u00a0\u00a0\u00a0\u00a0\u00a0\u00a0\u00a0\u00a0\u00a0\u00a0\u00a0\u00a0\u00a0\u00a0\u00a0 Dede mal\u0131d\u0131r, el de\u011fi\u015ftirmemi\u015ftir.<\/p>\n<p>21\u00a0\u00a0 \u00c7ifo\u011fullar\u0131\u00a0\u00a0\u00a0\u00a0\u00a0\u00a0\u00a0\u00a0\u00a0\u00a0\u00a0\u00a0\u00a0\u00a0\u00a0\u00a0\u00a0\u00a0\u00a0\u00a0\u00a0\u00a0\u00a0\u00a0\u00a0\u00a0\u00a0 Dede mal\u0131d\u0131r.<\/p>\n<p>22\u00a0\u00a0 K\u00e2mil \u00c7ift\u00e7iler\u00a0\u00a0\u00a0\u00a0\u00a0\u00a0\u00a0\u00a0\u00a0\u00a0\u00a0\u00a0\u00a0\u00a0\u00a0\u00a0\u00a0\u00a0\u00a0\u00a0\u00a0 Anne taraf\u0131ndan (Dehasano\u011flu) K\u00e2mil ve karde\u015flerinin dede mal\u0131d\u0131r.<\/p>\n<p>23\u00a0\u00a0 Rendeciler\u00a0\u00a0\u00a0\u00a0\u00a0\u00a0\u00a0\u00a0\u00a0\u00a0\u00a0\u00a0\u00a0\u00a0\u00a0\u00a0\u00a0\u00a0\u00a0\u00a0\u00a0\u00a0\u00a0\u00a0\u00a0\u00a0\u00a0 Dede mal\u0131d\u0131r.<\/p>\n<p>24.Hasan Kaba\u00a0\u00a0\u00a0\u00a0\u00a0\u00a0\u00a0\u00a0\u00a0\u00a0\u00a0\u00a0\u00a0\u00a0\u00a0\u00a0\u00a0\u00a0\u00a0\u00a0\u00a0\u00a0\u00a0\u00a0\u00a0\u00a0\u00a0 Cevahiro\u011fullar\u0131ndan Bunburan\u0131n iken miras yolu ile Hasan Kaba\u2019n\u0131n babas\u0131na ge\u00e7mi\u015ftir.<\/p>\n<p>25\u00a0\u00a0 H\u00fcseyin Taka\u00a0\u00a0\u00a0\u00a0\u00a0\u00a0\u00a0\u00a0\u00a0\u00a0\u00a0\u00a0\u00a0\u00a0\u00a0\u00a0\u00a0\u00a0\u00a0\u00a0\u00a0\u00a0 Kayran K\u00f6y\u00fcnden G\u00fcrsoy (K\u0131b\u0131l\u0131k) lardan sat\u0131nal\u0131nm\u0131\u015ft\u0131r.<\/p>\n<p>26\u00a0\u00a0 Karahasanlar\u00a0\u00a0\u00a0\u00a0\u00a0\u00a0\u00a0\u00a0\u00a0\u00a0\u00a0\u00a0\u00a0\u00a0\u00a0\u00a0\u00a0\u00a0\u00a0\u00a0\u00a0\u00a0\u00a0 Dede mal\u0131d\u0131r.<\/p>\n<p>27\u00a0\u00a0 \u0130smail Rendeci\u00a0\u00a0\u00a0\u00a0\u00a0\u00a0\u00a0\u00a0\u00a0\u00a0\u00a0\u00a0\u00a0\u00a0\u00a0\u00a0\u00a0\u00a0\u00a0\u00a0\u00a0 Dede mal\u0131d\u0131r.<\/p>\n<p>28\u00a0\u00a0 \u0130brahim Arslant\u00fcrk\u00a0\u00a0\u00a0\u00a0\u00a0\u00a0\u00a0\u00a0\u00a0\u00a0\u00a0\u00a0\u00a0\u00a0 Dede mal\u0131d\u0131r.<\/p>\n<p>29\u00a0\u00a0 S\u00fcleyman \u00d6merefendio\u011flu\u00a0 Sait K\u0131l\u0131\u00e7o\u011flu (Saat Kofali)\u2019 den miras yolu ile Hasan Arslant\u00fcrk\u2019e O\u2019ndan sat\u0131\u015f yolu ile Ali Ayd\u0131n (Temellio\u011flu)\u2019a O\u2019ndan da S\u00fcleyman \u00d6merefendio\u011flu (\u00c7eyrek)\u2019 e ge\u00e7m\u0131\u015ft\u0131r.<\/p>\n<p>30\u00a0\u00a0 Bil\u00e2l Ayd\u0131n\u00a0\u00a0\u00a0\u00a0\u00a0\u00a0\u00a0\u00a0\u00a0\u00a0\u00a0\u00a0\u00a0\u00a0\u00a0\u00a0\u00a0\u00a0\u00a0\u00a0\u00a0\u00a0\u00a0\u00a0\u00a0\u00a0\u00a0 Sat\u0131\u015f yolu ile, Dursun Ali Arslant\u00fck\u2019ten (Hemide Osman O\u011flu) Ya\u015far Ayd\u0131n\u2019a O\u2019ndan da Bil\u00e2l Ayd\u0131n\u2019a ge\u00e7mi\u015ftir.<\/p>\n<p>31\u00a0\u00a0 Osman Arslant\u00fcrk\u00a0\u00a0\u00a0\u00a0\u00a0\u00a0\u00a0\u00a0\u00a0\u00a0\u00a0\u00a0\u00a0\u00a0\u00a0 Kayran K\u00f6y\u00fcnden Hac\u0131 Ali O\u011flu Hamit Akdo\u011fan\u2019dan sat\u0131nal\u0131nm\u0131\u015ft\u0131r.<\/p>\n<p>32\u00a0\u00a0 Kemal Taka\u00a0\u00a0\u00a0\u00a0\u00a0\u00a0\u00a0\u00a0\u00a0\u00a0\u00a0\u00a0\u00a0\u00a0\u00a0\u00a0\u00a0\u00a0\u00a0\u00a0\u00a0\u00a0\u00a0\u00a0\u00a0 Arslant\u00fcrklerin dede mal\u0131d\u0131r. S\u00fcleyman Arslant\u00fcrk\u2019ten sat\u0131\u015f yolu ile Kemal Taka\u2019ya ge\u00e7mi\u015ftir.<\/p>\n<p>33\u00a0\u00a0 Ali Ayd\u0131n (Usta Mehmet)\u00a0\u00a0\u00a0\u00a0 Kofali Mehmet K\u0131l\u0131\u00e7o\u011flu\u2019ndan sat\u0131nal\u0131nm\u0131\u015ft\u0131r.<\/p>\n<p>34\u00a0\u00a0 Mehmet Ayd\u0131n\u00a0\u00a0\u00a0\u00a0\u00a0\u00a0\u00a0\u00a0\u00a0\u00a0\u00a0\u00a0\u00a0\u00a0\u00a0\u00a0\u00a0\u00a0\u00a0\u00a0 Dursunbey Tuncer\u2019den sat\u0131nal\u0131nm\u0131\u015ft\u0131r.<\/p>\n<p>35\u00a0\u00a0 Mustafa Ayd\u0131n\u00a0\u00a0\u00a0\u00a0\u00a0\u00a0\u00a0\u00a0\u00a0\u00a0\u00a0\u00a0\u00a0\u00a0\u00a0\u00a0\u00a0\u00a0\u00a0\u00a0\u00a0 Ko\u00e7ot Mehmet Atalay\u2019\u0131n destek ve himayesiyle Babalar\u0131 S\u00fcleyman Ayd\u0131n (Usta Mehmet) taraf\u0131ndan 1930 lu y\u0131llarda mera \u00e7evrilerek yap\u0131lm\u0131\u015ft\u0131r.<\/p>\n<p>36\u00a0\u00a0 Hasan \u00d6merefendio\u011flu\u00a0\u00a0\u00a0\u00a0\u00a0\u00a0 Dede mal\u0131d\u0131r.<\/p>\n<p>37\u00a0\u00a0 \u0130brahim Atalay (Ko\u00e7ot)\u00a0\u00a0\u00a0\u00a0\u00a0\u00a0\u00a0\u00a0 Dede mal\u0131d\u0131r.<\/p>\n<p>38\u00a0\u00a0 Ahmet Ziyauttin Karao\u011flu\u00a0\u00a0\u00a0 \u0130lk elden bu aileye aittir.<\/p>\n<p>39\u00a0\u00a0 M. Zekeriya Tekke (Taka)\u00a0\u00a0\u00a0 Arsas\u0131 Karalardan sat\u0131nal\u0131nm\u0131\u015ft\u0131r.<\/p>\n<p>40\u00a0\u00a0 Hul\u00fcsi Ayd\u0131n (Dilaver)\u00a0\u00a0\u00a0\u00a0\u00a0\u00a0\u00a0\u00a0\u00a0 3 parsel halinde; Kayranl\u0131 Kocah\u00fcseyinler, G\u00fcrsoylar (K\u00fc\u00e7\u00fck \u0130brahimler)ve\u00a0\u00a0\u00a0\u00a0\u00a0\u00a0\u00a0\u00a0\u00a0\u00a0 Akdo\u011fanlar (Bak\u0131rc\u0131) dan sat\u0131nal\u0131nm\u0131\u015ft\u0131r.<\/p>\n<p>41\u00a0\u00a0 Alay K\u0131l\u0131\u00e7o\u011flu\u00a0\u00a0\u00a0\u00a0\u00a0\u00a0\u00a0\u00a0\u00a0\u00a0\u00a0\u00a0\u00a0\u00a0\u00a0\u00a0\u00a0\u00a0\u00a0\u00a0\u00a0\u00a0\u00a0 Villas\u0131n\u0131n arsas\u0131 Hul\u00fcsi Ayd\u0131ndan al\u0131nm\u0131\u015ft\u0131r.<\/p>\n<p>42\u00a0\u00a0 M.Zeki Do\u011fan (Atmacalar)\u00a0 Dede mal\u0131d\u0131r.<\/p>\n<p>43\u00a0\u00a0 M.Nuri Akdo\u011fan (\u015eikon)\u00a0\u00a0\u00a0\u00a0\u00a0\u00a0 Dede mal\u0131d\u0131r.<\/p>\n<p>44\u00a0\u00a0 S\u00fcleyman Kayalar\u00a0\u00a0\u00a0\u00a0\u00a0\u00a0\u00a0\u00a0\u00a0\u00a0\u00a0\u00a0\u00a0\u00a0\u00a0 Dede mal\u0131d\u0131r yar\u0131s\u0131 \u00c7avu\u015f Kayalardan\u00a0\u00a0\u00a0\u00a0\u00a0\u00a0\u00a0 sat\u0131n al\u0131nm\u0131\u015ft\u0131r.<\/p>\n<p>45\u00a0\u00a0 \u0130hsan Ba\u015fo\u011flu\u00a0\u00a0\u00a0\u00a0\u00a0\u00a0\u00a0\u00a0\u00a0\u00a0\u00a0\u00a0\u00a0\u00a0\u00a0\u00a0\u00a0\u00a0\u00a0\u00a0\u00a0\u00a0 Kurulu\u015fta Rendecio\u011flu S\u00fcleyman Efendiye ait iken sat\u0131\u015f yolu ile Esat Taka\u2019ya O\u2019ndan da S\u00fcleyman Kayaya ge\u00e7mi\u015ftir. Kay\u0131npederinin izniyle \u0130hsan Ba\u015fo\u011flu da ayn\u0131 arsada ev yapm\u0131\u015ft\u0131r.<\/p>\n<p>46\u00a0\u00a0 \u00c7ift\u00e7iler (Kuhz)\u00a0\u00a0\u00a0\u00a0\u00a0\u00a0\u00a0\u00a0\u00a0\u00a0\u00a0\u00a0\u00a0\u00a0\u00a0\u00a0\u00a0\u00a0\u00a0\u00a0 Abdurrahman O\u011fullar\u0131ndan Cemile ile Zeliha\u2019dan miras yolu ile Zelihan\u0131n \u00e7ocuklar\u0131 \u00c7ift\u00e7ilere ge\u00e7m\u0131\u015ft\u0131r. Bir zamanlar Cemile Beyi Mando\u011flu Ahmet Aga ile burada oturdu\u011fu i\u00e7in Ahmet Aga\u2019n\u0131n zannediliyor ise de \u00f6yle de\u011fildir.Bu yerin evveliyat\u0131 yaylan\u0131n kurulu\u015funda Abdurrahmano\u011fullar\u0131na aittir.<\/p>\n<p>.<\/p>\n<p>47\u00a0\u00a0 K\u00e2zim Kaya\u00a0\u00a0\u00a0\u00a0\u00a0\u00a0\u00a0\u00a0\u00a0\u00a0\u00a0\u00a0\u00a0\u00a0\u00a0\u00a0\u00a0\u00a0\u00a0\u00a0\u00a0\u00a0\u00a0\u00a0\u00a0\u00a0 Bu yayla da yaylan\u0131n kurulu\u015funda Abdurrahmano\u011fullar\u0131ndan Abidin Ba\u015ft\u00fcrk ve amcalar\u0131n\u0131n iken sat\u0131\u015f yolu ile Kayalara ge\u00e7mi\u015ftir.<\/p>\n<p>48\u00a0\u00a0 Hasan Taka\u00a0\u00a0\u00a0\u00a0\u00a0\u00a0\u00a0\u00a0\u00a0\u00a0\u00a0\u00a0\u00a0\u00a0\u00a0\u00a0\u00a0\u00a0\u00a0\u00a0\u00a0\u00a0\u00a0\u00a0\u00a0 Bu yer yaylan\u0131n kurulu\u015fundan beri Taka Hasanefendilere aittir. Son y\u0131llarda Halil \u0130brahim Karao\u011flu day\u0131lar\u0131n\u0131n m\u00fcsaadeleri ile ayn\u0131 arsada\u00a0\u00a0\u00a0\u00a0\u00a0\u00a0\u00a0\u00a0 ev yapm\u0131\u015ft\u0131r.<\/p>\n<p>49\u00a0\u00a0 \u0130smet Tuncer\u00a0\u00a0\u00a0\u00a0\u00a0\u00a0\u00a0\u00a0\u00a0\u00a0\u00a0\u00a0\u00a0\u00a0\u00a0\u00a0\u00a0\u00a0\u00a0\u00a0\u00a0\u00a0\u00a0 Kasaplardan miras yolu ile Hudek \u0130lyas Efendiye ge\u00e7mi\u015ftir.<\/p>\n<p>50\u00a0\u00a0 Salih Karao\u011flu\u00a0\u00a0\u00a0\u00a0\u00a0\u00a0\u00a0\u00a0\u00a0\u00a0\u00a0\u00a0\u00a0\u00a0\u00a0\u00a0\u00a0\u00a0\u00a0\u00a0\u00a0 Kurulu\u015fundan beri bu aileye aittir.<\/p>\n<p>51\u00a0\u00a0 Molla\u00f6merler\u00a0\u00a0\u00a0\u00a0\u00a0\u00a0\u00a0\u00a0\u00a0\u00a0\u00a0\u00a0\u00a0\u00a0\u00a0\u00a0\u00a0\u00a0\u00a0\u00a0\u00a0 Molaismail O\u011flu Rafet Ba\u015fo\u011flu\u2019ndan sat\u0131\u015f yolu ile Molla\u00f6mero\u011flu Zihniye\u00a0\u00a0\u00a0\u00a0\u00a0\u00a0\u00a0\u00a0 Tuncer\u2019e ge\u00e7mi\u015ftir.<\/p>\n<p>52\u00a0\u00a0 Ahmet-Mehmet Rendeciler Dede mal\u0131 olarak Rendecilere aittir. Akrabalar\u0131n\u0131n ba\u015fka illere g\u00f6\u00e7 etmeleri \u00fczerine Kas\u0131m Rendeci taraf\u0131ndan sat\u0131n al\u0131narak \u00e7ocuklar\u0131na tahsis edilmi\u015ftir.<\/p>\n<p>53\u00a0\u00a0 Cevahirler\u00a0\u00a0\u00a0\u00a0\u00a0\u00a0\u00a0\u00a0\u00a0\u00a0\u00a0\u00a0\u00a0\u00a0\u00a0\u00a0\u00a0\u00a0\u00a0\u00a0\u00a0\u00a0\u00a0\u00a0\u00a0\u00a0\u00a0 Dede mal\u0131d\u0131r, el de\u011fi\u015ftirmemi\u015ftir.<\/p>\n<p>54\u00a0\u00a0 Tellio\u011fullar\u0131\u00a0\u00a0\u00a0\u00a0\u00a0\u00a0\u00a0\u00a0\u00a0\u00a0\u00a0\u00a0\u00a0\u00a0\u00a0\u00a0\u00a0\u00a0\u00a0\u00a0\u00a0\u00a0\u00a0\u00a0\u00a0 Yayla kurulal\u0131 kendilerinindir.<\/p>\n<p>55\u00a0\u00a0 K\u00e2mil \u00c7ift\u00e7i\u00a0\u00a0\u00a0\u00a0\u00a0\u00a0\u00a0\u00a0\u00a0\u00a0\u00a0\u00a0\u00a0\u00a0\u00a0\u00a0\u00a0\u00a0\u00a0\u00a0\u00a0\u00a0\u00a0\u00a0\u00a0\u00a0 Ba\u015flang\u0131\u00e7ta Aslan Taka\u2019ya ait olan bu m\u00fclk, s\u0131ras\u0131 ile H\u00fcseyin Taka\u2019ya, O\u2019ndan Cevahiro\u011flu Necati Se\u00e7ilmi\u015f\u2019e, O\u2019ndan Kuhzo\u011flu Hafus \u0130brahim \u00c7ift\u00e7i\u2019ye, O\u2019ndan Ustamehmet O\u011flu S\u00fcleyman Ayd\u0131n\u2019a ve nihayetinde O\u2019ndanda K\u00e2mil \u00c7ift\u00e7i\u2019ye sat\u0131lm\u0131\u015ft\u0131r.<\/p>\n<p>56\u00a0\u00a0 Muammer Atalay\u00a0\u00a0\u00a0\u00a0\u00a0\u00a0\u00a0\u00a0\u00a0\u00a0\u00a0\u00a0\u00a0\u00a0\u00a0\u00a0 Dede mal\u0131d\u0131r.<\/p>\n<p>57\u00a0\u00a0 Ahmet Atalay\u00a0\u00a0\u00a0\u00a0\u00a0\u00a0\u00a0\u00a0\u00a0\u00a0\u00a0\u00a0\u00a0\u00a0\u00a0\u00a0\u00a0\u00a0\u00a0\u00a0\u00a0\u00a0 Dede mal\u0131d\u0131r.<\/p>\n<p>58\u00a0\u00a0 Mustafa-Ali Taka\u00a0\u00a0\u00a0\u00a0\u00a0\u00a0\u00a0\u00a0\u00a0\u00a0\u00a0\u00a0\u00a0\u00a0\u00a0\u00a0\u00a0 Dede mal\u0131d\u0131r.<\/p>\n<p>59\u00a0\u00a0 \u00d6mer-Adil Tuncer\u00a0\u00a0\u00a0\u00a0\u00a0\u00a0\u00a0\u00a0\u00a0\u00a0\u00a0\u00a0\u00a0\u00a0\u00a0 Dede mal\u0131d\u0131r.<\/p>\n<p>60\u00a0\u00a0 Ahmet Se\u00e7ilmi\u015f\u00a0\u00a0\u00a0\u00a0\u00a0\u00a0\u00a0\u00a0\u00a0\u00a0\u00a0\u00a0\u00a0\u00a0\u00a0\u00a0\u00a0\u00a0\u00a0 Osman O\u011flu \u015eahmeran Taka\u2019dan sat\u0131nal\u0131nm\u0131\u015ft\u0131r.<\/p>\n<p>61\u00a0\u00a0 Osman Taka\u00a0\u00a0\u00a0\u00a0\u00a0\u00a0\u00a0\u00a0\u00a0\u00a0\u00a0\u00a0\u00a0\u00a0\u00a0\u00a0\u00a0\u00a0\u00a0\u00a0\u00a0\u00a0\u00a0\u00a0 Dede mal\u0131d\u0131r.<\/p>\n<p>62\u00a0\u00a0 Ahmet \u00c7ift\u00e7i (Kuhz)\u00a0\u00a0\u00a0\u00a0\u00a0\u00a0\u00a0\u00a0\u00a0\u00a0\u00a0\u00a0\u00a0 Evveliyat\u0131 Osman Takaya ait iken \u0130rfan Taka\u2019dan sat\u0131\u015f yolu ile \u00d6\u011fretmen Ali Taka\u2019ya, O\u2019ndan da Ahmet \u00c7ift\u00e7iye ge\u00e7mi\u015ftir.<\/p>\n<p>63\u00a0\u00a0 Aliaga Mehmet Ayd\u0131n\u00a0\u00a0\u00a0\u00a0\u00a0\u00a0\u00a0\u00a0\u00a0 Miras yolu ile Debero\u011fullar\u0131ndan M\u00fcslim Ayd\u0131n ve karde\u015flerine ge\u00e7tikten sonra Mehmet Ayd\u0131n\u2019a sat\u0131lm\u0131\u015ft\u0131r.<\/p>\n<p>64\u00a0\u00a0 Debero\u011fullar\u0131\u00a0\u00a0\u00a0\u00a0\u00a0\u00a0\u00a0\u00a0\u00a0\u00a0\u00a0\u00a0\u00a0\u00a0\u00a0\u00a0\u00a0\u00a0\u00a0\u00a0\u00a0\u00a0 Dede mal\u0131d\u0131r, yaylan\u0131n kurulu\u015fundan beri onlar\u0131nd\u0131r.<\/p>\n<p>65\u00a0\u00a0 Ali R\u0131za Mutlu\u00a0\u00a0\u00a0\u00a0\u00a0\u00a0\u00a0\u00a0\u00a0\u00a0\u00a0\u00a0\u00a0\u00a0\u00a0\u00a0\u00a0\u00a0\u00a0\u00a0\u00a0\u00a0 Debero\u011fullar\u0131ndan Annesi Mevl\u00fcde Mutlu\u2019dan miras yolu ile Ali R\u0131za Mutlu\u2019ya ge\u00e7mi\u015ftir.<\/p>\n<p>66\u00a0\u00a0 Ali Kaya\u00a0\u00a0\u00a0\u00a0\u00a0\u00a0\u00a0\u00a0\u00a0\u00a0\u00a0\u00a0\u00a0\u00a0\u00a0\u00a0\u00a0\u00a0\u00a0\u00a0\u00a0\u00a0\u00a0\u00a0\u00a0\u00a0\u00a0\u00a0\u00a0\u00a0\u00a0 Dede mal\u0131d\u0131r.<\/p>\n<p>67\u00a0\u00a0 Alibey Kaba\u00a0\u00a0\u00a0\u00a0\u00a0\u00a0\u00a0\u00a0\u00a0\u00a0\u00a0\u00a0\u00a0\u00a0\u00a0\u00a0\u00a0\u00a0\u00a0\u00a0\u00a0\u00a0\u00a0\u00a0\u00a0 K\u00f6yl\u00fcn\u00fcn tahsisi ile Alibey Kaba taraf\u0131ndan m\u00fclk haline getirilmi\u015ftir.<\/p>\n<p>68\u00a0\u00a0 Ahmet \u00c7ifo\u011flu\u00a0\u00a0\u00a0\u00a0\u00a0\u00a0\u00a0\u00a0\u00a0\u00a0\u00a0\u00a0\u00a0\u00a0\u00a0\u00a0\u00a0\u00a0\u00a0\u00a0\u00a0 Annesi taraf\u0131ndan Dedesi Mahmut Kabao\u011flundan sat\u0131nal\u0131nm\u0131\u015ft\u0131r.<\/p>\n<p>69\u00a0\u00a0 S\u00fcleyman Rendeci\u00a0\u00a0\u00a0\u00a0\u00a0\u00a0\u00a0\u00a0\u00a0\u00a0\u00a0\u00a0\u00a0\u00a0 Tellio\u011fullar\u0131ndan miras yolu ile Mikdat o\u011flu Ahmet \u00c7ift\u00e7iye, O\u2019ndan da sat\u0131\u015f yolu ile S\u00fcleyman Rendeci\u2019ye ge\u00e7mi\u015ftir. Kendisinin m\u00fcsaadesi ile Damad\u0131 \u00d6\u011fretmen Mevl\u00fct Arslant\u00fcrko\u011flu\u2019da ayn\u0131 yerde ev yapm\u0131\u015ft\u0131r.<\/p>\n<p>70\u00a0\u00a0 Camii Lojman\u0131\u00a0\u00a0\u00a0\u00a0\u00a0\u00a0\u00a0\u00a0\u00a0\u00a0\u00a0\u00a0\u00a0\u00a0\u00a0\u00a0\u00a0\u00a0\u00a0\u00a0\u00a0 1980 li y\u0131llarda tapu tescili ile in\u015fa edilmi\u015ftir.<\/p>\n<p>71\u00a0\u00a0 Zihni Kaya\u00a0\u00a0\u00a0\u00a0\u00a0\u00a0\u00a0\u00a0\u00a0\u00a0\u00a0\u00a0\u00a0\u00a0\u00a0\u00a0\u00a0\u00a0\u00a0\u00a0\u00a0\u00a0\u00a0\u00a0\u00a0\u00a0\u00a0\u00a0 Hudeko\u011fullar\u0131ndan Molla\u00f6mer Numan Efendiye ait iken sat\u0131\u015f yolu ile Kayao\u011flu Muslim Efendi\u2019ye ge\u00e7mi\u015ftir.<\/p>\n<p>72\u00a0\u00a0 Mehmet Ayd\u0131n (\u00c7eyrek)\u00a0\u00a0\u00a0\u00a0\u00a0 Sat\u0131\u015f yolu ile Haseki (Hasgiyer) lerden \u00d6\u011fretmen K\u00e2z\u0131m Kaya\u2019ya, O\u2019ndan da \u00c7eyreko\u011flu Mehmet Ayd\u0131n\u2019a ge\u00e7mi\u015ftir.<\/p>\n<p>73\u00a0\u00a0 Esat Taka\u00a0\u00a0\u00a0\u00a0\u00a0\u00a0\u00a0\u00a0\u00a0\u00a0\u00a0\u00a0\u00a0\u00a0\u00a0\u00a0\u00a0\u00a0\u00a0\u00a0\u00a0\u00a0\u00a0\u00a0\u00a0\u00a0\u00a0\u00a0\u00a0 Rendecio\u011flu Hasandan sat\u0131\u015f yolu ile Esat Takaya ge\u00e7mi\u015ftir.<\/p>\n<p>74\u00a0\u00a0 Muslim \u015eeno\u011flu\u00a0\u00a0\u00a0\u00a0\u00a0\u00a0\u00a0\u00a0\u00a0\u00a0\u00a0\u00a0\u00a0\u00a0\u00a0\u00a0\u00a0\u00a0 Senat\u00f6r Refet Rendecilerden sat\u0131\u015f yolu ile Kofalio\u011fullar\u0131 (K\u0131l\u0131\u00e7o\u011fullar\u0131) na\u00a0\u00a0\u00a0\u00a0\u00a0\u00a0\u00a0\u00a0 Olardan da ayn\u0131 yolla Muslim \u015eeno\u011flu\u2019nage\u00e7mi\u015ftir.<\/p>\n<p>75\u00a0\u00a0 Kasaplar\u00a0\u00a0\u00a0\u00a0\u00a0\u00a0\u00a0\u00a0\u00a0\u00a0\u00a0\u00a0\u00a0\u00a0\u00a0\u00a0\u00a0\u00a0\u00a0\u00a0\u00a0\u00a0\u00a0\u00a0\u00a0\u00a0\u00a0\u00a0\u00a0\u00a0 Yaylan\u0131n kurulu\u015fundan beri kendilerine aittir.<\/p>\n<p>76\u00a0\u00a0 Cafer Ayd\u0131nlar\u00a0\u00a0\u00a0\u00a0\u00a0\u00a0\u00a0\u00a0\u00a0\u00a0\u00a0\u00a0\u00a0\u00a0\u00a0\u00a0\u00a0\u00a0\u00a0\u00a0\u00a0 Buras\u0131 da kurulu\u015ftan beri Ayd\u0131nlar\u0131nd\u0131r.<\/p>\n<p>77\u00a0\u00a0 \u0130smet Tuncer\u00a0\u00a0\u00a0\u00a0\u00a0\u00a0\u00a0\u00a0\u00a0\u00a0\u00a0\u00a0\u00a0\u00a0\u00a0\u00a0\u00a0\u00a0\u00a0\u00a0\u00a0\u00a0\u00a0 Sat\u0131\u015f yolu ile Hudeko\u011fullar\u0131ndan Kundurap O\u011flu Mustafa Gezginden sat\u0131\u015f yolu ile \u0130smet Tuncer\u2019e ge\u00e7mi\u015ftir.<\/p>\n<p>78\u00a0\u00a0 \u0130brahim Tuncer\u00a0\u00a0\u00a0\u00a0\u00a0\u00a0\u00a0\u00a0\u00a0\u00a0\u00a0\u00a0\u00a0\u00a0\u00a0\u00a0\u00a0\u00a0\u00a0 \u0130smet Tuncer\u2019den al\u0131nan arsa \u00fczerine evini in\u015fa etmi\u015ftir.<\/p>\n<p>79\u00a0\u00a0 Mustafa Tellio\u011flu\u00a0\u00a0\u00a0\u00a0\u00a0\u00a0\u00a0\u00a0\u00a0\u00a0\u00a0\u00a0\u00a0\u00a0\u00a0\u00a0 \u015eerifo\u011fullar\u0131ndan (Kuskar) Osman-Mahmut Aky\u00fcz ve karde\u015flerine ait\u00a0\u00a0\u00a0\u00a0\u00a0\u00a0\u00a0\u00a0 iken sat\u0131\u015f yolu ile Mustafa Tellio\u011flu\u2019na ge\u00e7mi\u015ftir.<\/p>\n<p>80\u00a0\u00a0 Ahmet Faik Arslant\u00fcrko\u011flu\u00a0 Tellio\u011flu Mustafa\u2019dan ald\u0131\u011f\u0131 arsa \u00fczerine evini in\u015fa etmi\u015ftir.<\/p>\n<p>81\u00a0\u00a0 Mustafa \u015eeno\u011flu\u00a0\u00a0\u00a0\u00a0\u00a0\u00a0\u00a0\u00a0\u00a0\u00a0\u00a0\u00a0\u00a0\u00a0\u00a0\u00a0\u00a0 1900 l\u00fc y\u0131llar\u0131n ba\u015f\u0131nda K\u0131r\u0131kkaleye yerle\u015fen Dedemehmeto\u011fullar\u0131ndan sat\u0131nal\u0131nm\u0131\u015ft\u0131r.<\/p>\n<p>81\u00a0\u00a0 Enver \u015eeno\u011flu\u00a0\u00a0\u00a0\u00a0\u00a0\u00a0\u00a0\u00a0\u00a0\u00a0\u00a0\u00a0\u00a0\u00a0\u00a0\u00a0\u00a0\u00a0\u00a0\u00a0\u00a0 Yaylan\u0131n kurulu\u015fundan beri \u015eeno\u011flar\u0131n\u0131nd\u0131r.<\/p>\n<p>82\u00a0\u00a0 Mehmet Ali \u00c7ift\u00e7i\u00a0\u00a0\u00a0\u00a0\u00a0\u00a0\u00a0\u00a0\u00a0\u00a0\u00a0\u00a0\u00a0\u00a0\u00a0\u00a0 Dede mal\u0131d\u0131r.<\/p>\n<p>83\u00a0\u00a0 Ali-Yusuf-Ayhan Takalar\u00a0\u00a0\u00a0\u00a0\u00a0 \u00c7ift\u00e7io\u011fullar\u0131n\u0131n iken miras ve sat\u0131\u015f yolu ile Takalara ge\u00e7mi\u015ftir.<\/p>\n<p>84\u00a0\u00a0 Enver \u015eeno\u011flu\u00a0\u00a0\u00a0\u00a0\u00a0\u00a0\u00a0\u00a0\u00a0\u00a0\u00a0\u00a0\u00a0\u00a0\u00a0\u00a0\u00a0\u00a0\u00a0\u00a0\u00a0 Dede mal\u0131d\u0131r.<\/p>\n<p>85\u00a0\u00a0 Mustafa Korkmaz\u00a0\u00a0\u00a0\u00a0\u00a0\u00a0\u00a0\u00a0\u00a0\u00a0\u00a0\u00a0\u00a0\u00a0\u00a0\u00a0 Dede mal\u0131d\u0131r, el de\u011fi\u015ftirmemi\u015ftir.<\/p>\n<p>86\u00a0\u00a0 Mutlular\u00a0\u00a0\u00a0\u00a0\u00a0\u00a0\u00a0\u00a0\u00a0\u00a0\u00a0\u00a0\u00a0\u00a0\u00a0\u00a0\u00a0\u00a0\u00a0\u00a0\u00a0\u00a0\u00a0\u00a0\u00a0\u00a0\u00a0\u00a0\u00a0\u00a0 Yaylan\u0131n kurulu\u015fundan beri bu aileye aittir. Ancak Korkmazlarla Ahmet Efendi aras\u0131ndaki \u00e7ay\u0131r Salih Efendi taraf\u0131ndan ba\u015fka \u00a0\u00a0\u00a0\u00a0\u00a0\u00a0 illere g\u00f6\u00e7 eden Mollaismaillerden sat\u0131n al\u0131nm\u0131\u015ft\u0131r. \u00dczerindeki \u00a0\u00a0\u00a0\u00a0\u00a0 obay\u0131 da Ko\u00e7ot Mehmet Efendi sat\u0131n al\u0131p kendi m\u00fclk\u00fcne ta\u015f\u0131m\u0131\u015f ve orada bina etmi\u015ftir. Halihaz\u0131r obalar\u0131 o obad\u0131r.<\/p>\n<p>87\u00a0\u00a0 Ramazan Taka\u00a0\u00a0\u00a0\u00a0\u00a0\u00a0\u00a0\u00a0\u00a0\u00a0\u00a0\u00a0\u00a0\u00a0\u00a0\u00a0\u00a0\u00a0\u00a0\u00a0\u00a0 Day\u0131lar\u0131n\u0131n muvafakat\u0131 ile in\u015faat\u0131n\u0131 yapm\u0131\u015ft\u0131r.<\/p>\n<p>88\u00a0\u00a0 \u00d6mer-Numan Ayd\u0131n\u00a0\u00a0\u00a0\u00a0\u00a0\u00a0\u00a0\u00a0\u00a0\u00a0\u00a0\u00a0 Sat\u0131\u015f yolu ile Mando\u011fullar\u0131 (\u015eeno\u011fullar\u0131)\u2019ndan Mustafa Kasapo\u011fluna(Hubur) Onlardan da ayn\u0131 yolla Mehmet Ayd\u0131n\u2019a ge\u00e7mi\u015ftir.<\/p>\n<p>89\u00a0\u00a0 Saih Efendi (Mutlu)\u00a0\u00a0\u00a0\u00a0\u00a0\u00a0\u00a0\u00a0\u00a0\u00a0\u00a0\u00a0\u00a0 Dede mal\u0131d\u0131r el de\u011fi\u015ftirmemi\u015ftir.<\/p>\n<p>90\u00a0\u00a0 Kayalar\u00a0\u00a0\u00a0\u00a0\u00a0\u00a0\u00a0\u00a0\u00a0\u00a0\u00a0\u00a0\u00a0\u00a0\u00a0\u00a0\u00a0\u00a0\u00a0\u00a0\u00a0\u00a0\u00a0\u00a0\u00a0\u00a0\u00a0\u00a0\u00a0\u00a0\u00a0\u00a0 Dede mal\u0131d\u0131r.<\/p>\n<p>91\u00a0\u00a0 Mustafa Kaba\u00a0\u00a0\u00a0\u00a0\u00a0\u00a0\u00a0\u00a0\u00a0\u00a0\u00a0\u00a0\u00a0\u00a0\u00a0\u00a0\u00a0\u00a0\u00a0\u00a0\u00a0\u00a0 Sat\u0131\u015f yolu ile Hasekilerden Veysel Kasapo\u011flu\u2019na, Ondan da ayn\u0131 yolla Mustafa Kaba\u2019ya ge\u00e7mi\u015ftir.<\/p>\n<p>92\u00a0\u00a0 Ahmet Ayd\u0131n\u00a0\u00a0\u00a0\u00a0\u00a0\u00a0\u00a0\u00a0\u00a0\u00a0\u00a0\u00a0\u00a0\u00a0\u00a0\u00a0\u00a0\u00a0\u00a0\u00a0\u00a0\u00a0\u00a0 Karahasano\u011fullar\u0131ndan\u00a0\u00a0\u00a0\u00a0\u00a0\u00a0 Ahmet Ayd\u0131n\u2019a (Aliaga) ge\u00e7mi\u015ftir.<\/p>\n<p>93\u00a0\u00a0 Ahmet Tuncer\u00a0\u00a0\u00a0\u00a0\u00a0\u00a0\u00a0\u00a0\u00a0\u00a0\u00a0\u00a0\u00a0\u00a0\u00a0\u00a0\u00a0\u00a0\u00a0\u00a0\u00a0 K\u00f6yl\u00fcn\u00fcn tahsisi ile 1900 l\u00fc y\u0131llar\u0131n ilk yar\u0131s\u0131nda S\u00fcleyman Kasapo\u011flu (Hubur) taraf\u0131ndan m\u00fclk haline getirilmi\u015f daha sonra Hoca Ahmet Tuncer\u2019e sat\u0131lm\u0131\u015ft\u0131r.<\/p>\n<p>94\u00a0\u00a0 \u00d6mer Ayd\u0131n (Temelli)\u00a0\u00a0\u00a0\u00a0\u00a0\u00a0\u00a0\u00a0\u00a0 K\u00f6yl\u00fcn\u00fcn tahsisi ve Ko\u00e7ot Mehmet Atalay\u2019\u0131n deste\u011fi ile 1900 l\u00fc y\u0131llar\u0131n ilk yar\u0131s\u0131nda \u00e7imenden m\u00fclk haline getirilmi\u015ftir ve el \u00a0\u00a0\u00a0\u00a0\u00a0\u00a0\u00a0\u00a0 de\u011fi\u015ftirmemi\u015ftir.<\/p>\n<p>Son elli y\u0131lda 80-90 hane olarak hayatiyetini s\u00fcrd\u00fcren yaylam\u0131z son y\u0131llardaki ra\u011fbetle y\u00fcz haneye yakla\u015fm\u0131\u015f bulunmaktad\u0131r. \u0130lk zamanlarda basit ah\u015fap obalardan olu\u015fan yayla elveririmiz zamanla d\u00f6rt odal\u0131 evlere, g\u00fcn\u00fcm\u00fczde ise \u00e7ok katl\u0131 betonarme binalara d\u00f6n\u00fc\u015fm\u00fc\u015ft\u00fcr.<\/p>\n<p>Bir di\u011fer \u00f6nemli husus da eski yayla evlerimizin &#8211; ki bunlardan bir k\u0131sm\u0131 halen hizmet vermektedir; Mutlular\u0131n, \u0130brahim Atalaylar\u0131n evleri gibi &#8211; top sahas\u0131 gibi yaylaya \u00e7ok yak\u0131n yerlerden kesilen a\u011fa\u00e7larla in\u015fa edildi\u011fi olgusudur. Aradan ge\u00e7en y\u00fcz y\u0131l\u0131n, orman\u0131 y\u00fcr\u00fcyerek iki saatte var\u0131lacak \u015fekilde yaylam\u0131zdan uzakla\u015ft\u0131rd\u0131\u011f\u0131 ger\u00e7e\u011fidir. Bunda en \u00f6nemli etken orman\u0131n kamu mal\u0131 olmas\u0131 olsa gerek. Zira yak\u0131n zamana kadar vatanda\u015f\u0131n \u00f6zel m\u00fclkiyetinde olan k\u00f6y ve kom ormanlar\u0131 t\u00fckenmek \u015f\u00f6yle dursun artarak evlerimize kadar girmi\u015ftir. Yeni uygulamalarla k\u00f6ylerimiz orman k\u00f6y\u00fcne, ormanlar\u0131m\u0131z da kamu ormanlar\u0131na d\u00f6n\u00fc\u015ft\u00fcr\u00fclm\u00fc\u015ft\u00fcr. Umulur ki k\u00f6y ve kom ormanlar\u0131m\u0131z da kamunun elinde heder olmaya.<\/p>\n<p>Evet De\u011ferli Ta\u015f\u00f6renliler, g\u00fczel yaylam\u0131z Bayrakl\u0131\u2019n\u0131n \u00f6zel tarihi geli\u015fimi de \u00fc\u00e7 a\u015fa\u011f\u0131 be\u015f yukar\u0131 b\u00f6yle cereyan etmi\u015ftir. \u00c7evrenin bu en g\u00fczel yaylas\u0131n\u0131 bize kazand\u0131ran dedelerimizi ve ninelerimizi rahmetle anarken, \u00e7a\u011fda\u015f ve gelecek neslimizin k\u00f6y\u00fcne, yaylas\u0131na, vatan\u0131na ve yurduna sahip insanlar olmas\u0131n\u0131 dileyelim.<\/p>\n<p><img loading=\"lazy\" decoding=\"async\" class=\"alignnone size-full wp-image-380\" src=\"https:\/\/zeleka.com\/wp-content\/uploads\/2025\/01\/Vesikalik-2.jpg\" alt=\"\" width=\"70\" height=\"100\" \/><\/p>\n<p>Ahmet MUTLUO\u011eLU<\/p>\n<p>\u00c7aml\u0131ca, 15. 02. 2012<\/p>\n<p>&nbsp;<\/p>\n<p>&nbsp;<\/p>\n<p>KAYNAK\u00c7A:<\/p>\n<ol>\n<li>Havva K\u0131l\u0131\u00e7o\u011flu (Ayd\u0131n), Ali Osman K\u0131z\u0131 (1905-&#8230;)<\/li>\n<li>Hul\u00fcsi Ayd\u0131n, K3az\u0131m (1922-\u2026)<\/li>\n<li>Bekir Y\u0131lmaz, Aziz O\u011flu (1926-\u2026)<\/li>\n<li>\u0130brahim Atalay, Mehmet O\u011flu (1929-\u2026)<\/li>\n<li>Kemal Tekeo\u011flu (Taka), H\u00fcseyin O\u011flu (1933-\u2026)<\/li>\n<li>L\u00fctfiye Mutluo\u011flu, Numan k\u0131z\u0131, (1933-&#8230;)<\/li>\n<li>Safiye Tuncer, Mustafa K\u0131z\u0131 (1934-\u2026)<\/li>\n<li>Feride Tuncer,Ahmet K\u0131z\u0131 (1934-\u2026)<\/li>\n<li>Ahmet Ba\u015fo\u011flu, Yusuf O\u011flu, (1937-\u2026)<\/li>\n<li>Mehmet Ayd\u0131n, S\u00fcleyman O\u011flu (1943-\u2026)<\/li>\n<li>Kamil Ba\u015ft\u00fcrk, Abidin o\u011flu (1936-\u2026)<\/li>\n<li>Mustafa \u00c7ift\u00e7i (Kuhz), Mustafa O\u011flu (1943-\u2026)<\/li>\n<\/ol>\n<p>&nbsp;<\/p>\n","protected":false},"excerpt":{"rendered":"<p>YAYLAMIZIN TAR\u0130H\u0130 2 \u00a0 Yaylalar\u0131m\u0131z\u0131n tarihinin \u00e7ok yeni oldu\u011funu, Fetih (M.S.1461)\u2019den sonra kurulduklar\u0131n\u0131, \u00e7evremizde; \u00f6nce Dumanl\u0131 (Evo\u015fk\u00e2), sonra Yeditepe (\u00c7ahmut),daha sonra da Bayrakl\u0131 (Mahakambos), \u00c7ukur\u00e7ay\u0131r (Tufa), en sonra da Kurtda\u011f\u0131 (E\u011fridere \u00c7ahmutu) yaylalar\u0131n\u0131n kuruldu\u011funu; Kurtda\u011f\u0131 Yaylas\u0131\u2019n\u0131n \u00e7ok yeni oldu\u011funu ve 75 y\u0131l \u00f6nce kuruldu\u011funu belirtmi\u015ftik. Canl\u0131 kaynaklarla sabit olan bu tarih, daha sonra irdelemeye \u00e7al\u0131\u015faca\u011f\u0131m\u0131z [&hellip;]<\/p>\n","protected":false},"author":1,"featured_media":3668,"comment_status":"open","ping_status":"open","sticky":false,"template":"","format":"standard","meta":{"tdm_status":"","tdm_grid_status":"","footnotes":""},"categories":[30,29],"tags":[],"class_list":{"0":"post-4903","1":"post","2":"type-post","3":"status-publish","4":"format-standard","5":"has-post-thumbnail","7":"category-ahmet-mutluoglu","8":"category-yazarlar"},"_links":{"self":[{"href":"https:\/\/zeleka.com\/index.php?rest_route=\/wp\/v2\/posts\/4903","targetHints":{"allow":["GET"]}}],"collection":[{"href":"https:\/\/zeleka.com\/index.php?rest_route=\/wp\/v2\/posts"}],"about":[{"href":"https:\/\/zeleka.com\/index.php?rest_route=\/wp\/v2\/types\/post"}],"author":[{"embeddable":true,"href":"https:\/\/zeleka.com\/index.php?rest_route=\/wp\/v2\/users\/1"}],"replies":[{"embeddable":true,"href":"https:\/\/zeleka.com\/index.php?rest_route=%2Fwp%2Fv2%2Fcomments&post=4903"}],"version-history":[{"count":1,"href":"https:\/\/zeleka.com\/index.php?rest_route=\/wp\/v2\/posts\/4903\/revisions"}],"predecessor-version":[{"id":4904,"href":"https:\/\/zeleka.com\/index.php?rest_route=\/wp\/v2\/posts\/4903\/revisions\/4904"}],"wp:featuredmedia":[{"embeddable":true,"href":"https:\/\/zeleka.com\/index.php?rest_route=\/wp\/v2\/media\/3668"}],"wp:attachment":[{"href":"https:\/\/zeleka.com\/index.php?rest_route=%2Fwp%2Fv2%2Fmedia&parent=4903"}],"wp:term":[{"taxonomy":"category","embeddable":true,"href":"https:\/\/zeleka.com\/index.php?rest_route=%2Fwp%2Fv2%2Fcategories&post=4903"},{"taxonomy":"post_tag","embeddable":true,"href":"https:\/\/zeleka.com\/index.php?rest_route=%2Fwp%2Fv2%2Ftags&post=4903"}],"curies":[{"name":"wp","href":"https:\/\/api.w.org\/{rel}","templated":true}]}}