{"id":4901,"date":"2025-09-02T13:23:13","date_gmt":"2025-09-02T10:23:13","guid":{"rendered":"https:\/\/zeleka.com\/?p=4901"},"modified":"2025-10-11T22:09:16","modified_gmt":"2025-10-11T19:09:16","slug":"koyumuzum-bilinen-tum-muhtarlari-2-24","status":"publish","type":"post","link":"https:\/\/zeleka.com\/?p=4901","title":{"rendered":"\u00c7AYKARA- TA\u015e\u00d6REN (ZELEKA) K\u00d6Y\u00dcM\u00dcZ\u00dcM B\u0130L\u0130NEN T\u00dcM MUHTARLARI (2) (24)"},"content":{"rendered":"<p>&nbsp;<\/p>\n<p><strong>\u00c7AYKARA- TA\u015e\u00d6REN (ZELEKA) K\u00d6Y\u00dcM\u00dcZ\u00dcM B\u0130L\u0130NEN T\u00dcM MUHTARLARI (2)<\/strong><\/p>\n<p>Cumhuriyetin kurulmas\u0131 ile T\u00fcrkiye modern manada bir devlet d\u00fczenine girer. Her \u015fey hiza-i mesafeye \u00e7ekilir. Kurallara ba\u011flan\u0131r devlet y\u00f6netimi. Her i\u015f kanuna ba\u011flan\u0131r. Ba\u015f\u0131bozukluk, karga\u015fa, e\u015fk\u0131ya, k\u00fclhanbeylik gibi keyfi yaramazl\u0131klara son verilir. \u00dclke n\u00fcfusunun y\u00fczde seksene yak\u0131n k\u0131sm\u0131 k\u00f6ylerde ya\u015fad\u0131\u011f\u0131 i\u00e7in ilk i\u015flerin biri olarak, 18 Mart 1924 tarih ve 442 say\u0131l\u0131 \u201cK\u00f6y Kanunu\u201d ge\u00e7irilir Meclis\u2019ten ve 07 Nisan 1924 tarihinde 68 say\u0131l\u0131 Resmi Gazete\u2019de yay\u0131mlanarak y\u00fcr\u00fcrl\u00fc\u011fe girer.\u00a0\u201cYurdun Efendisi\u201d art\u0131k daha nizami, daha kontroll\u00fc, daha g\u00fcvenli bir hayat ya\u015famaya ba\u015flayacakt\u0131r. Bunu hak etmi\u015ftir de onlarca y\u00fczlerce defa. Zira tarih boyu tarlada, ah\u0131rda ve a\u011f\u0131ldaki \u00fcretimi ile a\u015far\u0131 (onda bir oran\u0131ndaki vergi) veren de, her y\u0131l a\u00e7\u0131lan sava\u015fa kat\u0131lan da odur.<\/p>\n<p>Ve nihayet aradan ge\u00e7en bir asra yak\u0131n bir zaman sonunda apartmanl\u0131, elektrikli, asfaltl\u0131 modern k\u00f6ye ula\u015f\u0131r Cumhuriyet sayesinde T\u00fcrk K\u00f6yl\u00fcs\u00fc.<\/p>\n<p>Kulaktan kula\u011fa aktar\u0131lanlara, ya\u015fayan kaynak ki\u015filerin ifadelerine g\u00f6re k\u00f6y\u00fcm\u00fcz\u00fcn bilinen ilk muhtarlar\u0131n\u0131n Mollaismail O\u011flu (Darda\u011fan) Mehmet Ba\u015fo\u011flu (1854-1936) ile Ko\u00e7ot Mehmet Atalay (1880-1952)\u2019\u0131n olduklar\u0131n\u0131 belirtmi\u015ftik ilk yaz\u0131m\u0131zda. Aradan ge\u00e7en bir y\u0131ll\u0131k zaman zarf\u0131nda yaz\u0131m\u0131z\u0131 okuyan, torunu emekli emniyet mensubu Mehmet \u015eeno\u011flu (1959-&#8230;)\u2019nun\u00a0\u00a0 verdi\u011fi bilgilerden ve bu bilgileri do\u011frulayan Konya\u2019n\u0131n Kulu il\u00e7esinde mukim Amcam Mehmet Hulusi Mutluo\u011flu (1926-&#8230;)\u2019nun ifadelarinden; Mustafa O\u011flu (Mando\u011flu) Aziz \u015eeno\u011flu (1879-1921)\u2019nun da 1800\u2019l\u00fc y\u0131llar\u0131n sonlar\u0131nda k\u00f6y\u00fcm\u00fczde muhtarl\u0131k yapt\u0131\u011f\u0131 anla\u015f\u0131lm\u0131\u015ft\u0131r.<\/p>\n<p>Di\u011fer taraftan, Of ve \u00c7aykara \u00d6zel \u0130dare M\u00fcd\u00fcrl\u00fcklerinden al\u0131nan bilgilere g\u00f6re k\u00f6y\u00fcm\u00fcz\u00fcn bu g\u00fcnk\u00fc modern \u015fekil ve hayat\u0131na ula\u015fmas\u0131nda gayret ve katk\u0131lar\u0131 sakl\u0131 muhtarlar\u0131m\u0131z\u0131 \u015f\u00f6yle s\u0131ralayabiliriz.<\/p>\n<p>Of Kaymakaml\u0131\u011f\u0131 \u00d6zel \u0130dare M\u00fcd\u00fcrl\u00fc\u011f\u00fcnden A\u011fustos 2010 tarihinde ald\u0131\u011f\u0131m\u0131z \u015fifahi bilgiye g\u00f6re, 1926-1936 tarihleri aras\u0131nda k\u00f6y\u00fcm\u00fcz Zeleka\u2019n\u0131n muhtar\u0131n\u0131n \u00d6mero\u011flu (\u00c7ak\u0131r) Aziz Aslano\u011flu oldu\u011fu anla\u015f\u0131lmaktad\u0131r. Bu tarihler aras\u0131nda Aziz Aslano\u011flu (1897-1972)\u2019nun muhtarl\u0131k yapt\u0131\u011f\u0131 ve mera dava ve payla\u015f\u0131mlar\u0131 gibi \u00f6nemli sorunlarla u\u011fra\u015f\u0131p sonu\u00e7land\u0131rd\u0131\u011f\u0131 k\u00f6yde de bilinmekte ve s\u00f6zl\u00fc olarak bizlere ula\u015fm\u0131\u015f bulunmaktad\u0131r. Ancak bize ula\u015fan di\u011fer bilgiler, eldeki belgeler ve halen ya\u015fayan canl\u0131 kaynaklara g\u00f6re; \u00f6rne\u011fin: Kutri Salih Mutlu Efendi (1875-1948)\u2019nin, Ankara Elmada\u011f\u2019da imaml\u0131k yapan A\u011fabeyi Ahmet Efendi (1872-1950)\u2019ye yazd\u0131\u011f\u0131 ve halen elimizde mevcut bulunan 10 Haziran 1931 tarihli mektubunda \u201cMuhtar\u0131m\u0131z, Numan Efendi O\u011flu Zihni Efendidir\u201d diye yazmaktad\u0131r. Ki bu bilgi, halen hayatta bulunan, Zihni O\u011flu Rasim Tuncer (1928-&#8230;) taraf\u0131ndan da do\u011frulanmaktad\u0131r. Di\u011fer taraftan ad\u0131 \u00e7ok an\u0131lan \u201cH\u0131\u015f\u0131r\u201d l\u00e2kab\u0131yle me\u015fhur K\u00e2mil Arslant\u00fcrk (1872-1949)\u2019\u00fcn de bu tarihler aras\u0131nda muhtarl\u0131k yapt\u0131\u011f\u0131 nakledilmektedir. Zira canl\u0131 kaynaklar\u0131m\u0131zdan Ahmet Hamdi Tekeo\u011flu (1931-&#8230;) \u201cBeni n\u00fcfusa Muhtar H\u0131\u015f\u0131r kaydettirdi,\u201d demektedir. Keza, halen hayatta bulunan, Kamil Arslant\u00fcrk\u2019\u00fcn torunu Numan (1900-1948) O\u011flu Hasan Arslant\u00fcrk (1933-&#8230; ) \u201cBiz, \u0130brahim Arslant\u00fcrk (1906-1980) amcam\u0131n \u00e7ocuklar\u0131; Ahmet Faik Arslant\u00fcrk (1928-&#8230;), Alibey Arslant\u00fcrk (1933-1995) ve Mehmet Arslant\u00fcrk (1936-2010) ile beraber s\u00fcnnet olduk ve o zaman dedemiz muhtard\u0131,\u201d diye ifade etmektedir. Demek oluyor ki Kamil Arslant\u00fcrk\u2019\u00fcn muhtarl\u0131\u011f\u0131 da bu zaman dilimine rastlar.<\/p>\n<p>Of Kaymakaml\u0131\u011f\u0131 \u00d6zel \u0130daresi M\u00fcd\u00fcrl\u00fc\u011f\u00fcnden al\u0131nan bilgiye g\u00f6re, 1936-1940 y\u0131llar\u0131 aras\u0131nda Zeleka K\u00f6y\u00fc\u2019n\u00fcn muhtar\u0131 Kamil o\u011flu Mehmet \u00c7ift\u00e7i (1897-1972)\u2019dir; ki bizim ku\u015fa\u011f\u0131n da tan\u0131d\u0131\u011f\u0131 Mehmet \u00c7ift\u00e7i\u2019nin k\u00f6y\u00fcm\u00fczde muhtarl\u0131k yapt\u0131\u011f\u0131 bilinmektedir. Ancak canl\u0131 kaynaklar\u0131n ifadesine g\u00f6re, 1939 y\u0131l\u0131nda muhtar Numan Efendi O\u011flu Muhammet Tuncer (1906-1964)\u2019dir.<\/p>\n<p>Keza, Of \u00d6zel \u0130dare M\u00fcd\u00fcrl\u00fc\u011f\u00fc\u2019ne g\u00f6re, 1940-1946 y\u0131llar\u0131 aras\u0131nda muhtar\u0131m\u0131z Behram (Sar\u0131kam\u0131\u015f \u015eehiti) O\u011flu H\u00fcseyin Taka ( 1910-1988)\u2019d\u0131r. H\u00fcseyin Taka\u2019n\u0131n muhtarl\u0131k yapt\u0131\u011f\u0131 da net olarak bilinmekle beraber tarihler yerli yerine oturtulamamaktad\u0131r. Zira a\u015fa\u011f\u0131da s\u0131ralanan canl\u0131 kaynaklar\u0131m\u0131za g\u00f6re; 1940 y\u0131l\u0131nda, Mehmet O\u011flu S\u00fcleyman Kasapo\u011flu (1903-1961), 1941 y\u0131l\u0131n\u0131n bir k\u0131sm\u0131nda Kamil O\u011flu Mehmet Niyazi \u00c7ift\u00e7i (k\u00f6yde bilinen ad\u0131 ile Mehmet Ali) (1900-1975), 1941-1942y\u0131llar\u0131nda, \u0130brahim Efendi (1870-1957) O\u011flu Mehmet Arslant\u00fcrk (1904-1983) muhtarl\u0131k yapm\u0131\u015flard\u0131r. Bu hesaba g\u00f6re H\u00fcseyin Taka da 1944-45 y\u0131llar\u0131nda muhtarl\u0131k yapm\u0131\u015ft\u0131r. \u00c7\u00fcnk\u00fc yukar\u0131da ad\u0131 ge\u00e7en Kutri Salih Efendi\u2019nin a\u011fabeyi Ahmet Efendi\u2019ye yazd\u0131\u011f\u0131, elimizde mevcut, 18 Mart 1947 tarihli mektupta, k\u00f6y muhtarlar\u0131n\u0131n yenilendi\u011fi, bizim k\u00f6y\u00fcn yeni muhtar\u0131n\u0131n Cevahir Ahmet Efendi (1877-1962) o\u011flu Mustafa Se\u00e7ilmi\u015f (1920-1992)\u2019in oldu\u011fu belirtilmektedir.<\/p>\n<p>Buraya kadar yaz\u0131lanlar\u0131 \u00f6zetlemek gerekirse; 1950 y\u0131l\u0131na kadar k\u00f6y\u00fcm\u00fcz Zeleka\u2019n\u0131n bilinen muhtarlar\u0131 ve yakla\u015f\u0131k olarak muhtarl\u0131\u011fa ba\u015flama y\u0131llar\u0131 \u015f\u00f6yle s\u0131ralanabilir:<\/p>\n<p><u>S.No<\/u>\u00a0\u00a0\u00a0\u00a0\u00a0\u00a0\u00a0\u00a0\u00a0 <u>Ad\u0131, Soyad\u0131 ve L\u00e2kab\u0131<\/u>\u00a0\u00a0\u00a0\u00a0\u00a0\u00a0\u00a0\u00a0\u00a0\u00a0\u00a0\u00a0\u00a0\u00a0\u00a0\u00a0\u00a0\u00a0\u00a0\u00a0\u00a0 <u>Baba Ad\u0131<\/u>\u00a0\u00a0\u00a0\u00a0\u00a0\u00a0\u00a0\u00a0\u00a0\u00a0\u00a0\u00a0\u00a0\u00a0\u00a0\u00a0 <u>DT-\u00d6T<\/u>\u00a0\u00a0\u00a0\u00a0\u00a0\u00a0\u00a0\u00a0\u00a0\u00a0\u00a0\u00a0\u00a0\u00a0\u00a0\u00a0\u00a0\u00a0 <u>Muhtarl\u0131\u011fa Ba\u015flad\u0131\u011f\u0131Y\u0131l<\/u><\/p>\n<p>01\u00a0\u00a0\u00a0\u00a0\u00a0\u00a0\u00a0\u00a0\u00a0\u00a0\u00a0\u00a0\u00a0 Aziz \u015eeno\u011flu\u00a0\u00a0\u00a0\u00a0\u00a0\u00a0\u00a0\u00a0\u00a0\u00a0\u00a0\u00a0\u00a0\u00a0\u00a0\u00a0\u00a0\u00a0\u00a0\u00a0\u00a0\u00a0\u00a0\u00a0\u00a0\u00a0\u00a0\u00a0\u00a0\u00a0\u00a0\u00a0\u00a0\u00a0\u00a0\u00a0\u00a0\u00a0 Mustafa\u00a0\u00a0\u00a0\u00a0\u00a0\u00a0\u00a0\u00a0\u00a0\u00a0\u00a0\u00a0\u00a0\u00a0\u00a0\u00a0\u00a0\u00a0 1879-1921\u00a0\u00a0\u00a0\u00a0\u00a0\u00a0\u00a0\u00a0\u00a0\u00a0 1899<\/p>\n<p>02\u00a0\u00a0\u00a0\u00a0\u00a0\u00a0\u00a0\u00a0\u00a0\u00a0\u00a0\u00a0\u00a0 Mehmet Ba\u015f (Darda\u011fan)\u00a0\u00a0\u00a0\u00a0\u00a0\u00a0\u00a0\u00a0\u00a0\u00a0\u00a0\u00a0\u00a0\u00a0\u00a0\u00a0\u00a0\u00a0 \u0130brahim\u00a0\u00a0\u00a0\u00a0\u00a0\u00a0\u00a0\u00a0\u00a0\u00a0\u00a0\u00a0\u00a0\u00a0\u00a0\u00a0\u00a0\u00a0\u00a0 1854- 1936\u00a0\u00a0\u00a0\u00a0\u00a0\u00a0\u00a0\u00a0\u00a0\u00a0 1905<\/p>\n<p>03\u00a0\u00a0\u00a0\u00a0\u00a0\u00a0\u00a0\u00a0\u00a0\u00a0\u00a0\u00a0\u00a0 Mehmet Atalay (Ko\u00e7ot)\u00a0\u00a0\u00a0\u00a0\u00a0\u00a0\u00a0\u00a0\u00a0\u00a0\u00a0\u00a0\u00a0\u00a0\u00a0\u00a0\u00a0\u00a0\u00a0 \u0130brahim\u00a0\u00a0\u00a0\u00a0\u00a0\u00a0\u00a0\u00a0\u00a0\u00a0\u00a0\u00a0\u00a0\u00a0\u00a0\u00a0\u00a0\u00a0\u00a0 1880-1952\u00a0\u00a0\u00a0\u00a0\u00a0\u00a0\u00a0\u00a0\u00a0\u00a0 1914<\/p>\n<p>04\u00a0\u00a0\u00a0\u00a0\u00a0\u00a0\u00a0\u00a0\u00a0\u00a0\u00a0\u00a0\u00a0 Aziz Aslano\u011flu ( \u00c7ak\u0131r)\u00a0\u00a0\u00a0\u00a0\u00a0\u00a0\u00a0\u00a0\u00a0\u00a0\u00a0\u00a0\u00a0\u00a0\u00a0\u00a0\u00a0\u00a0\u00a0 Mehmet\u00a0\u00a0\u00a0\u00a0\u00a0\u00a0\u00a0\u00a0\u00a0\u00a0\u00a0\u00a0\u00a0\u00a0\u00a0\u00a0\u00a0\u00a0 1897-1972\u00a0\u00a0\u00a0\u00a0\u00a0\u00a0\u00a0\u00a0\u00a0\u00a0 1926<\/p>\n<p>05\u00a0\u00a0\u00a0\u00a0\u00a0\u00a0\u00a0\u00a0\u00a0\u00a0\u00a0\u00a0\u00a0 Zihni Tuncer (Molla \u00d6mer )\u00a0\u00a0\u00a0\u00a0\u00a0\u00a0\u00a0\u00a0\u00a0\u00a0\u00a0\u00a0 Numan\u00a0\u00a0\u00a0\u00a0\u00a0\u00a0\u00a0\u00a0\u00a0\u00a0\u00a0\u00a0\u00a0\u00a0\u00a0\u00a0\u00a0\u00a0\u00a0\u00a0 1903-1933\u00a0\u00a0\u00a0\u00a0\u00a0\u00a0\u00a0\u00a0\u00a0\u00a0 1931<\/p>\n<p>06\u00a0\u00a0\u00a0\u00a0\u00a0\u00a0\u00a0\u00a0\u00a0\u00a0\u00a0\u00a0\u00a0 Kamil Arslant\u00fcrk (H\u0131\u015f\u0131r)\u00a0\u00a0\u00a0\u00a0\u00a0\u00a0\u00a0\u00a0\u00a0\u00a0\u00a0\u00a0\u00a0\u00a0\u00a0\u00a0\u00a0\u00a0 Ali\u00a0\u00a0\u00a0\u00a0\u00a0\u00a0\u00a0\u00a0\u00a0\u00a0\u00a0\u00a0\u00a0\u00a0\u00a0\u00a0\u00a0\u00a0\u00a0\u00a0\u00a0\u00a0\u00a0\u00a0\u00a0\u00a0\u00a0\u00a0\u00a0 1872-1949\u00a0\u00a0\u00a0\u00a0\u00a0\u00a0\u00a0\u00a0\u00a0\u00a0 1934<\/p>\n<p>07\u00a0\u00a0\u00a0\u00a0\u00a0\u00a0\u00a0\u00a0\u00a0\u00a0\u00a0\u00a0\u00a0 \u0130brahim \u00c7ift\u00e7i\u00a0\u00a0\u00a0\u00a0\u00a0\u00a0\u00a0\u00a0\u00a0\u00a0\u00a0\u00a0\u00a0\u00a0\u00a0\u00a0\u00a0\u00a0\u00a0\u00a0\u00a0\u00a0\u00a0\u00a0\u00a0\u00a0\u00a0\u00a0\u00a0\u00a0\u00a0\u00a0\u00a0\u00a0\u00a0\u00a0\u00a0 S\u00fcleyman\u00a0\u00a0\u00a0\u00a0\u00a0\u00a0\u00a0\u00a0\u00a0\u00a0\u00a0\u00a0\u00a0\u00a0\u00a0 1897-1972\u00a0\u00a0\u00a0\u00a0\u00a0\u00a0\u00a0\u00a0\u00a0\u00a0 1936<\/p>\n<p>08\u00a0\u00a0\u00a0\u00a0\u00a0\u00a0\u00a0\u00a0\u00a0\u00a0\u00a0\u00a0\u00a0 Muhammet Tuncer (Molla \u00d6mer)\u00a0\u00a0 Numan\u00a0\u00a0\u00a0\u00a0\u00a0\u00a0\u00a0\u00a0\u00a0\u00a0\u00a0\u00a0\u00a0\u00a0\u00a0\u00a0\u00a0\u00a0\u00a0\u00a0 1906- 1964\u00a0\u00a0\u00a0\u00a0\u00a0\u00a0\u00a0\u00a0\u00a0\u00a0 1939<\/p>\n<p>09\u00a0\u00a0\u00a0\u00a0\u00a0\u00a0\u00a0\u00a0\u00a0\u00a0\u00a0\u00a0\u00a0 S\u00fcleyman Kasapo\u011fl\u0131\u00a0\u00a0\u00a0\u00a0\u00a0\u00a0\u00a0\u00a0\u00a0\u00a0\u00a0\u00a0\u00a0\u00a0\u00a0\u00a0\u00a0\u00a0\u00a0\u00a0\u00a0\u00a0\u00a0\u00a0\u00a0 Mehmet\u00a0\u00a0\u00a0\u00a0\u00a0\u00a0\u00a0\u00a0\u00a0\u00a0\u00a0\u00a0\u00a0\u00a0\u00a0\u00a0\u00a0\u00a0 1919-1961\u00a0\u00a0\u00a0\u00a0\u00a0\u00a0\u00a0\u00a0\u00a0\u00a0 1940<\/p>\n<p>10\u00a0\u00a0\u00a0\u00a0\u00a0\u00a0\u00a0\u00a0\u00a0\u00a0\u00a0\u00a0\u00a0 Mehmet Niyazi \u00c7ift\u00e7i (Mehmet Ali)\u00a0\u00a0\u00a0\u00a0 Kamil\u00a0\u00a0\u00a0\u00a0\u00a0\u00a0\u00a0\u00a0\u00a0\u00a0\u00a0\u00a0\u00a0\u00a0\u00a0\u00a0\u00a0\u00a0\u00a0\u00a0\u00a0\u00a0\u00a0 1900-1975\u00a0\u00a0\u00a0\u00a0\u00a0\u00a0\u00a0\u00a0\u00a0\u00a0 1941<\/p>\n<p>11\u00a0\u00a0\u00a0\u00a0\u00a0\u00a0\u00a0\u00a0\u00a0\u00a0\u00a0\u00a0\u00a0 Mehmet Arslant\u00fcrk (Tsubama)\u00a0\u00a0\u00a0\u00a0\u00a0\u00a0 \u0130brahim\u00a0\u00a0\u00a0\u00a0\u00a0\u00a0\u00a0\u00a0\u00a0\u00a0\u00a0\u00a0\u00a0\u00a0\u00a0\u00a0\u00a0\u00a0\u00a0 1904-1983\u00a0\u00a0\u00a0\u00a0\u00a0\u00a0\u00a0\u00a0\u00a0\u00a0 1942<\/p>\n<p>12\u00a0\u00a0\u00a0\u00a0\u00a0\u00a0\u00a0\u00a0\u00a0\u00a0\u00a0\u00a0\u00a0 H\u00fcseyin Tekeo\u011flu (Taka)\u00a0\u00a0\u00a0\u00a0\u00a0\u00a0\u00a0\u00a0\u00a0\u00a0\u00a0\u00a0\u00a0\u00a0\u00a0\u00a0 Behram\u00a0\u00a0\u00a0\u00a0\u00a0\u00a0\u00a0\u00a0\u00a0\u00a0\u00a0\u00a0\u00a0\u00a0\u00a0\u00a0\u00a0\u00a0\u00a0 1910-1988\u00a0\u00a0\u00a0\u00a0\u00a0\u00a0\u00a0\u00a0\u00a0\u00a0 1944<\/p>\n<p>13\u00a0\u00a0\u00a0\u00a0\u00a0\u00a0\u00a0\u00a0\u00a0\u00a0\u00a0\u00a0\u00a0 Mustafa Se\u00e7ilmi\u015f (Cevahir)\u00a0\u00a0\u00a0\u00a0\u00a0\u00a0\u00a0\u00a0\u00a0\u00a0\u00a0\u00a0\u00a0 Ahmet\u00a0\u00a0\u00a0\u00a0\u00a0\u00a0\u00a0\u00a0\u00a0\u00a0\u00a0\u00a0\u00a0\u00a0\u00a0\u00a0\u00a0\u00a0\u00a0\u00a0\u00a0 1920-1992\u00a0\u00a0\u00a0\u00a0\u00a0\u00a0\u00a0\u00a0\u00a0\u00a0 1947<\/p>\n<p>&nbsp;<\/p>\n<p>Mustafa Se\u00e7ilmi\u015f\u2019ten sonraki muhtarlar\u0131n se\u00e7ilme tarih ve muhtarl\u0131k s\u00fcreleri \u00c7aykara\u2019n\u0131n 1948 y\u0131l\u0131nda il\u00e7e stat\u00fcs\u00fcne ge\u00e7mesi dolay\u0131s\u0131 ile d\u00fczenli olarak foto\u011fraflar\u0131yla beraber kayda al\u0131nm\u0131\u015f ve \u00c7aykara Kaymakaml\u0131\u011f\u0131 \u00d6zel \u0130dare M\u00fcd\u00fcrl\u00fc\u011f\u00fcnce muhafaza edilmi\u015ftir. Ad\u0131 ge\u00e7en m\u00fcd\u00fcrl\u00fckten 2010 y\u0131l\u0131 eyl\u00fcl ay\u0131nda dosyalar\u0131n\u0131n da incelenmesi suretiyle al\u0131nan bilgilere g\u00f6re; 1950 y\u0131l\u0131ndan g\u00fcn\u00fcm\u00fcze kadar k\u00f6y\u00fcm\u00fczde muhtarl\u0131k yapm\u0131\u015f ki\u015filerin kimlikleri ve se\u00e7ilme tarihleri \u015f\u00f6yledir:<\/p>\n<p><u>S.No<\/u>\u00a0\u00a0\u00a0\u00a0\u00a0\u00a0\u00a0\u00a0\u00a0 <u>Ad\u0131, Soyad\u0131 ve L\u00e2kab\u0131<\/u>\u00a0\u00a0\u00a0\u00a0\u00a0\u00a0\u00a0\u00a0\u00a0\u00a0\u00a0\u00a0\u00a0\u00a0\u00a0\u00a0\u00a0\u00a0\u00a0\u00a0\u00a0 <u>Baba Ad\u0131<\/u>\u00a0\u00a0\u00a0\u00a0\u00a0\u00a0\u00a0\u00a0\u00a0\u00a0\u00a0\u00a0\u00a0\u00a0\u00a0\u00a0 <u>DT-\u00d6T<\/u>\u00a0\u00a0\u00a0\u00a0\u00a0\u00a0\u00a0\u00a0\u00a0\u00a0\u00a0\u00a0\u00a0\u00a0\u00a0\u00a0\u00a0\u00a0 <u>Muhtarl\u0131\u011fa Ba\u015flad\u0131\u011f\u0131Y\u0131l<\/u><\/p>\n<ol start=\"14\">\n<li>Rafet Ba\u015fo\u011flu (Molla \u0130smail) Mahmut\u00a0\u00a0\u00a0\u00a0\u00a0\u00a0\u00a0\u00a0\u00a0\u00a0\u00a0\u00a0\u00a0\u00a0\u00a0\u00a0\u00a0\u00a0 1912-1985\u00a0\u00a0\u00a0\u00a0\u00a0\u00a0\u00a0\u00a0\u00a0\u00a0 13.08.1950<\/li>\n<li>Ali Kaya (Alibey) Ethem\u00a0\u00a0\u00a0\u00a0\u00a0\u00a0\u00a0\u00a0\u00a0\u00a0\u00a0\u00a0\u00a0\u00a0\u00a0\u00a0\u00a0\u00a0\u00a0\u00a0\u00a0\u00a0 1910-1993\u00a0\u00a0\u00a0\u00a0\u00a0\u00a0\u00a0\u00a0\u00a0\u00a0 27.07.1952<\/li>\n<li>Ahmet Ali Kabao\u011flu (Alibey) Aziz\u00a0\u00a0\u00a0\u00a0\u00a0\u00a0\u00a0\u00a0\u00a0\u00a0\u00a0\u00a0\u00a0\u00a0\u00a0\u00a0\u00a0\u00a0\u00a0\u00a0\u00a0\u00a0\u00a0\u00a0\u00a0\u00a0 1911- 1986\u00a0\u00a0\u00a0\u00a0\u00a0\u00a0\u00a0\u00a0\u00a0\u00a0 17.11.1963<\/li>\n<li>Muhammet Ayd\u0131n (Zafer Mah.) \u00d6mer\u00a0\u00a0\u00a0\u00a0\u00a0\u00a0\u00a0\u00a0\u00a0\u00a0\u00a0\u00a0\u00a0\u00a0\u00a0\u00a0\u00a0\u00a0\u00a0\u00a0\u00a0\u00a0\u00a0\u00a0 1926-2005\u00a0\u00a0\u00a0\u00a0\u00a0\u00a0\u00a0\u00a0\u00a0\u00a0 02.06.1968<\/li>\n<li>M.Niyazi \u00c7ift\u00e7i (Mehmet Ali) K\u00e2mil\u00a0\u00a0\u00a0\u00a0\u00a0\u00a0\u00a0\u00a0\u00a0\u00a0\u00a0\u00a0\u00a0\u00a0\u00a0\u00a0\u00a0\u00a0\u00a0\u00a0\u00a0\u00a0\u00a0 1900-1975\u00a0\u00a0\u00a0\u00a0\u00a0\u00a0\u00a0\u00a0\u00a0\u00a0 26.11.1970<\/li>\n<li>Ali Kaya (Alibey) Ethem\u00a0\u00a0\u00a0\u00a0\u00a0\u00a0\u00a0\u00a0\u00a0\u00a0\u00a0\u00a0\u00a0\u00a0\u00a0\u00a0\u00a0\u00a0\u00a0\u00a0\u00a0\u00a0 1910-1993\u00a0\u00a0\u00a0\u00a0\u00a0\u00a0\u00a0\u00a0\u00a0\u00a0 06.01.1971<\/li>\n<li>Mehmet Aky\u00fcz (Vekil) Ahmet\u00a0\u00a0\u00a0\u00a0\u00a0\u00a0\u00a0\u00a0\u00a0\u00a0\u00a0\u00a0\u00a0\u00a0\u00a0\u00a0\u00a0\u00a0\u00a0\u00a0\u00a0 1910-1982\u00a0\u00a0\u00a0\u00a0\u00a0\u00a0\u00a0\u00a0\u00a0\u00a0 1972<\/li>\n<li>Sad\u0131k Do\u011fan (Atmaca) Salih\u00a0\u00a0\u00a0\u00a0\u00a0\u00a0\u00a0\u00a0\u00a0\u00a0\u00a0\u00a0\u00a0\u00a0\u00a0\u00a0\u00a0\u00a0\u00a0\u00a0\u00a0\u00a0\u00a0\u00a0\u00a0 1931-1996\u00a0\u00a0\u00a0\u00a0\u00a0\u00a0\u00a0\u00a0\u00a0\u00a0 09.12.1973<\/li>\n<li>Hasan Arslan (\u00d6merefendi) Ali\u00a0\u00a0\u00a0\u00a0\u00a0\u00a0\u00a0\u00a0\u00a0\u00a0\u00a0\u00a0\u00a0\u00a0\u00a0\u00a0\u00a0\u00a0\u00a0\u00a0\u00a0\u00a0\u00a0\u00a0\u00a0\u00a0\u00a0\u00a0\u00a0 1902-1996\u00a0\u00a0\u00a0\u00a0\u00a0\u00a0\u00a0\u00a0\u00a0\u00a0 1976<\/li>\n<li>Mahmut Ayd\u0131n (Saat\u00e7\u0131) \u00d6mer\u00a0\u00a0\u00a0\u00a0\u00a0\u00a0\u00a0\u00a0\u00a0\u00a0\u00a0\u00a0\u00a0\u00a0\u00a0\u00a0\u00a0\u00a0\u00a0\u00a0\u00a0\u00a0\u00a0\u00a0 1925-1999\u00a0\u00a0\u00a0\u00a0\u00a0\u00a0\u00a0\u00a0\u00a0\u00a0 12.12.1977<\/li>\n<li>Sad\u0131k Do\u011fan (Atmaca) Salih\u00a0\u00a0\u00a0\u00a0\u00a0\u00a0\u00a0\u00a0\u00a0\u00a0\u00a0\u00a0\u00a0\u00a0\u00a0\u00a0\u00a0\u00a0\u00a0\u00a0\u00a0\u00a0\u00a0\u00a0\u00a0 1931-1996\u00a0\u00a0\u00a0\u00a0\u00a0\u00a0\u00a0\u00a0\u00a0\u00a0 04.06.1978<\/li>\n<li>Kemal Tuncer (M\u00fcd\u00fcr) Mehmet\u00a0\u00a0\u00a0\u00a0\u00a0\u00a0\u00a0\u00a0\u00a0\u00a0\u00a0\u00a0\u00a0\u00a0\u00a0\u00a0\u00a0\u00a0 1944-&#8230;\u00a0\u00a0\u00a0\u00a0\u00a0\u00a0\u00a0\u00a0\u00a0\u00a0\u00a0\u00a0\u00a0\u00a0\u00a0\u00a0\u00a0 20.04.1982<\/li>\n<li>Esat Teke (Taka) Mehmet\u00a0\u00a0\u00a0\u00a0\u00a0\u00a0\u00a0\u00a0\u00a0\u00a0\u00a0\u00a0\u00a0\u00a0\u00a0\u00a0\u00a0\u00a0 1933-2005\u00a0\u00a0\u00a0\u00a0\u00a0\u00a0\u00a0\u00a0\u00a0\u00a0 25.03.1984<\/li>\n<li>Yusuf Rendecio\u011flu (Yorganc\u0131) Hasan\u00a0\u00a0\u00a0\u00a0\u00a0\u00a0\u00a0\u00a0\u00a0\u00a0\u00a0\u00a0\u00a0\u00a0\u00a0\u00a0\u00a0\u00a0\u00a0\u00a0\u00a0\u00a0 1959-&#8230;\u00a0\u00a0\u00a0\u00a0\u00a0\u00a0\u00a0\u00a0\u00a0\u00a0\u00a0\u00a0\u00a0\u00a0\u00a0\u00a0\u00a0 26.03.1989<\/li>\n<li>Numan Ayd\u0131n Mehmet\u00a0\u00a0\u00a0\u00a0\u00a0\u00a0\u00a0\u00a0\u00a0\u00a0\u00a0\u00a0\u00a0\u00a0\u00a0\u00a0\u00a0\u00a0 1950-&#8230;\u00a0\u00a0\u00a0\u00a0\u00a0\u00a0\u00a0\u00a0\u00a0\u00a0\u00a0\u00a0\u00a0\u00a0\u00a0\u00a0\u00a0 03.06.1990<\/li>\n<li>\u0130hsan Ba\u015fo\u011flu Yusuf\u00a0\u00a0\u00a0\u00a0\u00a0\u00a0\u00a0\u00a0\u00a0\u00a0\u00a0\u00a0\u00a0\u00a0\u00a0\u00a0\u00a0\u00a0\u00a0\u00a0\u00a0\u00a0\u00a0 1943-&#8230;\u00a0\u00a0\u00a0\u00a0\u00a0\u00a0\u00a0\u00a0\u00a0\u00a0\u00a0\u00a0\u00a0\u00a0\u00a0\u00a0\u00a0 14.08.1998<\/li>\n<li>Nihat \u00c7ift\u00e7i Abd\u00fcl Aziz\u00a0\u00a0\u00a0\u00a0\u00a0\u00a0\u00a0\u00a0\u00a0\u00a0\u00a0\u00a0\u00a0 1955-&#8230;\u00a0\u00a0\u00a0\u00a0\u00a0\u00a0\u00a0\u00a0\u00a0\u00a0\u00a0\u00a0\u00a0\u00a0\u00a0\u00a0\u00a0 2003<\/li>\n<li>Hasan Keski S\u00fcleyman\u00a0\u00a0\u00a0\u00a0\u00a0\u00a0\u00a0\u00a0\u00a0\u00a0\u00a0\u00a0\u00a0\u00a0\u00a0 1970-&#8230;\u00a0\u00a0\u00a0\u00a0\u00a0\u00a0\u00a0\u00a0\u00a0\u00a0\u00a0\u00a0\u00a0\u00a0\u00a0\u00a0\u00a0 2008<\/li>\n<\/ol>\n<p>K\u00f6y\u00fcm\u00fcz\u00fcn maddi manevi t\u00fcm kazan\u0131mlar\u0131nda ellerinden gelen t\u00fcm gayreti sarfeden bu de\u011ferli insanlar\u0131n \u00f6lenlerine rahmet, ya\u015fayanlar\u0131na sa\u011fl\u0131k ve sel\u00e2met dileyerek ve s\u0131ras\u0131 geldik\u00e7e icraatlar\u0131n\u0131n detay\u0131nlar\u0131na, ba\u015flar\u0131ndan ge\u00e7en ve g\u00fcn\u00fcm\u00fcze kadar ula\u015fan f\u0131krala\u015fm\u0131\u015f olaylar\u0131na de\u011finece\u011fimizi belirterek sayg\u0131 ile huzurlar\u0131ndan ayr\u0131lal\u0131m \u015fimdilik.<\/p>\n<p><img loading=\"lazy\" decoding=\"async\" class=\"alignnone size-full wp-image-380\" src=\"https:\/\/zeleka.com\/wp-content\/uploads\/2025\/01\/Vesikalik-2.jpg\" alt=\"\" width=\"70\" height=\"100\" \/><\/p>\n<p>Ahmet MUTLUO\u011eLU<\/p>\n<p>\u00c7aml\u0131ca, 20.01.2012<\/p>\n<p>&nbsp;<\/p>\n<p>KAYNAK\u00c7A:<\/p>\n<ol>\n<li>\u00c7aykara \u0130l\u00e7esi \u00d6zel \u0130dare M\u00fcd\u00fcrl\u00fc\u011f\u00fc<\/li>\n<li>Of \u0130l\u00e7esi \u00d6zel \u0130dare M\u00fcd\u00fcrl\u00fc\u011f\u00fc<\/li>\n<li>Havva K\u0131l\u0131\u00e7o\u011flu Ayd\u0131n, Ali Osman K\u0131z\u0131 (1905-&#8230;)<\/li>\n<li>Mehmet Hul\u00fcsi Mutluo\u011flu, Ahmet O\u011flu (1926-&#8230;)<\/li>\n<li>Ahmet Faik Arslant\u00fcrko\u011flu,\u0130brahim O\u011flu (1928-&#8230;)<\/li>\n<li>Cel\u00e2l Ayaz, (1929-\u2026)<\/li>\n<li>\u0130brahim Atalay, Mehmet O\u011flu (1929-\u2026)<\/li>\n<li>Mustafa \u00c7ift\u00e7i, Mehmet Niyazi O\u011flu (1929-&#8230;)<\/li>\n<li>Hasan Arslant\u00fcrko\u011flu, Numan O\u011flu (1933-&#8230;)<\/li>\n<li>Ahmet Hamdi Tekeo\u011flu, H\u00fcseyin O\u011flu (1933-&#8230;)<\/li>\n<li>Aziz Kabao\u011flu, Ahmet Ali O\u011flu (1934-&#8230;)<\/li>\n<li>Mehmet Zeki Ba\u015fo\u011flu, Rafet O\u011flu (1938)<\/li>\n<li>\u0130smet Tuncer, \u0130lyas O\u011flu (1942-&#8230;)<\/li>\n<li>Ahmet (Behram) Tekeo\u011flu, H\u00fcseyin O\u011flu (1943-&#8230;)<\/li>\n<li>\u0130brahim Tuncer, Tahsin O\u011flu (1949-\u2026)<\/li>\n<li>Ali \u0130lhan Atalay, \u0130brahim O\u011flu (1954-\u2026)<\/li>\n<li>Ahmet Ayd\u0131n, M\u00fcslim O\u011flu (1957-\u2026)<\/li>\n<li>Alay Kasapo\u011flu, Abdul Aziz O\u011flu (1957-\u2026)<\/li>\n<li>\u0130brahim Arslant\u00fcrko\u011flu, Alibey O\u011flu (1959-&#8230;)<\/li>\n<li>H\u00fcseyin \u015eeno\u011flu, Enver O\u011flu (1954-&#8230;)<\/li>\n<li>Mehmet \u015eeno\u011flu, Enver O\u011flu (1959-&#8230;)<\/li>\n<\/ol>\n<p>&nbsp;<\/p>\n<p>&nbsp;<\/p>\n","protected":false},"excerpt":{"rendered":"<p>&nbsp; \u00c7AYKARA- TA\u015e\u00d6REN (ZELEKA) K\u00d6Y\u00dcM\u00dcZ\u00dcM B\u0130L\u0130NEN T\u00dcM MUHTARLARI (2) Cumhuriyetin kurulmas\u0131 ile T\u00fcrkiye modern manada bir devlet d\u00fczenine girer. Her \u015fey hiza-i mesafeye \u00e7ekilir. Kurallara ba\u011flan\u0131r devlet y\u00f6netimi. Her i\u015f kanuna ba\u011flan\u0131r. Ba\u015f\u0131bozukluk, karga\u015fa, e\u015fk\u0131ya, k\u00fclhanbeylik gibi keyfi yaramazl\u0131klara son verilir. \u00dclke n\u00fcfusunun y\u00fczde seksene yak\u0131n k\u0131sm\u0131 k\u00f6ylerde ya\u015fad\u0131\u011f\u0131 i\u00e7in ilk i\u015flerin biri olarak, 18 [&hellip;]<\/p>\n","protected":false},"author":1,"featured_media":4592,"comment_status":"open","ping_status":"open","sticky":false,"template":"","format":"standard","meta":{"tdm_status":"","tdm_grid_status":"","footnotes":""},"categories":[30,29],"tags":[],"class_list":{"0":"post-4901","1":"post","2":"type-post","3":"status-publish","4":"format-standard","5":"has-post-thumbnail","7":"category-ahmet-mutluoglu","8":"category-yazarlar"},"_links":{"self":[{"href":"https:\/\/zeleka.com\/index.php?rest_route=\/wp\/v2\/posts\/4901","targetHints":{"allow":["GET"]}}],"collection":[{"href":"https:\/\/zeleka.com\/index.php?rest_route=\/wp\/v2\/posts"}],"about":[{"href":"https:\/\/zeleka.com\/index.php?rest_route=\/wp\/v2\/types\/post"}],"author":[{"embeddable":true,"href":"https:\/\/zeleka.com\/index.php?rest_route=\/wp\/v2\/users\/1"}],"replies":[{"embeddable":true,"href":"https:\/\/zeleka.com\/index.php?rest_route=%2Fwp%2Fv2%2Fcomments&post=4901"}],"version-history":[{"count":2,"href":"https:\/\/zeleka.com\/index.php?rest_route=\/wp\/v2\/posts\/4901\/revisions"}],"predecessor-version":[{"id":4988,"href":"https:\/\/zeleka.com\/index.php?rest_route=\/wp\/v2\/posts\/4901\/revisions\/4988"}],"wp:featuredmedia":[{"embeddable":true,"href":"https:\/\/zeleka.com\/index.php?rest_route=\/wp\/v2\/media\/4592"}],"wp:attachment":[{"href":"https:\/\/zeleka.com\/index.php?rest_route=%2Fwp%2Fv2%2Fmedia&parent=4901"}],"wp:term":[{"taxonomy":"category","embeddable":true,"href":"https:\/\/zeleka.com\/index.php?rest_route=%2Fwp%2Fv2%2Fcategories&post=4901"},{"taxonomy":"post_tag","embeddable":true,"href":"https:\/\/zeleka.com\/index.php?rest_route=%2Fwp%2Fv2%2Ftags&post=4901"}],"curies":[{"name":"wp","href":"https:\/\/api.w.org\/{rel}","templated":true}]}}