{"id":490,"date":"2025-01-06T21:57:00","date_gmt":"2025-01-06T18:57:00","guid":{"rendered":"https:\/\/zeleka.com\/?p=490"},"modified":"2025-01-06T21:57:00","modified_gmt":"2025-01-06T18:57:00","slug":"halit-ataman-vefat-etti","status":"publish","type":"post","link":"https:\/\/zeleka.com\/?p=490","title":{"rendered":"Halit Ataman vefat etti"},"content":{"rendered":"<p><img loading=\"lazy\" width=\"720\" height=\"540\" src=\"https:\/\/www.caykaragazetesi.com\/wp-content\/uploads\/2025\/01\/halit-ataman-vefat-etti.jpeg\" class=\"attachment-post-thumbnail size-post-thumbnail wp-post-image\" alt=\"Halit Ataman vefat etti 2\" decoding=\"async\" title=\"Halit Ataman vefat etti 2\"><\/p>\n<p>\u00c7aykara\u2019n\u0131n \u015eahinkaya Mahallesinin en ya\u015fl\u0131s\u0131 Halit Ataman(99) K\u0131r\u0131khan\u2019da vefat etti.. Cenazesi \u00c7aykara\u2019ya getirilerek 7 Ocak 2025 Sal\u0131 g\u00fcn\u00fc ikindi namaz\u0131na m\u00fcteakip aile kabristanl\u0131\u011f\u0131nda defnedilecek. Allah rahmet eylesin.<\/p>\n<p>O\u011flu Kamil Ataman 0 (537) 262 59 21<\/p>\n<p>Bu icerik www.caykaragazetesi.com alintidir.<\/p>\n","protected":false},"excerpt":{"rendered":"<p>\u00c7aykara\u2019n\u0131n \u015eahinkaya Mahallesinin en ya\u015fl\u0131s\u0131 Halit Ataman(99) K\u0131r\u0131khan\u2019da vefat etti.. Cenazesi \u00c7aykara\u2019ya getirilerek 7 Ocak 2025 Sal\u0131 g\u00fcn\u00fc ikindi namaz\u0131na m\u00fcteakip aile kabristanl\u0131\u011f\u0131nda defnedilecek. Allah rahmet eylesin. O\u011flu Kamil Ataman 0 (537) 262 59 21 Bu icerik www.caykaragazetesi.com alintidir.<\/p>\n","protected":false},"author":2,"featured_media":491,"comment_status":"closed","ping_status":"open","sticky":false,"template":"","format":"standard","meta":{"tdm_status":"","tdm_grid_status":"","footnotes":""},"categories":[40],"tags":[],"class_list":{"0":"post-490","1":"post","2":"type-post","3":"status-publish","4":"format-standard","5":"has-post-thumbnail","7":"category-caykara"},"_links":{"self":[{"href":"https:\/\/zeleka.com\/index.php?rest_route=\/wp\/v2\/posts\/490","targetHints":{"allow":["GET"]}}],"collection":[{"href":"https:\/\/zeleka.com\/index.php?rest_route=\/wp\/v2\/posts"}],"about":[{"href":"https:\/\/zeleka.com\/index.php?rest_route=\/wp\/v2\/types\/post"}],"author":[{"embeddable":true,"href":"https:\/\/zeleka.com\/index.php?rest_route=\/wp\/v2\/users\/2"}],"replies":[{"embeddable":true,"href":"https:\/\/zeleka.com\/index.php?rest_route=%2Fwp%2Fv2%2Fcomments&post=490"}],"version-history":[{"count":0,"href":"https:\/\/zeleka.com\/index.php?rest_route=\/wp\/v2\/posts\/490\/revisions"}],"wp:featuredmedia":[{"embeddable":true,"href":"https:\/\/zeleka.com\/index.php?rest_route=\/wp\/v2\/media\/491"}],"wp:attachment":[{"href":"https:\/\/zeleka.com\/index.php?rest_route=%2Fwp%2Fv2%2Fmedia&parent=490"}],"wp:term":[{"taxonomy":"category","embeddable":true,"href":"https:\/\/zeleka.com\/index.php?rest_route=%2Fwp%2Fv2%2Fcategories&post=490"},{"taxonomy":"post_tag","embeddable":true,"href":"https:\/\/zeleka.com\/index.php?rest_route=%2Fwp%2Fv2%2Ftags&post=490"}],"curies":[{"name":"wp","href":"https:\/\/api.w.org\/{rel}","templated":true}]}}