{"id":4894,"date":"2025-08-26T00:32:28","date_gmt":"2025-08-25T21:32:28","guid":{"rendered":"https:\/\/zeleka.com\/?p=4894"},"modified":"2025-08-26T00:32:28","modified_gmt":"2025-08-25T21:32:28","slug":"trabzonun-caykara-ilcesine-bagli-sarikaya-yaylasinda-gerceklestirilen-senlik-etkinligi-kapsaminda-filistinde-isgal-altinda-bulunan-ve-zulum-goren-musluman","status":"publish","type":"post","link":"https:\/\/zeleka.com\/?p=4894","title":{"rendered":"<div id=\"detaymetin\">                            <p>Trabzon\u2019un \u00c7aykara \u0130l\u00e7esine ba\u011fl\u0131 Sar\u0131kaya Yaylas\u0131nda ger\u00e7ekle\u015ftirilen \u015eenlik etkinli\u011fi kapsam\u0131nda Filistin\u2019de i\u015fgal alt\u0131nda bulunan ve zul\u00fcm g\u00f6ren M\u00fcsl\u00fcman karde\u015flerimiz i\u00e7in des"},"content":{"rendered":"<div id=\"detaymetin\">\n<p>Trabzon\u2019un \u00c7aykara \u0130l\u00e7esine ba\u011fl\u0131 Sar\u0131kaya Yaylas\u0131nda ger\u00e7ekle\u015ftirilen \u015eenlik etkinli\u011fi kapsam\u0131nda Filistin\u2019de i\u015fgal alt\u0131nda bulunan ve zul\u00fcm g\u00f6ren M\u00fcsl\u00fcman karde\u015flerimiz i\u00e7in destek y\u00fcr\u00fcy\u00fc\u015f\u00fc ger\u00e7ekle\u015ftirildi.<\/p>\n<p>\u00c7aykara \u00c7aml\u0131bel Mahallesi Muhtar\u0131 Abdullah Kula\u00e7 y\u00f6netiminde haz\u0131rlanan Geleneksel Sar\u0131kaya Yaylas\u0131 K\u00fclt\u00fcrel Etkinlikleri,yaz \u015fenli\u011fi ve halk g\u00fcn\u00fc organizasyonu 25 A\u011fustos 2025 Pazar g\u00fcn\u00fc ger\u00e7ekle\u015ftirildi.<\/p>\n<figure><img decoding=\"async\" src=\"https:\/\/caykaragundem.com\/resimler\/2025-8\/25\/1013801095852947.webp\"><\/figure>\n<p>Ger\u00e7ekle\u015ftirilen Etkinli\u011fe Sakarya Trabzon\u2019lular Derne\u011fi Dernek Ba\u015fkan\u0131 Prof.Dr.Fehmi \u00c7elebi,\u00c7aykara Kaymakam\u0131 Ali Sapmaz,\u00c7aykara Belediye Ba\u015fkan\u0131 Hanefi Tok \u00c7aml\u0131bel Mahallesinin tan\u0131nm\u0131\u015f \u0130\u015f insanlar\u0131ndan Mustafa Yanm\u0131\u015f ve Necati Engin G\u00fcne\u015f ve \u00e7ok kalabal\u0131k bir vatanda\u015f toplulu\u011fu kat\u0131l\u0131m sa\u011flad\u0131.<\/p>\n<p>Ger\u00e7ekle\u015ftirilen bulu\u015fma etkinli\u011fi kapsam\u0131nda unutulmaya y\u00fcz tutmu\u015f geleneksel \u00e7ocuk oyunlar\u0131 i\u00e7in \u00e7e\u015fitli stant alanlar\u0131 olu\u015fturuldu ve bu alanlara oyunlar\u0131 y\u00f6netecek olan g\u00f6revliler yerle\u015ftirilerek kat\u0131l\u0131mc\u0131lar\u0131n bir g\u00fcnl\u00fc\u011f\u00fcne de olsa \u00e7ocukluklar\u0131n\u0131 ya\u015famalar\u0131 sa\u011fland\u0131.<\/p>\n<figure><img decoding=\"async\" src=\"https:\/\/caykaragundem.com\/resimler\/2025-8\/25\/69181169977557.webp\"><\/figure>\n<p>Ayr\u0131ca futbol,voleybol,lang\u0131rt,masa tenisi,bilek g\u00fcre\u015fi alanlar\u0131 olu\u015fturularak vatanda\u015flkar\u0131n bu oyunlara kat\u0131l\u0131m sa\u011flamalar\u0131 sa\u011fland\u0131.<\/p>\n<p>Protokol konu\u015fmalar\u0131 \u00f6ncesinde etkinli\u011fe kat\u0131l\u0131m sa\u011flayan t\u00fcm vatanda\u015flara Muhtar Abdullah Kula\u00e7 taraf\u0131ndan \u015fal,atk\u0131,bayrak takdimi ger\u00e7ekle\u015ftirilerek Filistin\u2019e destek i\u00e7in fark\u0131ndal\u0131k ortam\u0131 olu\u015fturuldu.<\/p>\n<p>Ayr\u0131ca sahneye konulan Destek ba\u011f\u0131\u015f kutusu sayesinde elde edilen gelir Filistin\u2019e ba\u011f\u0131\u015fland\u0131.<\/p>\n<figure><img decoding=\"async\" src=\"https:\/\/caykaragundem.com\/resimler\/2025-8\/25\/88199347468570.webp\"><\/figure>\n<p>\u00a0Sakarya Trabzon\u2019lular Derne\u011fi Dernek Ba\u015fkan\u0131 Prof.Dr.Fehmi \u00c7elebi,\u00c7aykara Kaymakam\u0131 Ali Sapmaz,\u00c7aykara Belediye Ba\u015fkan\u0131 Hanefi Tok \u00c7aml\u0131bel Mahallesinin tan\u0131nm\u0131\u015f \u0130\u015f insanlar\u0131ndan Mustafa Yanm\u0131\u015f ve Necati Engin G\u00fcne\u015f ile Organizat\u00f6r Abdullah Kula\u00e7 taraf\u0131ndan birer selamlama konu\u015fmas\u0131 ger\u00e7ekle\u015ftirildi.<\/p>\n<p>Program\u0131n son b\u00f6l\u00fcm\u00fcnde ise Kaymakam Sapmaz ve Ba\u015fkan Tok\u2019un \u00f6nderli\u011finde \u00a0etkinli\u011fe kat\u0131l\u0131m sa\u011flayan t\u00fcm vatanda\u015flar taraf\u0131ndan Filistin i\u00e7in fark\u0131ndal\u0131k y\u00fcr\u00fcy\u00fc\u015f\u00fc ger\u00e7ekle\u015ftirildi.<\/p>\n<p>Filistin ve T\u00fcrk Bayra\u011f\u0131n\u0131n bir arada ta\u015f\u0131nd\u0131\u011f\u0131 fark\u0131ndal\u0131k y\u00fcr\u00fcy\u00fc\u015f\u00fcnde vatanda\u015flar taraf\u0131ndan Filistin\u2019e destek sloganlar\u0131 at\u0131ld\u0131.<\/p>\n<figure><img decoding=\"async\" src=\"https:\/\/caykaragundem.com\/resimler\/2025-8\/25\/1079654100084.webp\"><\/figure>\n<p>\u015eenlik Organizat\u00f6r\u00fc Abdullah Kula\u00e7 \u015fenli\u011fin ard\u0131ndan \u015fu ifadelere yer verdi.<\/p>\n<p>Hem K\u00fclt\u00fcr\u00fcm\u00fcz\u00fcn ya\u015fat\u0131lmas\u0131 hem gelenek ve g\u00f6reneklerimizin ge\u00e7mi,\u015f ku\u015faklardan gelecek ku\u015faklara aktar\u0131lmas\u0131 amac\u0131 ile haz\u0131rlam\u0131\u015f oldu\u011fumuz bu \u00f6rnek etkinli\u011fimiz ge\u00e7ti\u011fimiz senelerde oldu\u011fu gibi bu sene de muhte\u015fem bir kat\u0131l\u0131m ile ger\u00e7ekle\u015ftirildi.<\/p>\n<figure><img decoding=\"async\" src=\"https:\/\/caykaragundem.com\/resimler\/2025-8\/25\/1196251102905104.webp\"><\/figure>\n<p>Etkinli\u011fimizin haz\u0131rlanmas\u0131ndaki emek ve katk\u0131lar\u0131ndan dolay\u0131 Ba\u015fta \u00c7aykara Kaymakam\u0131m\u0131z Say\u0131n Ali Sapmaz ve \u00c7aykara Belediye Ba\u015fkan\u0131 Hanefi Tok olmak \u00fczere emek veren herkese minnet duygular\u0131m\u0131z\u0131 iletiyoruz.<\/p>\n<p>Filistin en b\u00fcy\u00fck y\u00fcrek yaram\u0131z.Filistin\u2019de \u00f6len \u00e7ocuklar\u0131m\u0131z y\u00fcreklerimizi da\u011fl\u0131yor.Filistin\u2019de \u00f6ld\u00fcr\u00fclen m\u00fcskl\u00fcman karde\u015flerimizin ac\u0131s\u0131 y\u00fcre\u011fimizi yak\u0131yor.<\/p>\n<p>Bizler Sar\u0131kaya yaylas\u0131 olarak bir fark\u0131ndal\u0131k olu\u015fturmak istedik.\u0130stedik ki Filistin\u2019de \u00f6l\u00fcmler dursun.\u0130stedik ki Filistin\u2019de art\u0131k g\u00f6z ya\u015f\u0131 son bulsun.<\/p>\n<p>Bu ama\u00e7 ile Filistin ve T\u00fcrk bayraklar\u0131m\u0131z ile birlikte ger\u00e7ekle\u015ftirmi\u015f oldu\u011fumuz fark\u0131ndal\u0131k y\u00fcr\u00fcy\u00fc\u015f\u00fcm\u00fcze kat\u0131l\u0131m sa\u011flayan t\u00fcm protokol\u00fcm\u00fcze ve vatanda\u015flar\u0131m\u0131za minnet duygular\u0131m\u0131z\u0131 iletiyoruz.<\/p>\n<p>          <\/div>\n","protected":false},"excerpt":{"rendered":"<p>Trabzon\u2019un \u00c7aykara \u0130l\u00e7esine ba\u011fl\u0131 Sar\u0131kaya Yaylas\u0131nda ger\u00e7ekle\u015ftirilen \u015eenlik etkinli\u011fi kapsam\u0131nda Filistin\u2019de i\u015fgal alt\u0131nda bulunan ve zul\u00fcm g\u00f6ren M\u00fcsl\u00fcman karde\u015flerimiz i\u00e7in destek y\u00fcr\u00fcy\u00fc\u015f\u00fc ger\u00e7ekle\u015ftirildi. \u00c7aykara \u00c7aml\u0131bel Mahallesi Muhtar\u0131 Abdullah Kula\u00e7 y\u00f6netiminde haz\u0131rlanan Geleneksel Sar\u0131kaya Yaylas\u0131 K\u00fclt\u00fcrel Etkinlikleri,yaz \u015fenli\u011fi ve halk g\u00fcn\u00fc organizasyonu 25 A\u011fustos 2025 Pazar g\u00fcn\u00fc ger\u00e7ekle\u015ftirildi. Ger\u00e7ekle\u015ftirilen Etkinli\u011fe Sakarya Trabzon\u2019lular Derne\u011fi Dernek Ba\u015fkan\u0131 Prof.Dr.Fehmi [&hellip;]<\/p>\n","protected":false},"author":1,"featured_media":4895,"comment_status":"open","ping_status":"open","sticky":false,"template":"","format":"standard","meta":{"tdm_status":"","tdm_grid_status":"","footnotes":""},"categories":[40],"tags":[],"class_list":{"0":"post-4894","1":"post","2":"type-post","3":"status-publish","4":"format-standard","5":"has-post-thumbnail","7":"category-caykara"},"_links":{"self":[{"href":"https:\/\/zeleka.com\/index.php?rest_route=\/wp\/v2\/posts\/4894","targetHints":{"allow":["GET"]}}],"collection":[{"href":"https:\/\/zeleka.com\/index.php?rest_route=\/wp\/v2\/posts"}],"about":[{"href":"https:\/\/zeleka.com\/index.php?rest_route=\/wp\/v2\/types\/post"}],"author":[{"embeddable":true,"href":"https:\/\/zeleka.com\/index.php?rest_route=\/wp\/v2\/users\/1"}],"replies":[{"embeddable":true,"href":"https:\/\/zeleka.com\/index.php?rest_route=%2Fwp%2Fv2%2Fcomments&post=4894"}],"version-history":[{"count":0,"href":"https:\/\/zeleka.com\/index.php?rest_route=\/wp\/v2\/posts\/4894\/revisions"}],"wp:featuredmedia":[{"embeddable":true,"href":"https:\/\/zeleka.com\/index.php?rest_route=\/wp\/v2\/media\/4895"}],"wp:attachment":[{"href":"https:\/\/zeleka.com\/index.php?rest_route=%2Fwp%2Fv2%2Fmedia&parent=4894"}],"wp:term":[{"taxonomy":"category","embeddable":true,"href":"https:\/\/zeleka.com\/index.php?rest_route=%2Fwp%2Fv2%2Fcategories&post=4894"},{"taxonomy":"post_tag","embeddable":true,"href":"https:\/\/zeleka.com\/index.php?rest_route=%2Fwp%2Fv2%2Ftags&post=4894"}],"curies":[{"name":"wp","href":"https:\/\/api.w.org\/{rel}","templated":true}]}}