{"id":4892,"date":"2025-08-26T00:32:29","date_gmt":"2025-08-25T21:32:29","guid":{"rendered":"https:\/\/zeleka.com\/?p=4892"},"modified":"2025-08-26T00:32:29","modified_gmt":"2025-08-25T21:32:29","slug":"karadeniz-ve-ulke-turizminin-en-onemli-merkezlerinden-uzungolde-turku-ve-sinema-keyfi-birlikte-yasandi-uzungol-muhtari-selman-dilek-ile-uzungol-turizmciler-dernegi","status":"publish","type":"post","link":"https:\/\/zeleka.com\/?p=4892","title":{"rendered":"<div id=\"detaymetin\">                            <p>Karadeniz ve \u00dclke Turizminin en \u00f6nemli merkezlerinden Uzung\u00f6l\u2019de T\u00fcrk\u00fc ve Sinema keyfi birlikte ya\u015fand\u0131.<\/p><p>Uzung\u00f6l Muhtar\u0131 Selman Dilek ile Uzung\u00f6l Turizmciler Derne\u011fi Ba\u015fkan\u0131 Mehmet K"},"content":{"rendered":"<div id=\"detaymetin\">\n<p>Karadeniz ve \u00dclke Turizminin en \u00f6nemli merkezlerinden Uzung\u00f6l\u2019de T\u00fcrk\u00fc ve Sinema keyfi birlikte ya\u015fand\u0131.<\/p>\n<p>Uzung\u00f6l Muhtar\u0131 Selman Dilek ile Uzung\u00f6l Turizmciler Derne\u011fi Ba\u015fkan\u0131 Mehmet Kele\u015f\u2019in ortak organizasyonu ile ger\u00e7ekle\u015ftirilen etkinlik 25 A\u011fustos 2025 Pazartesi ak\u015fam\u0131 ger\u00e7ekle\u015ftirildi.<\/p>\n<figure><img decoding=\"async\" src=\"https:\/\/caykaragundem.com\/resimler\/2025-8\/25\/1088641572957537.webp\"><\/figure>\n<p>\u00c7aykara Kaymakam\u0131 Ali Sapmaz,\u00c7aykara Belediye Ba\u015fkan\u0131 Hanefi Tok ve Uzung\u00f6l Muhtar\u0131 Selman Dilek ger\u00e7ekle\u015ftirilen etkinli\u011fe kat\u0131l\u0131m sa\u011flad\u0131.<\/p>\n<p>Program kapsam\u0131nda K\u00fclt\u00fcr ve Turizm Bakanl\u0131\u011f\u0131 gezici t\u0131r\u0131 Uzung\u00f6l\u2019e getirilerek okul bah\u00e7esine yerle\u015ftirildi.<\/p>\n<figure><img decoding=\"async\" src=\"https:\/\/caykaragundem.com\/resimler\/2025-8\/25\/90260969803655.webp\"><\/figure>\n<p>Yakla\u015f\u0131k 10 Sanat\u00e7\u0131dan olu\u015fan K\u00fclt\u00fcr ve Turizm Bakanl\u0131\u011f\u0131 T\u00fcrk Halk M\u00fczi\u011fi korosu programda dinleyenlere hem T\u00fcrk Halk M\u00fczi\u011finin g\u00fczel t\u00fcrk\u00fcleri hem de Karadeniz oyun havalar\u0131ndan olu\u015fan t\u00fcrk\u00fcler ile muhte\u015fem bir ak\u015fam ya\u015fatt\u0131lar.<\/p>\n<p>T\u00fcrk Halk M\u00fczi\u011fi ve Karadeniz M\u00fczi\u011fine emek vermi\u015f olan emektar sanat\u00e7\u0131lar\u0131n resimleri ekrana yans\u0131t\u0131larak t\u00fcrk\u00fclerinin canland\u0131r\u0131ld\u0131\u011f\u0131 programda vefa kavram\u0131n\u0131n ne kadar \u00f6nemli oldu\u011fu bir kere daha g\u00f6zler \u00f6n\u00fcne serildi.<\/p>\n<figure><img decoding=\"async\" src=\"https:\/\/caykaragundem.com\/resimler\/2025-8\/25\/123464781454260.webp\"><\/figure>\n<p>Program\u0131n ikinci b\u00f6l\u00fcm\u00fcnde ise Gezici Sinema etkinli\u011fi kapsam\u0131nda Ba\u015frollerini Kadir \u0130nan\u0131r\u2019\u0131n payla\u015ft\u0131klar\u0131 \u201cSelvi Boylum,Al Yazmal\u0131m isimli T\u00fcrk filmi izleyiciler ile bulu\u015ftu.<\/p>\n<p>Uzung\u00f6l Halk\u0131 ile yerli ve yabanc\u0131 misafirlerin \u00e7ok b\u00fcy\u00fck bir ilgi g\u00f6sterdikleri Konser ve Sinema etkinli\u011fi \u00e7ok yo\u011fun bir kalabal\u0131\u011f\u0131n kat\u0131l\u0131m\u0131 ile ger\u00e7ekle\u015fti.<\/p>\n<figure><img decoding=\"async\" src=\"https:\/\/caykaragundem.com\/resimler\/2025-8\/25\/96566616444595.webp\"><\/figure>\n<p>          <\/div>\n","protected":false},"excerpt":{"rendered":"<p>Karadeniz ve \u00dclke Turizminin en \u00f6nemli merkezlerinden Uzung\u00f6l\u2019de T\u00fcrk\u00fc ve Sinema keyfi birlikte ya\u015fand\u0131. Uzung\u00f6l Muhtar\u0131 Selman Dilek ile Uzung\u00f6l Turizmciler Derne\u011fi Ba\u015fkan\u0131 Mehmet Kele\u015f\u2019in ortak organizasyonu ile ger\u00e7ekle\u015ftirilen etkinlik 25 A\u011fustos 2025 Pazartesi ak\u015fam\u0131 ger\u00e7ekle\u015ftirildi. \u00c7aykara Kaymakam\u0131 Ali Sapmaz,\u00c7aykara Belediye Ba\u015fkan\u0131 Hanefi Tok ve Uzung\u00f6l Muhtar\u0131 Selman Dilek ger\u00e7ekle\u015ftirilen etkinli\u011fe kat\u0131l\u0131m sa\u011flad\u0131. Program kapsam\u0131nda [&hellip;]<\/p>\n","protected":false},"author":1,"featured_media":4893,"comment_status":"open","ping_status":"open","sticky":false,"template":"","format":"standard","meta":{"tdm_status":"","tdm_grid_status":"","footnotes":""},"categories":[40],"tags":[],"class_list":{"0":"post-4892","1":"post","2":"type-post","3":"status-publish","4":"format-standard","5":"has-post-thumbnail","7":"category-caykara"},"_links":{"self":[{"href":"https:\/\/zeleka.com\/index.php?rest_route=\/wp\/v2\/posts\/4892","targetHints":{"allow":["GET"]}}],"collection":[{"href":"https:\/\/zeleka.com\/index.php?rest_route=\/wp\/v2\/posts"}],"about":[{"href":"https:\/\/zeleka.com\/index.php?rest_route=\/wp\/v2\/types\/post"}],"author":[{"embeddable":true,"href":"https:\/\/zeleka.com\/index.php?rest_route=\/wp\/v2\/users\/1"}],"replies":[{"embeddable":true,"href":"https:\/\/zeleka.com\/index.php?rest_route=%2Fwp%2Fv2%2Fcomments&post=4892"}],"version-history":[{"count":0,"href":"https:\/\/zeleka.com\/index.php?rest_route=\/wp\/v2\/posts\/4892\/revisions"}],"wp:featuredmedia":[{"embeddable":true,"href":"https:\/\/zeleka.com\/index.php?rest_route=\/wp\/v2\/media\/4893"}],"wp:attachment":[{"href":"https:\/\/zeleka.com\/index.php?rest_route=%2Fwp%2Fv2%2Fmedia&parent=4892"}],"wp:term":[{"taxonomy":"category","embeddable":true,"href":"https:\/\/zeleka.com\/index.php?rest_route=%2Fwp%2Fv2%2Fcategories&post=4892"},{"taxonomy":"post_tag","embeddable":true,"href":"https:\/\/zeleka.com\/index.php?rest_route=%2Fwp%2Fv2%2Ftags&post=4892"}],"curies":[{"name":"wp","href":"https:\/\/api.w.org\/{rel}","templated":true}]}}