{"id":4886,"date":"2025-08-20T21:29:36","date_gmt":"2025-08-20T18:29:36","guid":{"rendered":"https:\/\/zeleka.com\/?p=4886"},"modified":"2025-08-20T21:29:36","modified_gmt":"2025-08-20T18:29:36","slug":"uzungol-camlik-mahallesinden-1973-1980-yillari-arasi-uzungol-belediye-baskanligi-gorevini-yurutmus-olan-merhum-salih-kocamanin-torunu-havva-asim-kocaman","status":"publish","type":"post","link":"https:\/\/zeleka.com\/?p=4886","title":{"rendered":"<div id=\"detaymetin\">                            <p>Uzung\u00f6l \u00c7aml\u0131k Mahallesinden 1973-1980 Y\u0131llar\u0131 aras\u0131 Uzung\u00f6l Belediye Ba\u015fkanl\u0131\u011f\u0131 g\u00f6revini y\u00fcr\u00fctm\u00fc\u015f olan Merhum Salih Kocaman\u2019\u0131n Torunu Havva &#038; As\u0131m Kocaman\u2019\u0131n o\u011flu Ahmet ile Mardi"},"content":{"rendered":"<div id=\"detaymetin\">\n<p>Uzung\u00f6l \u00c7aml\u0131k Mahallesinden 1973-1980 Y\u0131llar\u0131 aras\u0131 Uzung\u00f6l Belediye Ba\u015fkanl\u0131\u011f\u0131 g\u00f6revini y\u00fcr\u00fctm\u00fc\u015f olan Merhum Salih Kocaman\u2019\u0131n Torunu Havva &#038; As\u0131m Kocaman\u2019\u0131n o\u011flu Ahmet ile Mardin\u2019den Hamdiye &#038; H\u00fcseyin Bilem \u00e7iftinin d\u00fcnyalar g\u00fczeli k\u0131zlar\u0131 Demet g\u00f6n\u00fcl dostlar\u0131na \u015fu \u015fekilde sesleniyorlar.<\/p>\n<p>\u00d6mr\u00fcm\u00fcz\u00fcn en mutlu dakikalar\u0131na ilk ad\u0131m\u0131m\u0131z\u0131 ataca\u011f\u0131m\u0131z hayat\u0131m\u0131z\u0131n en mutlu g\u00fcnlerinde siz k\u0131ymetl,i g\u00f6n\u00fcl dostlar\u0131m\u0131z\u0131 yan\u0131m\u0131zda g\u00f6rmek mutlulu\u011fumuzu ikiye katlayacakt\u0131r.<\/p>\n<p>Gen\u00e7 \u00e7iftlerin K\u0131na T\u00f6renleri 20 A\u011fustos 2025 \u00c7ar\u015famba g\u00fcn\u00fc saat 19.00\u2019da Mardin\u2019de Bilen Tesisleri Kapal\u0131 Salon\u2019da ger\u00e7ekle\u015ftiriliyor.<\/p>\n<p>D\u00fc\u011f\u00fcn T\u00f6renleri ise 23 A\u011fustos 2025 Cumartesi Saat 19.00\u2019da Uzung\u00f6l Sezgin Otel Restaurant\u2019ta ger\u00e7ekle\u015ftirilecek.<\/p>\n<figure><img decoding=\"async\" src=\"https:\/\/caykaragundem.com\/resimler\/2025-8\/20\/422471424790729.webp\"><\/figure>\n<p>Damad\u0131n babas\u0131 Uzung\u00f6l\u2019\u00fcn sevilen ismi As\u0131m Kocaman gazetemiz arac\u0131l\u0131\u011f\u0131 ile yapm\u0131\u015f oldu\u011fu a\u00e7\u0131klamada \u015fu ifadelere yer verdi.<\/p>\n<p>Kocaman ve Bilem Aileleri olarak aylard\u0131r tatl\u0131 bir tela\u015f ve ko\u015fu\u015fturma i\u00e7erisindeyiz.Karadeniz B\u00f6lgesinden G\u00fcneydo\u011fu Anadolu B\u00f6lgesine uzanan bu tatl\u0131 g\u00f6n\u00fcl k\u00f6pr\u00fcs\u00fcn\u00fcn tatl\u0131 tela\u015f\u0131 i\u00e7erisinde bulunuyoruz.Her iki aile olarak da imkanlar\u0131m\u0131z \u00f6l\u00e7\u00fcs\u00fcnde bu tatl\u0131 ko\u015fu\u015fturma s\u00fcrecinde t\u00fcm g\u00f6n\u00fcl dostlar\u0131m\u0131za ula\u015fabilme gayreti i\u00e7erisinde olduk.<\/p>\n<figure><img decoding=\"async\" src=\"https:\/\/caykaragundem.com\/resimler\/2025-8\/20\/582541843492002.webp\"><\/figure>\n<p>Ancak sizler de takdir edersiniz ki bu tatl\u0131 ko\u015fu\u015fturma s\u00fcreci i\u00e7erisinde unutmu\u015f olabilece\u011fimiz ya da g\u00f6zden ka\u00e7an g\u00f6n\u00fcl dostlar\u0131m\u0131z bulunabilir.<\/p>\n<p>Bu vesile ile Kocaman ve Bilem aileleri olarak 20 A\u011fustos 2025 \u00c7ar\u015famba G\u00fcn\u00fc Mardin\u2019de ve 23 A\u011fustos 2025 Cumartesi ak\u015fam\u0131 saat 19.00\u2019da Uzung\u00f6l Sezgin Otel Restaurant\u2019ta ger\u00e7ekle\u015ftirece\u011fimiz k\u0131na ve d\u00fc\u011f\u00fcn t\u00f6renlerimizde t\u00fcm g\u00f6n\u00fcl dostlar\u0131m\u0131z\u0131 yan\u0131m\u0131zda g\u00f6rmek istiyoruz.<\/p>\n<p>KINA T\u00d6REN\u0130<\/p>\n<p>TAR\u0130H:20 A\u011fustos 2025 \u00c7ar\u015famba<\/p>\n<p>SAAT:19.00<\/p>\n<p>YER:B\u0130LEN TES\u0130SLER\u0130 KAPALI SALON \u00a0MARD\u0130N<\/p>\n<p>D\u00dc\u011e\u00dcN T\u00d6REN\u0130<\/p>\n<p>TAR\u0130H:23 A\u011fustos 2025 CUMARTES\u0130<\/p>\n<p>SAAT:19.00<\/p>\n<p>YER:SEZG\u0130N OTEL RESTAURANT UZUNG\u00d6L \u00c7AYKARA TRABZON<\/p>\n<p>,<\/p>\n<p>          <\/div>\n","protected":false},"excerpt":{"rendered":"<p>Uzung\u00f6l \u00c7aml\u0131k Mahallesinden 1973-1980 Y\u0131llar\u0131 aras\u0131 Uzung\u00f6l Belediye Ba\u015fkanl\u0131\u011f\u0131 g\u00f6revini y\u00fcr\u00fctm\u00fc\u015f olan Merhum Salih Kocaman\u2019\u0131n Torunu Havva &#038; As\u0131m Kocaman\u2019\u0131n o\u011flu Ahmet ile Mardin\u2019den Hamdiye &#038; H\u00fcseyin Bilem \u00e7iftinin d\u00fcnyalar g\u00fczeli k\u0131zlar\u0131 Demet g\u00f6n\u00fcl dostlar\u0131na \u015fu \u015fekilde sesleniyorlar. \u00d6mr\u00fcm\u00fcz\u00fcn en mutlu dakikalar\u0131na ilk ad\u0131m\u0131m\u0131z\u0131 ataca\u011f\u0131m\u0131z hayat\u0131m\u0131z\u0131n en mutlu g\u00fcnlerinde siz k\u0131ymetl,i g\u00f6n\u00fcl dostlar\u0131m\u0131z\u0131 yan\u0131m\u0131zda g\u00f6rmek [&hellip;]<\/p>\n","protected":false},"author":1,"featured_media":4887,"comment_status":"open","ping_status":"open","sticky":false,"template":"","format":"standard","meta":{"tdm_status":"","tdm_grid_status":"","footnotes":""},"categories":[40],"tags":[],"class_list":{"0":"post-4886","1":"post","2":"type-post","3":"status-publish","4":"format-standard","5":"has-post-thumbnail","7":"category-caykara"},"_links":{"self":[{"href":"https:\/\/zeleka.com\/index.php?rest_route=\/wp\/v2\/posts\/4886","targetHints":{"allow":["GET"]}}],"collection":[{"href":"https:\/\/zeleka.com\/index.php?rest_route=\/wp\/v2\/posts"}],"about":[{"href":"https:\/\/zeleka.com\/index.php?rest_route=\/wp\/v2\/types\/post"}],"author":[{"embeddable":true,"href":"https:\/\/zeleka.com\/index.php?rest_route=\/wp\/v2\/users\/1"}],"replies":[{"embeddable":true,"href":"https:\/\/zeleka.com\/index.php?rest_route=%2Fwp%2Fv2%2Fcomments&post=4886"}],"version-history":[{"count":0,"href":"https:\/\/zeleka.com\/index.php?rest_route=\/wp\/v2\/posts\/4886\/revisions"}],"wp:featuredmedia":[{"embeddable":true,"href":"https:\/\/zeleka.com\/index.php?rest_route=\/wp\/v2\/media\/4887"}],"wp:attachment":[{"href":"https:\/\/zeleka.com\/index.php?rest_route=%2Fwp%2Fv2%2Fmedia&parent=4886"}],"wp:term":[{"taxonomy":"category","embeddable":true,"href":"https:\/\/zeleka.com\/index.php?rest_route=%2Fwp%2Fv2%2Fcategories&post=4886"},{"taxonomy":"post_tag","embeddable":true,"href":"https:\/\/zeleka.com\/index.php?rest_route=%2Fwp%2Fv2%2Ftags&post=4886"}],"curies":[{"name":"wp","href":"https:\/\/api.w.org\/{rel}","templated":true}]}}