{"id":4884,"date":"2025-08-20T21:29:37","date_gmt":"2025-08-20T18:29:37","guid":{"rendered":"https:\/\/zeleka.com\/?p=4884"},"modified":"2025-08-20T21:29:37","modified_gmt":"2025-08-20T18:29:37","slug":"trabzonun-caykara-ilcesinde-karacam-muhtarligi-tarafindan-organize-edilen-geleneksel-19-turnali-yayla-senligi-23-agustos-2025-cumartesi-gunu-gerceklestiriliyor-ka","status":"publish","type":"post","link":"https:\/\/zeleka.com\/?p=4884","title":{"rendered":"<div id=\"detaymetin\">                            <p>Trabzon\u2019un \u00c7aykara \u0130l\u00e7esinde Kara\u00e7am Muhtarl\u0131\u011f\u0131 taraf\u0131ndan Organize edilen Geleneksel 19. Turnal\u0131 Yayla \u015eenli\u011fi 23 A\u011fustos 2025 Cumartesi G\u00fcn\u00fc ger\u00e7ekle\u015ftiriliyor.<\/p><p>Kara\u00e7am Mahalle"},"content":{"rendered":"<div id=\"detaymetin\">\n<p>Trabzon\u2019un \u00c7aykara \u0130l\u00e7esinde Kara\u00e7am Muhtarl\u0131\u011f\u0131 taraf\u0131ndan Organize edilen Geleneksel 19. Turnal\u0131 Yayla \u015eenli\u011fi 23 A\u011fustos 2025 Cumartesi G\u00fcn\u00fc ger\u00e7ekle\u015ftiriliyor.<\/p>\n<p>Kara\u00e7am Mahallesi Muhtar\u0131 Alaaddin \u015eeker y\u00f6netiminde profesyonel bir \u00e7al\u0131\u015fma ekibi taraf\u0131ndan haz\u0131rlanan \u015fenli\u011fin her y\u0131l oldu\u011fu gibi bu y\u0131l da \u00e7ok yo\u011fun bir kat\u0131l\u0131m ile ger\u00e7ekle\u015fece\u011fi tahmin ediliyor.<\/p>\n<figure><img decoding=\"async\" src=\"https:\/\/caykaragundem.com\/resimler\/2025-8\/20\/4366282075112.webp\"><\/figure>\n<p>D\u00fcnyan\u0131n her taraf\u0131nda ya\u015fayan ve memleket hasreti \u00e7eken \u00c7aykara\u2019l\u0131,Trabzon\u2019lu hem\u015ferilerimiz Turnal\u0131 Yayla \u015eenlikleri ile hem memleket \u00f6zlemlerini gideriyorlar,hem senelerdir g\u00f6remedikleri dostlar\u0131 ile arkada\u015flar\u0131 ile hasret gideriyorlar hem de m\u00fczik organizasyonu ile unutamayacaklar\u0131 muhte\u015fem bir g\u00fcn ya\u015f\u0131yorlar.<\/p>\n<p>Geleneksel 19. Turnal\u0131 Yayla \u015eenli\u011fi ge\u00e7ti\u011fimiz senelerde oldu\u011fu gibi bu y\u0131l da \u00c7AY TV ekranlar\u0131ndan canl\u0131 olarak yay\u0131nlanacak.<\/p>\n<p>\u00a0Karadeniz M\u00fczi\u011finin birbirinden g\u00fc\u00e7l\u00fc isimleri Geleneksel 19.Turnal\u0131 Yayla \u015eenli\u011finde hayranlar\u0131 ile bulu\u015facak.<\/p>\n<p>Kaval \u00dcstad\u0131 Nurettin Kahveci,Kalvyede \u00c7aykara M\u00fczi\u011finin efsane ismi Turan Kanbero\u011flu ve Kemen\u00e7e\u2019de Karadeniz M\u00fczi\u011finin dev ismi Tahsin Terzi sahnede olacaklar.<\/p>\n<p>Tuncay Gargar,Seyfettin \u00c7ak\u0131ral,Nesrullah Sivaz,Co\u015fkun Arslan,\u00d6zg\u00fcr Sel\u00e7uk ve Adem Ekiz ile birlikte s\u00fcrpriz sanat\u00e7\u0131lar\u0131n da kat\u0131l\u0131m sa\u011flayacaklar\u0131 \u015fenli\u011fin muhte\u015fem bir organizasyon ile ger\u00e7ekle\u015fmesi planlan\u0131yor.<\/p>\n<figure><img decoding=\"async\" src=\"https:\/\/caykaragundem.com\/resimler\/2025-8\/20\/629871292240886.webp\"><\/figure>\n<p>\u015eenlik Organizat\u00f6r\u00fc Kara\u00e7am \u00a0Muhtar\u0131 Alaaddin \u015eeker gazetemize yapt\u0131\u011f\u0131 a\u00e7\u0131klamada \u015fu ifadelere yer verdi.<\/p>\n<p>Dostlu,karde\u015flik,payla\u015fma ve dayan\u0131\u015fman\u0131n \u00f6n planda oldu\u011fu insanlar\u0131m\u0131z\u0131n birbirleri ile bulu\u015fmay\u0131 \u00f6zlem ile bekledikleri yeni bir \u015fenlik organizasyonuna daha merhaba demeye haz\u0131rlan\u0131yoruz.<\/p>\n<figure><img decoding=\"async\" src=\"https:\/\/caykaragundem.com\/resimler\/2025-8\/20\/256341708370889.webp\"><\/figure>\n<p>\u015eenli\u011fimizin bundan \u00f6nceki senelerde oldu\u011fu gibi bu y\u0131l da \u00e7ok yo\u011fun bir kat\u0131l\u0131m ile ger\u00e7ekle\u015fece\u011fini tahmin ediyoruz.<\/p>\n<p>Karadeniz M\u00fczi\u011fimizin birbirinden k\u0131ymetli isimlerini \u015fenlik kapsam\u0131nda hem\u015ferilerimiz ile bulu\u015fturman\u0131n mutlulu\u011funu ya\u015f\u0131yoruz.<\/p>\n<p>Aylard\u0131r Turnal\u0131 yaylas\u0131nda yol geni\u015fletme bak\u0131m onar\u0131m \u00e7al\u0131\u015fmalar\u0131n\u0131n yan\u0131 s\u0131ra altyap\u0131 anlam\u0131nda da yo\u011f\u011fun bir \u00e7al\u0131\u015fma temposu ger\u00e7ekle\u015ftirerek vatanda\u015flar\u0131m\u0131z\u0131n her y\u00f6n\u00fc ile kusursuz bir \u015fenlik g\u00fcn\u00fc ya\u015famalar\u0131 i\u00e7in gereken t\u00fcm \u00e7al\u0131\u015fmalar\u0131 ger\u00e7ekle\u015ftirdik.<\/p>\n<p>23 A\u011fustos 2025 Cumartesi g\u00fcn\u00fc T\u00fcm hem\u015ferilerimizi dostlar\u0131,sevdikleri ve aileleri ile birlikte Geleneksel 19. Turnal\u0131 Yayla \u015eenliklerimize bekliyoruz.<\/p>\n<p>          <\/div>\n","protected":false},"excerpt":{"rendered":"<p>Trabzon\u2019un \u00c7aykara \u0130l\u00e7esinde Kara\u00e7am Muhtarl\u0131\u011f\u0131 taraf\u0131ndan Organize edilen Geleneksel 19. Turnal\u0131 Yayla \u015eenli\u011fi 23 A\u011fustos 2025 Cumartesi G\u00fcn\u00fc ger\u00e7ekle\u015ftiriliyor. Kara\u00e7am Mahallesi Muhtar\u0131 Alaaddin \u015eeker y\u00f6netiminde profesyonel bir \u00e7al\u0131\u015fma ekibi taraf\u0131ndan haz\u0131rlanan \u015fenli\u011fin her y\u0131l oldu\u011fu gibi bu y\u0131l da \u00e7ok yo\u011fun bir kat\u0131l\u0131m ile ger\u00e7ekle\u015fece\u011fi tahmin ediliyor. D\u00fcnyan\u0131n her taraf\u0131nda ya\u015fayan ve memleket hasreti \u00e7eken [&hellip;]<\/p>\n","protected":false},"author":1,"featured_media":4885,"comment_status":"open","ping_status":"open","sticky":false,"template":"","format":"standard","meta":{"tdm_status":"","tdm_grid_status":"","footnotes":""},"categories":[40],"tags":[],"class_list":{"0":"post-4884","1":"post","2":"type-post","3":"status-publish","4":"format-standard","5":"has-post-thumbnail","7":"category-caykara"},"_links":{"self":[{"href":"https:\/\/zeleka.com\/index.php?rest_route=\/wp\/v2\/posts\/4884","targetHints":{"allow":["GET"]}}],"collection":[{"href":"https:\/\/zeleka.com\/index.php?rest_route=\/wp\/v2\/posts"}],"about":[{"href":"https:\/\/zeleka.com\/index.php?rest_route=\/wp\/v2\/types\/post"}],"author":[{"embeddable":true,"href":"https:\/\/zeleka.com\/index.php?rest_route=\/wp\/v2\/users\/1"}],"replies":[{"embeddable":true,"href":"https:\/\/zeleka.com\/index.php?rest_route=%2Fwp%2Fv2%2Fcomments&post=4884"}],"version-history":[{"count":0,"href":"https:\/\/zeleka.com\/index.php?rest_route=\/wp\/v2\/posts\/4884\/revisions"}],"wp:featuredmedia":[{"embeddable":true,"href":"https:\/\/zeleka.com\/index.php?rest_route=\/wp\/v2\/media\/4885"}],"wp:attachment":[{"href":"https:\/\/zeleka.com\/index.php?rest_route=%2Fwp%2Fv2%2Fmedia&parent=4884"}],"wp:term":[{"taxonomy":"category","embeddable":true,"href":"https:\/\/zeleka.com\/index.php?rest_route=%2Fwp%2Fv2%2Fcategories&post=4884"},{"taxonomy":"post_tag","embeddable":true,"href":"https:\/\/zeleka.com\/index.php?rest_route=%2Fwp%2Fv2%2Ftags&post=4884"}],"curies":[{"name":"wp","href":"https:\/\/api.w.org\/{rel}","templated":true}]}}