{"id":4882,"date":"2025-08-20T21:29:38","date_gmt":"2025-08-20T18:29:38","guid":{"rendered":"https:\/\/zeleka.com\/?p=4882"},"modified":"2025-08-20T21:29:38","modified_gmt":"2025-08-20T18:29:38","slug":"trabzonun-caykara-ilcesine-bagli-kusmer-yaylasinda-20-agustos-2025-carsamba-gunu-yildiz-yagmuru-yasandikaradeniz-muziginin-bir-cok-guclu-ismi-geleneksel-kusmer-yay","status":"publish","type":"post","link":"https:\/\/zeleka.com\/?p=4882","title":{"rendered":"<div id=\"detaymetin\">                            <p>Trabzon\u2019un \u00c7aykara \u0130l\u00e7esine ba\u011fl\u0131 Ku\u015fmer Yaylas\u0131nda 20 A\u011fustos 2025 \u00c7ar\u015famba G\u00fcn\u00fc Y\u0131ld\u0131z ya\u011fmuru ya\u015fand\u0131<\/p><p>Karadeniz M\u00fczi\u011finin bir \u00e7ok g\u00fc\u00e7l\u00fc ismi Geleneksel Ku\u015fmer Yayla \u015ee"},"content":{"rendered":"<div id=\"detaymetin\">\n<p>Trabzon\u2019un \u00c7aykara \u0130l\u00e7esine ba\u011fl\u0131 Ku\u015fmer Yaylas\u0131nda 20 A\u011fustos 2025 \u00c7ar\u015famba G\u00fcn\u00fc Y\u0131ld\u0131z ya\u011fmuru ya\u015fand\u0131<\/p>\n<p>Karadeniz M\u00fczi\u011finin bir \u00e7ok g\u00fc\u00e7l\u00fc ismi Geleneksel Ku\u015fmer Yayla \u015eenlikleri kapsam\u0131nda m\u00fczik dostlar\u0131 ile bulu\u015ftu.<\/p>\n<figure><img decoding=\"async\" src=\"https:\/\/caykaragundem.com\/resimler\/2025-8\/20\/635821114168735.webp\"><\/figure>\n<p>Enerji ve Tabii Kaynaklar Bakan\u0131 Alparslan Albayrak \u015eenli\u011fe kat\u0131l\u0131m sa\u011flayarak \u015eahinkaya Mahallesinin \u015eenlik co\u015fkusunu ya\u015fad\u0131.<\/p>\n<p>\u015eenlik Organizasyonuna Enerji ve Tabii Kaynaklar Bakan\u0131 Alparslan Bayraktar\u2019\u0131n yan\u0131 s\u0131ra Trabzon B\u00fcy\u00fck\u015fehir Belediye Ba\u015fkan\u0131 Ahmet Metin Gen\u00e7,Dernekpazar\u0131 Belediye Ba\u015fkan\u0131 Dr. Mehmet A\u015f\u0131k,\u00c7aykara Kaymakam\u0131 Ali Sapmaz,\u00c7aykara Belediye Ba\u015fkan\u0131 Hanefi Tok,\u00c7aykara \u0130l\u00e7e Jandarma Komutan\u0131 \u00dcste\u011fmen Emre Can Narin,\u00c7aykara \u0130l\u00e7e Emniyet Amiri Komiser Alparslan Albayrak da kat\u0131l\u0131m sa\u011flad\u0131.<\/p>\n<figure><img decoding=\"async\" src=\"https:\/\/caykaragundem.com\/resimler\/2025-8\/20\/2749310184110.webp\"><\/figure>\n<p>\u00c7aykara \u0130l\u00e7esinin Sanat\u00e7\u0131 Mahallesi olarak bilinen \u015eahinkaya Mahallesinin yeti\u015ftirmi\u015f oldu\u011fu Sanat\u00e7\u0131lar Vefa kavram\u0131n\u0131n ne kadar \u00f6nemli oldu\u011funu ortaya koyarak kendi yayla \u015fenliklerinde sahne ald\u0131lar<\/p>\n<p>Karadeniz M\u00fczi\u011finin g\u00fc\u00e7l\u00fc sesleri Ra\u015fit Fuzo\u011flu,Furkan Kama,Onay \u015eahin,Sinan Sami,\u00d6zg\u00fcr Sel\u00e7uk,U\u011fur \u015eahin ve Cengiz Selimo\u011flu \u015eenlikte sahne alarak kat\u0131l\u0131mc\u0131lara unutamayacaklar\u0131 muhte\u015fem bir g\u00fcn ya\u015fatt\u0131lar..<\/p>\n<p>\u015eahinkaya Mahallesi Muhtar\u0131 Mehmet Nuri Okur gazetemize yapt\u0131\u011f\u0131 a\u00e7\u0131klamada \u015fu ifadelere yer verdi.<\/p>\n<figure><img decoding=\"async\" src=\"https:\/\/caykaragundem.com\/resimler\/2025-8\/20\/44990862386744.webp\"><\/figure>\n<p>Bilindi\u011fi gibi Ku\u015fmer yaylam\u0131z \u00c7aykara \u0130l\u00e7emizin en g\u00fczel ve de ayn\u0131 zamanda en kalabal\u0131k yaylalar\u0131ndan bir tanesidir.<\/p>\n<p>2025 Y\u0131l\u0131nda Organizasyon Komitesi ve Sanat\u00e7\u0131 dostlar\u0131m\u0131z ile ger\u00e7ekle\u015ftirmi\u015f oldu\u011fumuz g\u00f6r\u00fc\u015fme ve toplant\u0131lar\u0131n ard\u0131ndan bu y\u0131l \u015eenli\u011fimizi ger\u00e7ekle\u015ftirme karar\u0131 ald\u0131k.<\/p>\n<p>Bu konuda duyarl\u0131l\u0131klar\u0131ndan dolay\u0131 t\u00fcm sanat\u00e7\u0131 dostlar\u0131m\u0131za te\u015fekk\u00fcr ediyoruz.<\/p>\n<figure><img decoding=\"async\" src=\"https:\/\/caykaragundem.com\/resimler\/2025-8\/20\/595771042280914.webp\"><\/figure>\n<p>20 A\u011fustos \u00c7ar\u015famba g\u00fcn\u00fc t\u00fcm g\u00f6n\u00fcl dostlar\u0131m\u0131z\u0131 Ku\u015fmer Yayla \u015eenliklerimizi ger\u00e7ekle\u015ftirdik.<\/p>\n<p>\u015eenlik Organizasyonumuz \u00e7ok yo\u011fun bir kat\u0131l\u0131m ile ger\u00e7ekle\u015fti.<\/p>\n<p>Ba\u015fta Sanat\u00e7\u0131 Dostlar\u0131m\u0131z olmak \u00fczere \u015eenlik Organizasyonumuza kat\u0131l\u0131m sa\u011flayan t\u00fcm g\u00f6n\u00fcl dostlar\u0131m\u0131za Organizasyon komitesi ad\u0131na minnet duygular\u0131m\u0131z\u0131 iletiyoruz.<\/p>\n<p>          <\/div>\n","protected":false},"excerpt":{"rendered":"<p>Trabzon\u2019un \u00c7aykara \u0130l\u00e7esine ba\u011fl\u0131 Ku\u015fmer Yaylas\u0131nda 20 A\u011fustos 2025 \u00c7ar\u015famba G\u00fcn\u00fc Y\u0131ld\u0131z ya\u011fmuru ya\u015fand\u0131 Karadeniz M\u00fczi\u011finin bir \u00e7ok g\u00fc\u00e7l\u00fc ismi Geleneksel Ku\u015fmer Yayla \u015eenlikleri kapsam\u0131nda m\u00fczik dostlar\u0131 ile bulu\u015ftu. Enerji ve Tabii Kaynaklar Bakan\u0131 Alparslan Albayrak \u015eenli\u011fe kat\u0131l\u0131m sa\u011flayarak \u015eahinkaya Mahallesinin \u015eenlik co\u015fkusunu ya\u015fad\u0131. \u015eenlik Organizasyonuna Enerji ve Tabii Kaynaklar Bakan\u0131 Alparslan Bayraktar\u2019\u0131n yan\u0131 s\u0131ra [&hellip;]<\/p>\n","protected":false},"author":1,"featured_media":4883,"comment_status":"open","ping_status":"open","sticky":false,"template":"","format":"standard","meta":{"tdm_status":"","tdm_grid_status":"","footnotes":""},"categories":[40],"tags":[],"class_list":{"0":"post-4882","1":"post","2":"type-post","3":"status-publish","4":"format-standard","5":"has-post-thumbnail","7":"category-caykara"},"_links":{"self":[{"href":"https:\/\/zeleka.com\/index.php?rest_route=\/wp\/v2\/posts\/4882","targetHints":{"allow":["GET"]}}],"collection":[{"href":"https:\/\/zeleka.com\/index.php?rest_route=\/wp\/v2\/posts"}],"about":[{"href":"https:\/\/zeleka.com\/index.php?rest_route=\/wp\/v2\/types\/post"}],"author":[{"embeddable":true,"href":"https:\/\/zeleka.com\/index.php?rest_route=\/wp\/v2\/users\/1"}],"replies":[{"embeddable":true,"href":"https:\/\/zeleka.com\/index.php?rest_route=%2Fwp%2Fv2%2Fcomments&post=4882"}],"version-history":[{"count":0,"href":"https:\/\/zeleka.com\/index.php?rest_route=\/wp\/v2\/posts\/4882\/revisions"}],"wp:featuredmedia":[{"embeddable":true,"href":"https:\/\/zeleka.com\/index.php?rest_route=\/wp\/v2\/media\/4883"}],"wp:attachment":[{"href":"https:\/\/zeleka.com\/index.php?rest_route=%2Fwp%2Fv2%2Fmedia&parent=4882"}],"wp:term":[{"taxonomy":"category","embeddable":true,"href":"https:\/\/zeleka.com\/index.php?rest_route=%2Fwp%2Fv2%2Fcategories&post=4882"},{"taxonomy":"post_tag","embeddable":true,"href":"https:\/\/zeleka.com\/index.php?rest_route=%2Fwp%2Fv2%2Ftags&post=4882"}],"curies":[{"name":"wp","href":"https:\/\/api.w.org\/{rel}","templated":true}]}}