{"id":4880,"date":"2025-08-20T21:29:39","date_gmt":"2025-08-20T18:29:39","guid":{"rendered":"https:\/\/zeleka.com\/?p=4880"},"modified":"2025-08-20T21:29:39","modified_gmt":"2025-08-20T18:29:39","slug":"her-sene-geleneksel-olarak-gerceklestirilen-sultanmurat-yaylasi-yayla-senligi-20-agustos-2025-carsamba-gunu-gerceklestirildi-senlik-trabzon-buyuksehir-belediyesi","status":"publish","type":"post","link":"https:\/\/zeleka.com\/?p=4880","title":{"rendered":"<div id=\"detaymetin\">                            <p><span>Her sene Geleneksel olarak ger\u00e7ekle\u015ftirilen Sultanmurat Yaylas\u0131 Yayla \u015eenli\u011fi 20 A\u011fustos 2025 \u00c7ar\u015famba G\u00fcn\u00fc ger\u00e7ekle\u015ftirildi.<\/span><\/p><p><span>\u015eenlik Trabzon B\u00fcy\u00fck\u015fehir Belediyesi"},"content":{"rendered":"<div id=\"detaymetin\">\n<p><span>Her sene Geleneksel olarak ger\u00e7ekle\u015ftirilen Sultanmurat Yaylas\u0131 Yayla \u015eenli\u011fi 20 A\u011fustos 2025 \u00c7ar\u015famba G\u00fcn\u00fc ger\u00e7ekle\u015ftirildi.<\/span><\/p>\n<p><span>\u015eenlik Trabzon B\u00fcy\u00fck\u015fehir Belediyesi ile \u00a0\u00c7aykara Belediyesi taraf\u0131ndan Ortak olarak organize ediliyor. \u015eenli\u011fi 20 A\u011fustos 2025 \u00c7ar\u015famba \u00a0G\u00fcn\u00fc \u00a0ger\u00e7ekle\u015ftirildi.\u00a0<\/span><\/p>\n<p>\u015eenlik Organizasyonuna Enerji ve Tabii Kaynaklar Bakan\u0131 Alparslan Bayraktar\u2019\u0131n yan\u0131 s\u0131ra Trabzon B\u00fcy\u00fck\u015fehir Belediye Ba\u015fkan\u0131 Ahmet Metin Gen\u00e7,Dernekpazar\u0131 Belediye Ba\u015fkan\u0131 Dr. Mehmet A\u015f\u0131k,\u00c7aykara Kaymakam\u0131 Ali Sapmaz,\u00c7aykara Belediye Ba\u015fkan\u0131 Hanefi Tok,\u00c7aykara \u0130l\u00e7e Jandarma Komutan\u0131 \u00dcste\u011fmen Emre Can Narin,\u00c7aykara \u0130l\u00e7e Emniyet Amiri Komiser Alparslan Albayrak da kat\u0131l\u0131m sa\u011flad\u0131.<\/p>\n<p><span>Daha \u00d6nceki Senelerde \u00c7aykara Belediyesi taraf\u0131ndan Organize edilen Sultanmurat Yaylas\u0131 \u015eenlikleri 2023 Y\u0131l\u0131nda Trabzon K\u00fclt\u00fcr Yolu Festivalleri Etkinlikleri kapsam\u0131nda Trabzon B\u00fcy\u00fck\u015fehir Belediyesi ve \u00c7aykara Belediyesi taraf\u0131ndan organize edildi.<\/span><\/p>\n<p><span>Her sene gurbetten tatil i\u00e7in \u00c7aykara\u2019ya gelen binlerce \u00c7aykara\u2019l\u0131 ile hem\u015ferilerimizi bir araya getirerek hasret gidermelerini sa\u011flayan,ayr\u0131ca misafirlerin de yo\u011fun bir ilgi g\u00f6sterdikleri ve \u00c7aykara \u0130l\u00e7esinin en yo\u011fun kat\u0131l\u0131m ile ger\u00e7ekle\u015ftirilen Festivallerinden bir tanesi olarak bilinen Sultanmurat \u015eenli\u011finin 2023 y\u0131l\u0131nda da \u00e7ok yo\u011fun bir kat\u0131l\u0131m ile ger\u00e7ekle\u015ftirildi.\u00a0<\/span><\/p>\n<p><span>Geleneksel Sultanmurat \u015eenliklerinde Orkestra ekibinde Kemen\u00e7e\u2019de Tahsin Terzi,,klavyede Furkan Y\u0131lmaz,ba\u011flamada Emirhan Soyt\u00fcrk ve kavalda Nurettin Kahveci sahne ald\u0131lar.\u00a0<\/span><\/p>\n<p><span>Karadeniz \u015eenliklerinin efsane iki sunucusu Efsane Ali\u2019nin Organizat\u00f6rl\u00fc\u011f\u00fcn\u00fc ve sunuculu\u011funu ger\u00e7ekle\u015ftirece\u011fi \u00a0Sultanmurat \u015eenliklerinde Karadeniz M\u00fczi\u011finin birbirinden de\u011ferli Sanat\u00e7\u0131lar\u0131 \u00c7aykara insan\u0131 ile bulu\u015ftu.<\/span><\/p>\n<p><span>Karadeniz M\u00fczi\u011finin g\u00fc\u00e7l\u00fc sesleri Mehmet Tak,H\u0131z\u0131r Din\u00e7er,Adem Ekiz,Yakup Atalay,Seyfettin \u00c7ak\u0131ral,Sedat Keskin,Alparsl\u015fan Akkaya,muhte\u015fem konserleri ile Sultanmurat\u2019ta hayranlar\u0131 ile bulu\u015ftular.<\/span><\/p>\n<p><span>Birlik,beraberlik ve karde\u015fli\u011fin tavan yapt\u0131\u011f\u0131 Geleneksel Sultanmurat Yayla her y\u0131l oldu\u011fu gibi bu y\u0131l da muhte\u015fem bir kat\u0131l\u0131m ile ger\u00e7ekle\u015fti\u011fini \u00a0ifade ederek konu\u015fmas\u0131na ba\u015flayan \u00c7aykara Belediye Ba\u015fkan\u0131 Hanefi Tok Geleneksel Sultanmurat \u015eenliklerinin her sene insanlar\u0131m\u0131z\u0131n bulu\u015fma ve hasret giderme \u00f6zelli\u011fi ta\u015f\u0131d\u0131\u011f\u0131n\u0131 yurt i\u00e7inde ve yurt d\u0131\u015f\u0131nda ikamet edip yaz tatili i\u00e7in \u00c7aykara \u0130l\u00e7esine gelen misafirlerimizin bulu\u015fma,hasret giderme ve \u00e7ocukluk an\u0131lar\u0131n\u0131 tazeleme \u00f6zelli\u011fi ta\u015f\u0131d\u0131\u011f\u0131n\u0131 ifade etti.\u00a0<\/span><\/p>\n<p><span>Sultanmurat \u015eenliklerinin Organizasyonun \u00c7aykara Belediyesi taraf\u0131ndan ger\u00e7ekle\u015ftirildi\u011fini an\u0131msatan \u00c7aykara Belediye Ba\u015fkan\u0131 Hanefi Tok,Ulusal bir \u015eenlik format\u0131na ula\u015ft\u0131rmak i\u00e7in Trabzon B\u00fcy\u00fck\u015fehir Belediye Ba\u015fkan\u0131 Hem\u015ferimiz Say\u0131n Ahmet Metin Gen\u00e7 \u00a0ile birlikte bu organizasyonu planlad\u0131klar\u0131n\u0131 20 A\u011fustos 2025 \u00c7ar\u015famba \u00a0G\u00fcn\u00fc t\u00fcm hem\u015ferilerimizi Sultanmurat \u015eenliklerinde tekrar vatanda\u015flar ile bulu\u015fman\u0131n mutlulu\u011funu ya\u015fad\u0131klar\u0131n\u0131 ifade etti.<\/span><\/p>\n<p>          <\/div>\n","protected":false},"excerpt":{"rendered":"<p>Her sene Geleneksel olarak ger\u00e7ekle\u015ftirilen Sultanmurat Yaylas\u0131 Yayla \u015eenli\u011fi 20 A\u011fustos 2025 \u00c7ar\u015famba G\u00fcn\u00fc ger\u00e7ekle\u015ftirildi. \u015eenlik Trabzon B\u00fcy\u00fck\u015fehir Belediyesi ile \u00a0\u00c7aykara Belediyesi taraf\u0131ndan Ortak olarak organize ediliyor. \u015eenli\u011fi 20 A\u011fustos 2025 \u00c7ar\u015famba \u00a0G\u00fcn\u00fc \u00a0ger\u00e7ekle\u015ftirildi.\u00a0 \u015eenlik Organizasyonuna Enerji ve Tabii Kaynaklar Bakan\u0131 Alparslan Bayraktar\u2019\u0131n yan\u0131 s\u0131ra Trabzon B\u00fcy\u00fck\u015fehir Belediye Ba\u015fkan\u0131 Ahmet Metin Gen\u00e7,Dernekpazar\u0131 Belediye Ba\u015fkan\u0131 Dr. [&hellip;]<\/p>\n","protected":false},"author":1,"featured_media":4881,"comment_status":"open","ping_status":"open","sticky":false,"template":"","format":"standard","meta":{"tdm_status":"","tdm_grid_status":"","footnotes":""},"categories":[40],"tags":[],"class_list":{"0":"post-4880","1":"post","2":"type-post","3":"status-publish","4":"format-standard","5":"has-post-thumbnail","7":"category-caykara"},"_links":{"self":[{"href":"https:\/\/zeleka.com\/index.php?rest_route=\/wp\/v2\/posts\/4880","targetHints":{"allow":["GET"]}}],"collection":[{"href":"https:\/\/zeleka.com\/index.php?rest_route=\/wp\/v2\/posts"}],"about":[{"href":"https:\/\/zeleka.com\/index.php?rest_route=\/wp\/v2\/types\/post"}],"author":[{"embeddable":true,"href":"https:\/\/zeleka.com\/index.php?rest_route=\/wp\/v2\/users\/1"}],"replies":[{"embeddable":true,"href":"https:\/\/zeleka.com\/index.php?rest_route=%2Fwp%2Fv2%2Fcomments&post=4880"}],"version-history":[{"count":0,"href":"https:\/\/zeleka.com\/index.php?rest_route=\/wp\/v2\/posts\/4880\/revisions"}],"wp:featuredmedia":[{"embeddable":true,"href":"https:\/\/zeleka.com\/index.php?rest_route=\/wp\/v2\/media\/4881"}],"wp:attachment":[{"href":"https:\/\/zeleka.com\/index.php?rest_route=%2Fwp%2Fv2%2Fmedia&parent=4880"}],"wp:term":[{"taxonomy":"category","embeddable":true,"href":"https:\/\/zeleka.com\/index.php?rest_route=%2Fwp%2Fv2%2Fcategories&post=4880"},{"taxonomy":"post_tag","embeddable":true,"href":"https:\/\/zeleka.com\/index.php?rest_route=%2Fwp%2Fv2%2Ftags&post=4880"}],"curies":[{"name":"wp","href":"https:\/\/api.w.org\/{rel}","templated":true}]}}