{"id":4874,"date":"2025-08-18T21:31:11","date_gmt":"2025-08-18T18:31:11","guid":{"rendered":"https:\/\/zeleka.com\/?p=4874"},"modified":"2025-08-18T21:31:11","modified_gmt":"2025-08-18T18:31:11","slug":"trabzonun-caykara-ilcesinde-bolge-kulturu-bulusma-etkinligi-ile-yasatildi-17-agustos-2025-pazar-gunu-yapilan-zeno-platformu-etkinlikleri-cercevesinde-alaysa-yaylas","status":"publish","type":"post","link":"https:\/\/zeleka.com\/?p=4874","title":{"rendered":"<div id=\"detaymetin\">                            <p>Trabzon\u2019un \u00c7aykara \u0130l\u00e7esinde B\u00f6lge K\u00fclt\u00fcr\u00fc Bulu\u015fma Etkinli\u011fi ile ya\u015fat\u0131ld\u0131.<\/p><p>17 A\u011fustos 2025 pazar g\u00fcn\u00fc yap\u0131lan Zeno Platformu etkinlikleri \u00e7er\u00e7evesinde Alaysa Yaylas\u0131nda ger\u00e7e"},"content":{"rendered":"<div id=\"detaymetin\">\n<p>Trabzon\u2019un \u00c7aykara \u0130l\u00e7esinde B\u00f6lge K\u00fclt\u00fcr\u00fc Bulu\u015fma Etkinli\u011fi ile ya\u015fat\u0131ld\u0131.<\/p>\n<p>17 A\u011fustos 2025 pazar g\u00fcn\u00fc yap\u0131lan Zeno Platformu etkinlikleri \u00e7er\u00e7evesinde Alaysa Yaylas\u0131nda ger\u00e7ekle\u015ftirilen K\u00fclt\u00fcrel Bulu\u015fma Etkinliklerine Trabzon Valisi Aziz Y\u0131ld\u0131r\u0131m, KT\u00dc Rekt\u00f6r\u00fc Prof. Dr. Hamdullah \u00c7uvalc\u0131, \u00c7aykara Kaymakam\u0131 Ali Sapmaz, Dernekpazar\u0131 Kaymakam\u0131 \u00c7a\u011flar Ustao\u011flu,\u00c7aykara Belediye Ba\u015fkan\u0131 Hanefi Tok,Dernekpazar\u0131 Belediye Ba\u015fkan\u0131 Dr. Mehmet A\u015f\u0131k,Zeno Platformu Genel Ba\u015fkan\u0131 Yusuf Cevahir, \u00e7ok say\u0131da misafir ,\u00c7aykara \u0130l\u00e7esincde g\u00f6rev yapan Muhtarlar ve \u00e7ok kalabal\u0131k bir vatanda\u015f toplulu\u011fu kat\u0131l\u0131m sa\u011flad\u0131.<\/p>\n<figure><img decoding=\"async\" src=\"https:\/\/caykaragundem.com\/resimler\/2025-8\/18\/1318521048370074.webp\"><\/figure>\n<p>Etkinlik kapsam\u0131nda Y\u00f6resel etkinlikler. Kalayc\u0131 tezgah\u0131, tahta bi\u00e7me tezgah\u0131, yay\u0131k ile tereya\u011f\u0131 yap\u0131m\u0131,temsili olarak g\u00f6\u00e7 kavram\u0131n\u0131n canland\u0131r\u0131lmas\u0131,temsili olarak insanlar\u0131n ge\u00e7mi\u015f d\u00f6nemlerdeki ya\u015fam \u00f6rneklerinin sahnede canland\u0131r\u0131lmas\u0131,yaylada hayvanlar\u0131n temsili olarak otlat\u0131lmas\u0131n\u0131n canland\u0131r\u0131lmas\u0131,b\u00f6lge k\u00fclt\u00fcr\u00fcn\u00fcn en \u00f6nemli temel yap\u0131 ta\u015flar\u0131ndan bir tanesi olan el h\u0131zar\u0131 ile temsili olarak k\u00fct\u00fck ve odunlar\u0131n bi\u00e7ilmelerinin canland\u0131r\u0131lmas\u0131,temsili olarak \u00e7ay\u0131r bi\u00e7iminin canland\u0131r\u0131lmas\u0131 gibi bir \u00e7ok etkinlik ger\u00e7ekle\u015ftirildi.<\/p>\n<p>BU etkinliklerin yan\u0131 s\u0131ra y\u00f6resel t\u00fcrk\u00fc at\u0131\u015fma ustalar\u0131n\u0131n sahnede atma t\u00fcrk\u00fc okumalar\u0131.\u00e7e\u015fitli \u00e7ocukluk oyunlar\u0131n\u0131n sahnede canland\u0131r\u0131lmalar\u0131 ve dereceye girenlere \u00f6d\u00fcl takdiminin ger\u00e7ekle\u015ftirilmesi gibi bir \u00e7ok etkinlik ger\u00e7ekle\u015ftirildi.<\/p>\n<figure><img decoding=\"async\" src=\"https:\/\/caykaragundem.com\/resimler\/2025-8\/18\/87416876892353.webp\"><\/figure>\n<p>Ulucami Mahallesi Muhtar\u0131 Avni \u00c7akmak yapt\u0131\u011f\u0131 a\u00e7\u0131klamada \u015fu ifadelere yer verdi.<\/p>\n<p>Ulucami ve Akk\u00f6se Mahallelerimizin ortak olarak haz\u0131rlam\u0131\u015f olduklar\u0131 ve Zeno Platformu taraf\u0131ndan organizasyonu ger\u00e7ekle\u015ftirilen Alaysa \u015eenli\u011fimiz muhte\u015fem bir kat\u0131l\u0131m ile ger\u00e7ekle\u015fti.<\/p>\n<p>Trabzon Valisi Aziz Y\u0131ld\u0131r\u0131m, KT\u00dc Rekt\u00f6r\u00fc Prof. Dr. Hamdullah \u00c7uvalc\u0131, \u00c7aykara Kaymakam\u0131 Ali Sapmaz, Dernekpazar\u0131 Kaymakam\u0131 \u00c7a\u011flar Ustao\u011flu,\u00c7aykara Belediye Ba\u015fkan\u0131 Hanefi Tok,Dernekpazar\u0131 Belediye Ba\u015fkan\u0131 Dr. Mehmet A\u015f\u0131k,Zeno Platformu Genel Ba\u015fkan\u0131 Yusuf Cevahir \u015fenli\u011fimize kat\u0131l\u0131m sa\u011flayarak bizleri onurland\u0131rm\u0131\u015flard\u0131r.<\/p>\n<figure><img decoding=\"async\" src=\"https:\/\/caykaragundem.com\/resimler\/2025-8\/18\/109380529585361.webp\"><\/figure>\n<p>Alasya Yaylas\u0131nda ger\u00e7ekle\u015ftirmi\u015f oldu\u011fumuz \u015fenli\u011fimiz tamamen k\u00fclt\u00fcr\u00fcm\u00fcz\u00fc ya\u015fatmaya y\u00f6nelik bir \u015fenlik olma \u00f6zelli\u011fine sahiptir.<\/p>\n<p>Ge\u00e7mi\u015f K\u00fclt\u00fcr\u00fcm\u00fcz\u00fcn ya\u015fat\u0131lmas\u0131 ve g\u00fcn\u00fcm\u00fcz gen\u00e7li\u011finin ge\u00e7mi\u015f k\u00fclt\u00fcr\u00fcm\u00fcz ile tan\u0131\u015fmas\u0131n\u0131 sa\u011flamak ve bu k\u00fclt\u00fcr\u00fc toplum olarak ya\u015famam\u0131z\u0131 sa\u011flamak amac\u0131 ile birbirinden zengin etkinlikler sahnede ya\u015fat\u0131larak k\u00fclt\u00fcr\u00fcm\u00fcz ya\u015fat\u0131lmaya \u00e7al\u0131\u015f\u0131lm\u0131\u015ft\u0131r.<\/p>\n<p>Zeno Platformu olarak gelecek senelerde de bu etkinliklerimize devam edilerek k\u00fclt\u00fcr\u00fcm\u00fcz ya\u015fat\u0131lmaya devam edecektir.<\/p>\n<p>          <\/div>\n","protected":false},"excerpt":{"rendered":"<p>Trabzon\u2019un \u00c7aykara \u0130l\u00e7esinde B\u00f6lge K\u00fclt\u00fcr\u00fc Bulu\u015fma Etkinli\u011fi ile ya\u015fat\u0131ld\u0131. 17 A\u011fustos 2025 pazar g\u00fcn\u00fc yap\u0131lan Zeno Platformu etkinlikleri \u00e7er\u00e7evesinde Alaysa Yaylas\u0131nda ger\u00e7ekle\u015ftirilen K\u00fclt\u00fcrel Bulu\u015fma Etkinliklerine Trabzon Valisi Aziz Y\u0131ld\u0131r\u0131m, KT\u00dc Rekt\u00f6r\u00fc Prof. Dr. Hamdullah \u00c7uvalc\u0131, \u00c7aykara Kaymakam\u0131 Ali Sapmaz, Dernekpazar\u0131 Kaymakam\u0131 \u00c7a\u011flar Ustao\u011flu,\u00c7aykara Belediye Ba\u015fkan\u0131 Hanefi Tok,Dernekpazar\u0131 Belediye Ba\u015fkan\u0131 Dr. Mehmet A\u015f\u0131k,Zeno Platformu Genel Ba\u015fkan\u0131 [&hellip;]<\/p>\n","protected":false},"author":1,"featured_media":4875,"comment_status":"open","ping_status":"open","sticky":false,"template":"","format":"standard","meta":{"tdm_status":"","tdm_grid_status":"","footnotes":""},"categories":[40],"tags":[],"class_list":{"0":"post-4874","1":"post","2":"type-post","3":"status-publish","4":"format-standard","5":"has-post-thumbnail","7":"category-caykara"},"_links":{"self":[{"href":"https:\/\/zeleka.com\/index.php?rest_route=\/wp\/v2\/posts\/4874","targetHints":{"allow":["GET"]}}],"collection":[{"href":"https:\/\/zeleka.com\/index.php?rest_route=\/wp\/v2\/posts"}],"about":[{"href":"https:\/\/zeleka.com\/index.php?rest_route=\/wp\/v2\/types\/post"}],"author":[{"embeddable":true,"href":"https:\/\/zeleka.com\/index.php?rest_route=\/wp\/v2\/users\/1"}],"replies":[{"embeddable":true,"href":"https:\/\/zeleka.com\/index.php?rest_route=%2Fwp%2Fv2%2Fcomments&post=4874"}],"version-history":[{"count":0,"href":"https:\/\/zeleka.com\/index.php?rest_route=\/wp\/v2\/posts\/4874\/revisions"}],"wp:featuredmedia":[{"embeddable":true,"href":"https:\/\/zeleka.com\/index.php?rest_route=\/wp\/v2\/media\/4875"}],"wp:attachment":[{"href":"https:\/\/zeleka.com\/index.php?rest_route=%2Fwp%2Fv2%2Fmedia&parent=4874"}],"wp:term":[{"taxonomy":"category","embeddable":true,"href":"https:\/\/zeleka.com\/index.php?rest_route=%2Fwp%2Fv2%2Fcategories&post=4874"},{"taxonomy":"post_tag","embeddable":true,"href":"https:\/\/zeleka.com\/index.php?rest_route=%2Fwp%2Fv2%2Ftags&post=4874"}],"curies":[{"name":"wp","href":"https:\/\/api.w.org\/{rel}","templated":true}]}}